{"id":5025,"date":"2022-09-05T19:27:18","date_gmt":"2022-09-05T17:27:18","guid":{"rendered":"http:\/\/podkarpacka.iarp.pl\/?p=5025"},"modified":"2022-09-05T19:27:18","modified_gmt":"2022-09-05T17:27:18","slug":"zyczenia-urodzinowe-dla-kolegi-wladyslawa-boczkaja","status":"publish","type":"post","link":"https:\/\/podkarpacka.iarp.pl\/?p=5025","title":{"rendered":"\u017byczenia urodzinowe dla kolegi W\u0142adys\u0142awa Boczkaja"},"content":{"rendered":"<p>[vc_row][vc_column][vc_column_text]<span style=\"font-family: arial, sans-serif;\">Serdeczne \u017cyczenia dla kolegi W\u0142adys\u0142awa Boczkaja z okazji 88 urodzin sk\u0142ada Podkarpacka Okr\u0119gowa Izba Architekt\u00f3w!<\/span><\/p>\n<div>\n<div><span style=\"font-family: arial, sans-serif;\">\u00a0<\/span><\/div>\n<\/div>\n<div>\n<p><span style=\"font-family: arial, sans-serif;\">Bardzo dzi\u0119kujemy za aktywne zaanga\u017cowanie w prac\u0119 PKOIA, szczeg\u00f3lnie za prac\u0119 w Komisji Kwalifikacyjnej od pocz\u0105tku jej dzia\u0142alno\u015bci oraz prac\u0119 na stanowisku zast\u0119pcy przewodnicz\u0105cego Komisji Kwalifikacyjnej, podczas trwania ostatnich trzech kadencji dzia\u0142alno\u015bci PKOIA RP.<\/span><\/p>\n<\/div>\n<p>&nbsp;<\/p>\n<div><span style=\"font-family: arial, sans-serif;\">\u017byczymy tyle samo u\u015bmiechu, pasji i pogody ducha na kolejne 88 lat!<\/span><\/div>\n<div>\n\n\t\t<style type=\"text\/css\">\n\t\t\t#gallery-1 {\n\t\t\t\tmargin: auto;\n\t\t\t}\n\t\t\t#gallery-1 .gallery-item {\n\t\t\t\tfloat: left;\n\t\t\t\tmargin-top: 10px;\n\t\t\t\ttext-align: center;\n\t\t\t\twidth: 25%;\n\t\t\t}\n\t\t\t#gallery-1 img {\n\t\t\t\tborder: 2px solid #cfcfcf;\n\t\t\t}\n\t\t\t#gallery-1 .gallery-caption {\n\t\t\t\tmargin-left: 0;\n\t\t\t}\n\t\t\t\/* see gallery_shortcode() in wp-includes\/media.php *\/\n\t\t<\/style>\n\t\t<div id='gallery-1' class='gallery galleryid-5025 gallery-columns-4 gallery-size-thumbnail'><dl class='gallery-item'>\n\t\t\t<dt class='gallery-icon portrait'>\n\t\t\t\t<img loading=\"lazy\" decoding=\"async\" width=\"150\" height=\"150\" src=\"https:\/\/podkarpacka.iarp.pl\/wp-content\/uploads\/2022\/09\/1661432246207-e1662398681848-150x150.jpg\" class=\"attachment-thumbnail size-thumbnail\" alt=\"\" \/>\n\t\t\t<\/dt><\/dl><dl class='gallery-item'>\n\t\t\t<dt class='gallery-icon portrait'>\n\t\t\t\t<img loading=\"lazy\" decoding=\"async\" width=\"150\" height=\"150\" src=\"https:\/\/podkarpacka.iarp.pl\/wp-content\/uploads\/2022\/09\/1661432246227-e1662398667714-150x150.jpg\" class=\"attachment-thumbnail size-thumbnail\" alt=\"\" \/>\n\t\t\t<\/dt><\/dl><dl class='gallery-item'>\n\t\t\t<dt class='gallery-icon landscape'>\n\t\t\t\t<img loading=\"lazy\" decoding=\"async\" width=\"150\" height=\"150\" src=\"https:\/\/podkarpacka.iarp.pl\/wp-content\/uploads\/2022\/09\/1661432246245-150x150.jpg\" class=\"attachment-thumbnail size-thumbnail\" alt=\"\" \/>\n\t\t\t<\/dt><\/dl><dl class='gallery-item'>\n\t\t\t<dt class='gallery-icon portrait'>\n\t\t\t\t<img loading=\"lazy\" decoding=\"async\" width=\"150\" height=\"150\" src=\"https:\/\/podkarpacka.iarp.pl\/wp-content\/uploads\/2022\/09\/1661432246254-150x150.jpg\" class=\"attachment-thumbnail size-thumbnail\" alt=\"\" srcset=\"https:\/\/podkarpacka.iarp.pl\/wp-content\/uploads\/2022\/09\/1661432246254-150x150.jpg 150w, https:\/\/podkarpacka.iarp.pl\/wp-content\/uploads\/2022\/09\/1661432246254-266x266.jpg 266w\" sizes=\"auto, (max-width: 150px) 100vw, 150px\" \/>\n\t\t\t<\/dt><\/dl><br style=\"clear: both\" \/>\n\t\t<\/div>\n\n<\/div>\n<p>[\/vc_column_text][\/vc_column][\/vc_row]<\/p>\n","protected":false},"excerpt":{"rendered":"<p>[vc_row][vc_column][vc_column_text]Serdeczne \u017cyczenia dla kolegi W\u0142adys\u0142awa Boczkaja z okazji 88 urodzin sk\u0142ada Podkarpacka Okr\u0119gowa Izba Architekt\u00f3w! \u00a0 Bardzo dzi\u0119kujemy za aktywne zaanga\u017cowanie w prac\u0119 PKOIA, szczeg\u00f3lnie za prac\u0119 w Komisji Kwalifikacyjnej od pocz\u0105tku jej dzia\u0142alno\u015bci oraz prac\u0119 na stanowisku zast\u0119pcy przewodnicz\u0105cego Komisji Kwalifikacyjnej, podczas trwania ostatnich trzech kadencji dzia\u0142alno\u015bci PKOIA RP. &nbsp; \u017byczymy tyle samo u\u015bmiechu, [&hellip;]<\/p>\n","protected":false},"author":6,"featured_media":5029,"comment_status":"closed","ping_status":"open","sticky":false,"template":"","format":"standard","meta":{"footnotes":""},"categories":[1],"tags":[],"class_list":["post-5025","post","type-post","status-publish","format-standard","has-post-thumbnail","hentry","category-bez-kategorii"],"publishpress_future_action":{"enabled":false,"date":"2026-05-06 04:57:35","action":"change-status","newStatus":"draft","terms":[],"taxonomy":"category","extraData":[]},"publishpress_future_workflow_manual_trigger":{"enabledWorkflows":[]},"_links":{"self":[{"href":"https:\/\/podkarpacka.iarp.pl\/index.php?rest_route=\/wp\/v2\/posts\/5025","targetHints":{"allow":["GET"]}}],"collection":[{"href":"https:\/\/podkarpacka.iarp.pl\/index.php?rest_route=\/wp\/v2\/posts"}],"about":[{"href":"https:\/\/podkarpacka.iarp.pl\/index.php?rest_route=\/wp\/v2\/types\/post"}],"author":[{"embeddable":true,"href":"https:\/\/podkarpacka.iarp.pl\/index.php?rest_route=\/wp\/v2\/users\/6"}],"replies":[{"embeddable":true,"href":"https:\/\/podkarpacka.iarp.pl\/index.php?rest_route=%2Fwp%2Fv2%2Fcomments&post=5025"}],"version-history":[{"count":6,"href":"https:\/\/podkarpacka.iarp.pl\/index.php?rest_route=\/wp\/v2\/posts\/5025\/revisions"}],"predecessor-version":[{"id":5035,"href":"https:\/\/podkarpacka.iarp.pl\/index.php?rest_route=\/wp\/v2\/posts\/5025\/revisions\/5035"}],"wp:featuredmedia":[{"embeddable":true,"href":"https:\/\/podkarpacka.iarp.pl\/index.php?rest_route=\/wp\/v2\/media\/5029"}],"wp:attachment":[{"href":"https:\/\/podkarpacka.iarp.pl\/index.php?rest_route=%2Fwp%2Fv2%2Fmedia&parent=5025"}],"wp:term":[{"taxonomy":"category","embeddable":true,"href":"https:\/\/podkarpacka.iarp.pl\/index.php?rest_route=%2Fwp%2Fv2%2Fcategories&post=5025"},{"taxonomy":"post_tag","embeddable":true,"href":"https:\/\/podkarpacka.iarp.pl\/index.php?rest_route=%2Fwp%2Fv2%2Ftags&post=5025"}],"curies":[{"name":"wp","href":"https:\/\/api.w.org\/{rel}","templated":true}]}}