{"id":5037,"date":"2022-09-21T12:32:31","date_gmt":"2022-09-21T10:32:31","guid":{"rendered":"http:\/\/podkarpacka.iarp.pl\/?p=5037"},"modified":"2022-09-21T14:49:39","modified_gmt":"2022-09-21T12:49:39","slug":"12-edycja-konkursu-dom-moich-marzen","status":"publish","type":"post","link":"https:\/\/podkarpacka.iarp.pl\/?p=5037","title":{"rendered":"12 edycja konkursu Dom Moich Marze\u0144"},"content":{"rendered":"<p>&nbsp;<\/p>\n<p>&nbsp;<\/p>\n<p style=\"font-weight: 400;\">Podkarpacka Okr\u0119gowa Rada Izby Architekt\u00f3w RP w Rzeszowie serdecznie zaprasza podkarpackie szko\u0142y podstawowe do wzi\u0119cia udzia\u0142u w XII EDYCJI DNIA EDUKACJI ARCHITEKTONICZNEJ. Wydarzenie skierowane jest do uczni\u00f3w klas IV szk\u00f3\u0142 podstawowych Wojew\u00f3dztwa Podkarpackiego.<\/p>\n<p style=\"font-weight: 400;\">W miesi\u0105cu pa\u017adzierniku, dla uczni\u00f3w zostan\u0105 poprowadzone prelekcje po\u015bwi\u0119cone architekturze i otaczaj\u0105cej nas przestrzeni. Nast\u0119pnie, uczniowie wezm\u0105 udzia\u0142 w organizowanym przez Podkarpack\u0105 Okr\u0119gow\u0105 Rad\u0119 Izby Architekt\u00f3w konkursie DOM MOICH MARZE\u0143, przygotowuj\u0105c podczas zaj\u0119\u0107 plastycznych w\u0142asne rysunki i projekty dom\u00f3w. Najlepsze prace zostan\u0105 uhonorowane nagrodami.<\/p>\n<p style=\"font-weight: 400;\">Organizowane przez nas przedsi\u0119wzi\u0119cie ma na celu edukacj\u0119 najm\u0142odszych w zakresie kszta\u0142towania w\u0142a\u015bciwego odbioru otaczaj\u0105cej nas przestrzeni i architektury.<\/p>\n<p style=\"font-weight: 400;\">Szczeg\u00f3\u0142owych informacji na temat wydarzenia udziela Biuro Podkarpackiej Okr\u0119gowej Izby Architekt\u00f3w RP czynne: od poniedzia\u0142ku do pi\u0105tku od godz. 9 00 do 16 00 ; tel. 17\u00a0862 28 89.<\/p>\n<p style=\"font-weight: 400;\">Serdecznie zapraszamy do skorzystania z przygotowanego przez nas programu!<\/p>\n<p>&nbsp;<\/p>\n\n\t\t<style type=\"text\/css\">\n\t\t\t#gallery-1 {\n\t\t\t\tmargin: auto;\n\t\t\t}\n\t\t\t#gallery-1 .gallery-item {\n\t\t\t\tfloat: left;\n\t\t\t\tmargin-top: 10px;\n\t\t\t\ttext-align: center;\n\t\t\t\twidth: 33%;\n\t\t\t}\n\t\t\t#gallery-1 img {\n\t\t\t\tborder: 2px solid #cfcfcf;\n\t\t\t}\n\t\t\t#gallery-1 .gallery-caption {\n\t\t\t\tmargin-left: 0;\n\t\t\t}\n\t\t\t\/* see gallery_shortcode() in wp-includes\/media.php *\/\n\t\t<\/style>\n\t\t<div id='gallery-1' class='gallery galleryid-5037 gallery-columns-3 gallery-size-thumbnail'><dl class='gallery-item'>\n\t\t\t<dt class='gallery-icon landscape'>\n\t\t\t\t<a href='https:\/\/podkarpacka.iarp.pl\/?attachment_id=5039'><img loading=\"lazy\" decoding=\"async\" width=\"150\" height=\"150\" src=\"https:\/\/podkarpacka.iarp.pl\/wp-content\/uploads\/2022\/09\/20191204_155930-150x150.jpg\" class=\"attachment-thumbnail size-thumbnail\" alt=\"\" \/><\/a>\n\t\t\t<\/dt><\/dl><dl class='gallery-item'>\n\t\t\t<dt class='gallery-icon landscape'>\n\t\t\t\t<a href='https:\/\/podkarpacka.iarp.pl\/?attachment_id=5040'><img loading=\"lazy\" decoding=\"async\" width=\"150\" height=\"150\" src=\"https:\/\/podkarpacka.iarp.pl\/wp-content\/uploads\/2022\/09\/20191204_155935-150x150.jpg\" class=\"attachment-thumbnail size-thumbnail\" alt=\"\" \/><\/a>\n\t\t\t<\/dt><\/dl><dl class='gallery-item'>\n\t\t\t<dt class='gallery-icon landscape'>\n\t\t\t\t<a href='https:\/\/podkarpacka.iarp.pl\/?attachment_id=5041'><img loading=\"lazy\" decoding=\"async\" width=\"150\" height=\"150\" src=\"https:\/\/podkarpacka.iarp.pl\/wp-content\/uploads\/2022\/09\/20201217_180942-150x150.jpg\" class=\"attachment-thumbnail size-thumbnail\" alt=\"\" srcset=\"https:\/\/podkarpacka.iarp.pl\/wp-content\/uploads\/2022\/09\/20201217_180942-150x150.jpg 150w, https:\/\/podkarpacka.iarp.pl\/wp-content\/uploads\/2022\/09\/20201217_180942-266x266.jpg 266w\" sizes=\"auto, (max-width: 150px) 100vw, 150px\" \/><\/a>\n\t\t\t<\/dt><\/dl><br style=\"clear: both\" \/>\n\t\t<\/div>\n\n<p>&nbsp;<\/p>\n<p>Za\u0142\u0105czniki:<\/p>\n<p><a href=\"https:\/\/podkarpacka.iarp.pl\/wp-content\/uploads\/2022\/09\/dom-moich-marzen-2022.pdf\" target=\"_blank\" rel=\"noopener noreferrer\">List &#8211; Dom moich marze\u0144 2022<\/a><\/p>\n<p><a href=\"https:\/\/podkarpacka.iarp.pl\/wp-content\/uploads\/2022\/09\/Dzie\u0144-Edukacji-Architektonicznej-2022.pdf\" target=\"_blank\" rel=\"noopener noreferrer\">Dzie\u0144 Edukacji Architektonicznej 2022<\/a><\/p>\n<p><a href=\"https:\/\/podkarpacka.iarp.pl\/wp-content\/uploads\/2022\/09\/Karta-zg\u0142oszenia-2022.doc\" target=\"_blank\" rel=\"noopener noreferrer\">Karta zg\u0142oszenia 2022<\/a><\/p>\n","protected":false},"excerpt":{"rendered":"<p>&nbsp; &nbsp; Podkarpacka Okr\u0119gowa Rada Izby Architekt\u00f3w RP w Rzeszowie serdecznie zaprasza podkarpackie szko\u0142y podstawowe do wzi\u0119cia udzia\u0142u w XII EDYCJI DNIA EDUKACJI ARCHITEKTONICZNEJ. Wydarzenie skierowane jest do uczni\u00f3w klas IV szk\u00f3\u0142 podstawowych Wojew\u00f3dztwa Podkarpackiego. W miesi\u0105cu pa\u017adzierniku, dla uczni\u00f3w zostan\u0105 poprowadzone prelekcje po\u015bwi\u0119cone architekturze i otaczaj\u0105cej nas przestrzeni. Nast\u0119pnie, uczniowie wezm\u0105 udzia\u0142 w organizowanym [&hellip;]<\/p>\n","protected":false},"author":6,"featured_media":5041,"comment_status":"closed","ping_status":"open","sticky":false,"template":"","format":"standard","meta":{"footnotes":""},"categories":[71,56],"tags":[],"class_list":["post-5037","post","type-post","status-publish","format-standard","has-post-thumbnail","hentry","category-slider-strona-glowna","category-informacje-rady"],"publishpress_future_action":{"enabled":false,"date":"2026-05-08 06:45:46","action":"change-status","newStatus":"draft","terms":[],"taxonomy":"category","extraData":[]},"publishpress_future_workflow_manual_trigger":{"enabledWorkflows":[]},"_links":{"self":[{"href":"https:\/\/podkarpacka.iarp.pl\/index.php?rest_route=\/wp\/v2\/posts\/5037","targetHints":{"allow":["GET"]}}],"collection":[{"href":"https:\/\/podkarpacka.iarp.pl\/index.php?rest_route=\/wp\/v2\/posts"}],"about":[{"href":"https:\/\/podkarpacka.iarp.pl\/index.php?rest_route=\/wp\/v2\/types\/post"}],"author":[{"embeddable":true,"href":"https:\/\/podkarpacka.iarp.pl\/index.php?rest_route=\/wp\/v2\/users\/6"}],"replies":[{"embeddable":true,"href":"https:\/\/podkarpacka.iarp.pl\/index.php?rest_route=%2Fwp%2Fv2%2Fcomments&post=5037"}],"version-history":[{"count":3,"href":"https:\/\/podkarpacka.iarp.pl\/index.php?rest_route=\/wp\/v2\/posts\/5037\/revisions"}],"predecessor-version":[{"id":5046,"href":"https:\/\/podkarpacka.iarp.pl\/index.php?rest_route=\/wp\/v2\/posts\/5037\/revisions\/5046"}],"wp:featuredmedia":[{"embeddable":true,"href":"https:\/\/podkarpacka.iarp.pl\/index.php?rest_route=\/wp\/v2\/media\/5041"}],"wp:attachment":[{"href":"https:\/\/podkarpacka.iarp.pl\/index.php?rest_route=%2Fwp%2Fv2%2Fmedia&parent=5037"}],"wp:term":[{"taxonomy":"category","embeddable":true,"href":"https:\/\/podkarpacka.iarp.pl\/index.php?rest_route=%2Fwp%2Fv2%2Fcategories&post=5037"},{"taxonomy":"post_tag","embeddable":true,"href":"https:\/\/podkarpacka.iarp.pl\/index.php?rest_route=%2Fwp%2Fv2%2Ftags&post=5037"}],"curies":[{"name":"wp","href":"https:\/\/api.w.org\/{rel}","templated":true}]}}