{"id":5051,"date":"2022-09-27T09:13:00","date_gmt":"2022-09-27T07:13:00","guid":{"rendered":"http:\/\/podkarpacka.iarp.pl\/?p=5051"},"modified":"2022-09-27T09:13:00","modified_gmt":"2022-09-27T07:13:00","slug":"zmarl-nasz-kolega-architekt-adam-rybka","status":"publish","type":"post","link":"https:\/\/podkarpacka.iarp.pl\/?p=5051","title":{"rendered":"Zmar\u0142 Nasz Kolega Architekt Adam Rybka"},"content":{"rendered":"<p style=\"font-weight: 400;\">Z przykro\u015bci\u0105 zawiadamiamy, \u017ce w dniu 23 wrze\u015bnia 2022 roku zmar\u0142 d\u0142ugoletni cz\u0142onek Podkarpackiej Okr\u0119gowej Izby Architekt\u00f3w RP \u00a0<strong>Pan architekt Adam Rybka<\/strong><\/p>\n<p>&nbsp;<\/p>\n<p style=\"font-weight: 400;\">Msza \u017ca\u0142obna odb\u0119dzie si\u0119 <strong><em>w dniu 28 wrze\u015bnia (\u015broda) 2022 roku o godz. 13:30 <\/em><\/strong><strong><em>w Rzeszowie na cmentarzu Wilkowyja.<\/em><\/strong><\/p>\n<p style=\"font-weight: 400;\"><strong><em>\u00a0<\/em><\/strong><\/p>\n<p style=\"font-weight: 400;\"><strong><em>dr hab. in\u017c. arch. Adam Rybka profesor Politechniki Rzeszowskiej<\/em><\/strong><\/p>\n<p style=\"font-weight: 400;\">Absolwent Wydzia\u0142u Architektury Politechniki Warszawskiej, gdzie rozpocz\u0105\u0142 prac\u0119 naukow\u0105 i obroni\u0142 prac\u0119 doktorsk\u0105.<\/p>\n<p style=\"font-weight: 400;\">Cz\u0142onek Izby Architekt\u00f3w RP w tym w minionej kadencji cz\u0142onek Okr\u0119gowego S\u0105du Dyscyplinarnego Podkarpackiej IARP.<\/p>\n<p style=\"font-weight: 400;\">Cz\u0142onek Stowarzyszenia Architekt\u00f3w Polskich w tym\u00a0w minionej kadencji cz\u0142onek Kolegium S\u0119dzi\u00f3w Konkursowych SARP oddzia\u0142 Rzesz\u00f3w.<\/p>\n<p style=\"font-weight: 400;\">Wieloletni pracownik Politechniki Rzeszowskiej, kierownik Zak\u0142adu Urbanistyki i Architektury oraz przewodnicz\u0105cy Rady Dyscypliny Architektura i Urbanistyka PRz.<\/p>\n<p style=\"font-weight: 400;\">Nauczyciel akademicki, promotor ponad 160 prac magisterskich i 3 prac doktorskich.<\/p>\n<p style=\"font-weight: 400;\">Wsp\u00f3\u0142autor standard\u00f3w europejskich w zakresie zapobiegania przest\u0119pczo\u015bci w przestrzeni zurbanizowanej.<\/p>\n","protected":false},"excerpt":{"rendered":"<p>Z przykro\u015bci\u0105 zawiadamiamy, \u017ce w dniu 23 wrze\u015bnia 2022 roku zmar\u0142 d\u0142ugoletni cz\u0142onek Podkarpackiej Okr\u0119gowej Izby Architekt\u00f3w RP \u00a0Pan architekt Adam Rybka &nbsp; Msza \u017ca\u0142obna odb\u0119dzie si\u0119 w dniu 28 wrze\u015bnia (\u015broda) 2022 roku o godz. 13:30 w Rzeszowie na cmentarzu Wilkowyja. \u00a0 dr hab. in\u017c. arch. Adam Rybka profesor Politechniki Rzeszowskiej Absolwent Wydzia\u0142u Architektury [&hellip;]<\/p>\n","protected":false},"author":6,"featured_media":4554,"comment_status":"closed","ping_status":"open","sticky":false,"template":"","format":"standard","meta":{"footnotes":""},"categories":[1],"tags":[],"class_list":["post-5051","post","type-post","status-publish","format-standard","has-post-thumbnail","hentry","category-bez-kategorii"],"publishpress_future_action":{"enabled":false,"date":"2026-05-06 04:57:21","action":"change-status","newStatus":"draft","terms":[],"taxonomy":"category","extraData":[]},"publishpress_future_workflow_manual_trigger":{"enabledWorkflows":[]},"_links":{"self":[{"href":"https:\/\/podkarpacka.iarp.pl\/index.php?rest_route=\/wp\/v2\/posts\/5051","targetHints":{"allow":["GET"]}}],"collection":[{"href":"https:\/\/podkarpacka.iarp.pl\/index.php?rest_route=\/wp\/v2\/posts"}],"about":[{"href":"https:\/\/podkarpacka.iarp.pl\/index.php?rest_route=\/wp\/v2\/types\/post"}],"author":[{"embeddable":true,"href":"https:\/\/podkarpacka.iarp.pl\/index.php?rest_route=\/wp\/v2\/users\/6"}],"replies":[{"embeddable":true,"href":"https:\/\/podkarpacka.iarp.pl\/index.php?rest_route=%2Fwp%2Fv2%2Fcomments&post=5051"}],"version-history":[{"count":4,"href":"https:\/\/podkarpacka.iarp.pl\/index.php?rest_route=\/wp\/v2\/posts\/5051\/revisions"}],"predecessor-version":[{"id":5055,"href":"https:\/\/podkarpacka.iarp.pl\/index.php?rest_route=\/wp\/v2\/posts\/5051\/revisions\/5055"}],"wp:featuredmedia":[{"embeddable":true,"href":"https:\/\/podkarpacka.iarp.pl\/index.php?rest_route=\/wp\/v2\/media\/4554"}],"wp:attachment":[{"href":"https:\/\/podkarpacka.iarp.pl\/index.php?rest_route=%2Fwp%2Fv2%2Fmedia&parent=5051"}],"wp:term":[{"taxonomy":"category","embeddable":true,"href":"https:\/\/podkarpacka.iarp.pl\/index.php?rest_route=%2Fwp%2Fv2%2Fcategories&post=5051"},{"taxonomy":"post_tag","embeddable":true,"href":"https:\/\/podkarpacka.iarp.pl\/index.php?rest_route=%2Fwp%2Fv2%2Ftags&post=5051"}],"curies":[{"name":"wp","href":"https:\/\/api.w.org\/{rel}","templated":true}]}}