{"id":5077,"date":"2022-11-30T12:37:01","date_gmt":"2022-11-30T10:37:01","guid":{"rendered":"http:\/\/podkarpacka.iarp.pl\/?p=5077"},"modified":"2022-11-30T14:28:38","modified_gmt":"2022-11-30T12:28:38","slug":"katalog-ppa-zgloszenia","status":"publish","type":"post","link":"https:\/\/podkarpacka.iarp.pl\/?p=5077","title":{"rendered":"Katalog PPA &#8211; ZG\u0141OSZENIA"},"content":{"rendered":"<div>\n<p>Szanowne Kole\u017canki i Szanowni Koledzy,<\/p>\n<p>PKOIA w ramach kontynuacji Podkarpackiego Przegl\u0105du Architektury opracowuje katalog prac podkarpackich architekt\u00f3w.<\/p>\n<p>Wszystkich zainteresowanych, kt\u00f3rzy chcieliby zaprezentowa\u0107 sw\u00f3j autorski, architektoniczny dorobek prosimy o przesy\u0142anie\/dostarczanie prac zgodnie z wytycznymi zawartymi w za\u0142\u0105czonym pi\u015bmie.<\/p>\n<p>Termin zg\u0142osze\u0144 do 30 grudnia 2022 r.<\/p>\n<\/div>\n<p><a href=\"https:\/\/podkarpacka.iarp.pl\/wp-content\/uploads\/2022\/11\/pismo-dot.-katalogu-PPA.pdf\" target=\"_blank\" rel=\"noopener noreferrer\">Link do pisma w w\/w temacie<\/a><\/p>\n<p>&nbsp;<\/p>\n<p><a href=\"https:\/\/podkarpacka.iarp.pl\/wp-content\/uploads\/2022\/07\/DSCF3012-HDR.jpg\" target=\"_blank\" rel=\"noopener noreferrer\"><img loading=\"lazy\" decoding=\"async\" class=\"aligncenter wp-image-4896 size-large\" src=\"https:\/\/podkarpacka.iarp.pl\/wp-content\/uploads\/2022\/07\/DSCF3012-HDR-1024x683.jpg\" alt=\"\" width=\"770\" height=\"514\" srcset=\"https:\/\/podkarpacka.iarp.pl\/wp-content\/uploads\/2022\/07\/DSCF3012-HDR-1024x683.jpg 1024w, https:\/\/podkarpacka.iarp.pl\/wp-content\/uploads\/2022\/07\/DSCF3012-HDR-300x200.jpg 300w, https:\/\/podkarpacka.iarp.pl\/wp-content\/uploads\/2022\/07\/DSCF3012-HDR-768x512.jpg 768w, https:\/\/podkarpacka.iarp.pl\/wp-content\/uploads\/2022\/07\/DSCF3012-HDR-600x400.jpg 600w, https:\/\/podkarpacka.iarp.pl\/wp-content\/uploads\/2022\/07\/DSCF3012-HDR.jpg 1620w\" sizes=\"auto, (max-width: 770px) 100vw, 770px\" \/><\/a><\/p>\n","protected":false},"excerpt":{"rendered":"<p>Szanowne Kole\u017canki i Szanowni Koledzy, PKOIA w ramach kontynuacji Podkarpackiego Przegl\u0105du Architektury opracowuje katalog prac podkarpackich architekt\u00f3w. Wszystkich zainteresowanych, kt\u00f3rzy chcieliby zaprezentowa\u0107 sw\u00f3j autorski, architektoniczny dorobek prosimy o przesy\u0142anie\/dostarczanie prac zgodnie z wytycznymi zawartymi w za\u0142\u0105czonym pi\u015bmie. Termin zg\u0142osze\u0144 do 30 grudnia 2022 r. Link do pisma w w\/w temacie &nbsp;<\/p>\n","protected":false},"author":6,"featured_media":4634,"comment_status":"closed","ping_status":"open","sticky":false,"template":"","format":"standard","meta":{"footnotes":""},"categories":[69],"tags":[],"class_list":["post-5077","post","type-post","status-publish","format-standard","has-post-thumbnail","hentry","category-aktualnosci"],"publishpress_future_action":{"enabled":false,"date":"2026-05-08 06:40:23","action":"change-status","newStatus":"draft","terms":[],"taxonomy":"category","extraData":[]},"publishpress_future_workflow_manual_trigger":{"enabledWorkflows":[]},"_links":{"self":[{"href":"https:\/\/podkarpacka.iarp.pl\/index.php?rest_route=\/wp\/v2\/posts\/5077","targetHints":{"allow":["GET"]}}],"collection":[{"href":"https:\/\/podkarpacka.iarp.pl\/index.php?rest_route=\/wp\/v2\/posts"}],"about":[{"href":"https:\/\/podkarpacka.iarp.pl\/index.php?rest_route=\/wp\/v2\/types\/post"}],"author":[{"embeddable":true,"href":"https:\/\/podkarpacka.iarp.pl\/index.php?rest_route=\/wp\/v2\/users\/6"}],"replies":[{"embeddable":true,"href":"https:\/\/podkarpacka.iarp.pl\/index.php?rest_route=%2Fwp%2Fv2%2Fcomments&post=5077"}],"version-history":[{"count":4,"href":"https:\/\/podkarpacka.iarp.pl\/index.php?rest_route=\/wp\/v2\/posts\/5077\/revisions"}],"predecessor-version":[{"id":5083,"href":"https:\/\/podkarpacka.iarp.pl\/index.php?rest_route=\/wp\/v2\/posts\/5077\/revisions\/5083"}],"wp:featuredmedia":[{"embeddable":true,"href":"https:\/\/podkarpacka.iarp.pl\/index.php?rest_route=\/wp\/v2\/media\/4634"}],"wp:attachment":[{"href":"https:\/\/podkarpacka.iarp.pl\/index.php?rest_route=%2Fwp%2Fv2%2Fmedia&parent=5077"}],"wp:term":[{"taxonomy":"category","embeddable":true,"href":"https:\/\/podkarpacka.iarp.pl\/index.php?rest_route=%2Fwp%2Fv2%2Fcategories&post=5077"},{"taxonomy":"post_tag","embeddable":true,"href":"https:\/\/podkarpacka.iarp.pl\/index.php?rest_route=%2Fwp%2Fv2%2Ftags&post=5077"}],"curies":[{"name":"wp","href":"https:\/\/api.w.org\/{rel}","templated":true}]}}