{"id":5115,"date":"2022-12-20T10:21:51","date_gmt":"2022-12-20T08:21:51","guid":{"rendered":"http:\/\/podkarpacka.iarp.pl\/?p=5115"},"modified":"2022-12-20T10:22:21","modified_gmt":"2022-12-20T08:22:21","slug":"wernisaz-malarstwa-zbigniewa-swiecinskiego-martwe-natury","status":"publish","type":"post","link":"https:\/\/podkarpacka.iarp.pl\/?p=5115","title":{"rendered":"Wernisa\u017c malarstwa Zbigniewa \u015awi\u0119ci\u0144skiego &#8211; Martwe natury"},"content":{"rendered":"<p><a href=\"https:\/\/podkarpacka.iarp.pl\/wp-content\/uploads\/2022\/12\/zaproszenie-1-1.jpg\"><img loading=\"lazy\" decoding=\"async\" class=\"aligncenter size-large wp-image-5116\" src=\"https:\/\/podkarpacka.iarp.pl\/wp-content\/uploads\/2022\/12\/zaproszenie-1-1-1024x724.jpg\" alt=\"\" width=\"770\" height=\"544\" srcset=\"https:\/\/podkarpacka.iarp.pl\/wp-content\/uploads\/2022\/12\/zaproszenie-1-1-1024x724.jpg 1024w, https:\/\/podkarpacka.iarp.pl\/wp-content\/uploads\/2022\/12\/zaproszenie-1-1-300x212.jpg 300w, https:\/\/podkarpacka.iarp.pl\/wp-content\/uploads\/2022\/12\/zaproszenie-1-1-768x543.jpg 768w, https:\/\/podkarpacka.iarp.pl\/wp-content\/uploads\/2022\/12\/zaproszenie-1-1-600x424.jpg 600w\" sizes=\"auto, (max-width: 770px) 100vw, 770px\" \/><\/a><\/p>\n<p><a href=\"https:\/\/podkarpacka.iarp.pl\/wp-content\/uploads\/2022\/12\/broszura-str.-1.pdf\" target=\"_blank\" rel=\"noopener noreferrer\">Broszura str. 1<\/a><\/p>\n<p><a href=\"https:\/\/podkarpacka.iarp.pl\/wp-content\/uploads\/2022\/12\/broszura-str.-2.pdf\" target=\"_blank\" rel=\"noopener noreferrer\">Broszura str. 2<\/a><\/p>\n","protected":false},"excerpt":{"rendered":"<p>Broszura str. 1 Broszura str. 2<\/p>\n","protected":false},"author":6,"featured_media":5116,"comment_status":"closed","ping_status":"open","sticky":false,"template":"","format":"standard","meta":{"footnotes":""},"categories":[55],"tags":[],"class_list":["post-5115","post","type-post","status-publish","format-standard","has-post-thumbnail","hentry","category-wydarzenia"],"publishpress_future_action":{"enabled":false,"date":"2026-05-05 17:04:39","action":"change-status","newStatus":"draft","terms":[],"taxonomy":"category","extraData":[]},"publishpress_future_workflow_manual_trigger":{"enabledWorkflows":[]},"_links":{"self":[{"href":"https:\/\/podkarpacka.iarp.pl\/index.php?rest_route=\/wp\/v2\/posts\/5115","targetHints":{"allow":["GET"]}}],"collection":[{"href":"https:\/\/podkarpacka.iarp.pl\/index.php?rest_route=\/wp\/v2\/posts"}],"about":[{"href":"https:\/\/podkarpacka.iarp.pl\/index.php?rest_route=\/wp\/v2\/types\/post"}],"author":[{"embeddable":true,"href":"https:\/\/podkarpacka.iarp.pl\/index.php?rest_route=\/wp\/v2\/users\/6"}],"replies":[{"embeddable":true,"href":"https:\/\/podkarpacka.iarp.pl\/index.php?rest_route=%2Fwp%2Fv2%2Fcomments&post=5115"}],"version-history":[{"count":1,"href":"https:\/\/podkarpacka.iarp.pl\/index.php?rest_route=\/wp\/v2\/posts\/5115\/revisions"}],"predecessor-version":[{"id":5119,"href":"https:\/\/podkarpacka.iarp.pl\/index.php?rest_route=\/wp\/v2\/posts\/5115\/revisions\/5119"}],"wp:featuredmedia":[{"embeddable":true,"href":"https:\/\/podkarpacka.iarp.pl\/index.php?rest_route=\/wp\/v2\/media\/5116"}],"wp:attachment":[{"href":"https:\/\/podkarpacka.iarp.pl\/index.php?rest_route=%2Fwp%2Fv2%2Fmedia&parent=5115"}],"wp:term":[{"taxonomy":"category","embeddable":true,"href":"https:\/\/podkarpacka.iarp.pl\/index.php?rest_route=%2Fwp%2Fv2%2Fcategories&post=5115"},{"taxonomy":"post_tag","embeddable":true,"href":"https:\/\/podkarpacka.iarp.pl\/index.php?rest_route=%2Fwp%2Fv2%2Ftags&post=5115"}],"curies":[{"name":"wp","href":"https:\/\/api.w.org\/{rel}","templated":true}]}}