{"id":5120,"date":"2022-12-21T17:30:06","date_gmt":"2022-12-21T15:30:06","guid":{"rendered":"http:\/\/podkarpacka.iarp.pl\/?p=5120"},"modified":"2022-12-23T13:27:02","modified_gmt":"2022-12-23T11:27:02","slug":"wyniki-konkursu-archi-christmas-2022","status":"publish","type":"post","link":"https:\/\/podkarpacka.iarp.pl\/?p=5120","title":{"rendered":"Wyniki konkursu ARCHI-Christmas 2022"},"content":{"rendered":"<p>Przedstawiamy wyniki Konkursu na \u015awi\u0105teczn\u0105 ozdob\u0119 ARCHI-Christmas 2022!<\/p>\n<p>Wy\u0142oniono po dwa pierwsze, drugie i trzecie miejsca.<\/p>\n<p>&nbsp;<\/p>\n<p>Nagrody przyznane przez Izb\u0119 Architekt\u00f3w:<br \/>\n1. Kornelia Ruszel 11 lat<br \/>\n2. Julia Bester 9 lat<br \/>\n3. Micha\u0142 Wilk 6 lat<\/p>\n\n\t\t<style type=\"text\/css\">\n\t\t\t#gallery-1 {\n\t\t\t\tmargin: auto;\n\t\t\t}\n\t\t\t#gallery-1 .gallery-item {\n\t\t\t\tfloat: left;\n\t\t\t\tmargin-top: 10px;\n\t\t\t\ttext-align: center;\n\t\t\t\twidth: 33%;\n\t\t\t}\n\t\t\t#gallery-1 img {\n\t\t\t\tborder: 2px solid #cfcfcf;\n\t\t\t}\n\t\t\t#gallery-1 .gallery-caption {\n\t\t\t\tmargin-left: 0;\n\t\t\t}\n\t\t\t\/* see gallery_shortcode() in wp-includes\/media.php *\/\n\t\t<\/style>\n\t\t<div id='gallery-1' class='gallery galleryid-5120 gallery-columns-3 gallery-size-large'><dl class='gallery-item'>\n\t\t\t<dt class='gallery-icon portrait'>\n\t\t\t\t<a href='https:\/\/podkarpacka.iarp.pl\/?attachment_id=5122'><img loading=\"lazy\" decoding=\"async\" width=\"768\" height=\"1024\" src=\"https:\/\/podkarpacka.iarp.pl\/wp-content\/uploads\/2022\/12\/1_IZBA-Kornelia-Ruszel-11-lat-768x1024.jpg\" class=\"attachment-large size-large\" alt=\"\" srcset=\"https:\/\/podkarpacka.iarp.pl\/wp-content\/uploads\/2022\/12\/1_IZBA-Kornelia-Ruszel-11-lat-768x1024.jpg 768w, https:\/\/podkarpacka.iarp.pl\/wp-content\/uploads\/2022\/12\/1_IZBA-Kornelia-Ruszel-11-lat-225x300.jpg 225w, https:\/\/podkarpacka.iarp.pl\/wp-content\/uploads\/2022\/12\/1_IZBA-Kornelia-Ruszel-11-lat-600x800.jpg 600w\" sizes=\"auto, (max-width: 768px) 100vw, 768px\" \/><\/a>\n\t\t\t<\/dt><\/dl><dl class='gallery-item'>\n\t\t\t<dt class='gallery-icon portrait'>\n\t\t\t\t<a href='https:\/\/podkarpacka.iarp.pl\/?attachment_id=5124'><img loading=\"lazy\" decoding=\"async\" width=\"768\" height=\"1024\" src=\"https:\/\/podkarpacka.iarp.pl\/wp-content\/uploads\/2022\/12\/2_IZBA-Julia-Bester-9-lat-768x1024.jpg\" class=\"attachment-large size-large\" alt=\"\" srcset=\"https:\/\/podkarpacka.iarp.pl\/wp-content\/uploads\/2022\/12\/2_IZBA-Julia-Bester-9-lat-768x1024.jpg 768w, https:\/\/podkarpacka.iarp.pl\/wp-content\/uploads\/2022\/12\/2_IZBA-Julia-Bester-9-lat-225x300.jpg 225w, https:\/\/podkarpacka.iarp.pl\/wp-content\/uploads\/2022\/12\/2_IZBA-Julia-Bester-9-lat-600x800.jpg 600w\" sizes=\"auto, (max-width: 768px) 100vw, 768px\" \/><\/a>\n\t\t\t<\/dt><\/dl><dl class='gallery-item'>\n\t\t\t<dt class='gallery-icon portrait'>\n\t\t\t\t<a href='https:\/\/podkarpacka.iarp.pl\/?attachment_id=5126'><img loading=\"lazy\" decoding=\"async\" width=\"768\" height=\"1024\" src=\"https:\/\/podkarpacka.iarp.pl\/wp-content\/uploads\/2022\/12\/3_IZBA-Micha\u0142-Wilk-6-lat-768x1024.jpg\" class=\"attachment-large size-large\" alt=\"\" srcset=\"https:\/\/podkarpacka.iarp.pl\/wp-content\/uploads\/2022\/12\/3_IZBA-Micha\u0142-Wilk-6-lat-768x1024.jpg 768w, https:\/\/podkarpacka.iarp.pl\/wp-content\/uploads\/2022\/12\/3_IZBA-Micha\u0142-Wilk-6-lat-225x300.jpg 225w, https:\/\/podkarpacka.iarp.pl\/wp-content\/uploads\/2022\/12\/3_IZBA-Micha\u0142-Wilk-6-lat-600x800.jpg 600w\" sizes=\"auto, (max-width: 768px) 100vw, 768px\" \/><\/a>\n\t\t\t<\/dt><\/dl><br style=\"clear: both\" \/>\n\t\t<\/div>\n\n<p>&nbsp;<\/p>\n<p>Nagrody przyznane przez SARP Rzesz\u00f3w:<br \/>\n1. Miko\u0142aj Krzyszto\u0144 lat 6<br \/>\n2. Antosia Dudek 7 lat<br \/>\n3. Klaudia Bielecka 9 lat<\/p>\n\n\t\t<style type=\"text\/css\">\n\t\t\t#gallery-2 {\n\t\t\t\tmargin: auto;\n\t\t\t}\n\t\t\t#gallery-2 .gallery-item {\n\t\t\t\tfloat: left;\n\t\t\t\tmargin-top: 10px;\n\t\t\t\ttext-align: center;\n\t\t\t\twidth: 33%;\n\t\t\t}\n\t\t\t#gallery-2 img {\n\t\t\t\tborder: 2px solid #cfcfcf;\n\t\t\t}\n\t\t\t#gallery-2 .gallery-caption {\n\t\t\t\tmargin-left: 0;\n\t\t\t}\n\t\t\t\/* see gallery_shortcode() in wp-includes\/media.php *\/\n\t\t<\/style>\n\t\t<div id='gallery-2' class='gallery galleryid-5120 gallery-columns-3 gallery-size-large'><dl class='gallery-item'>\n\t\t\t<dt class='gallery-icon portrait'>\n\t\t\t\t<a href='https:\/\/podkarpacka.iarp.pl\/?attachment_id=5123'><img loading=\"lazy\" decoding=\"async\" width=\"768\" height=\"1024\" src=\"https:\/\/podkarpacka.iarp.pl\/wp-content\/uploads\/2022\/12\/1_SARP-Miko\u0142aj-Krzyszto\u0144-6-lat-768x1024.jpg\" class=\"attachment-large size-large\" alt=\"\" srcset=\"https:\/\/podkarpacka.iarp.pl\/wp-content\/uploads\/2022\/12\/1_SARP-Miko\u0142aj-Krzyszto\u0144-6-lat-768x1024.jpg 768w, https:\/\/podkarpacka.iarp.pl\/wp-content\/uploads\/2022\/12\/1_SARP-Miko\u0142aj-Krzyszto\u0144-6-lat-225x300.jpg 225w, https:\/\/podkarpacka.iarp.pl\/wp-content\/uploads\/2022\/12\/1_SARP-Miko\u0142aj-Krzyszto\u0144-6-lat-600x800.jpg 600w\" sizes=\"auto, (max-width: 768px) 100vw, 768px\" \/><\/a>\n\t\t\t<\/dt><\/dl><dl class='gallery-item'>\n\t\t\t<dt class='gallery-icon portrait'>\n\t\t\t\t<a href='https:\/\/podkarpacka.iarp.pl\/?attachment_id=5125'><img loading=\"lazy\" decoding=\"async\" width=\"768\" height=\"1024\" src=\"https:\/\/podkarpacka.iarp.pl\/wp-content\/uploads\/2022\/12\/2_SARP-Antosia-Dudek-7-lat-768x1024.jpg\" class=\"attachment-large size-large\" alt=\"\" srcset=\"https:\/\/podkarpacka.iarp.pl\/wp-content\/uploads\/2022\/12\/2_SARP-Antosia-Dudek-7-lat-768x1024.jpg 768w, https:\/\/podkarpacka.iarp.pl\/wp-content\/uploads\/2022\/12\/2_SARP-Antosia-Dudek-7-lat-225x300.jpg 225w, https:\/\/podkarpacka.iarp.pl\/wp-content\/uploads\/2022\/12\/2_SARP-Antosia-Dudek-7-lat-600x800.jpg 600w\" sizes=\"auto, (max-width: 768px) 100vw, 768px\" \/><\/a>\n\t\t\t<\/dt><\/dl><dl class='gallery-item'>\n\t\t\t<dt class='gallery-icon portrait'>\n\t\t\t\t<a href='https:\/\/podkarpacka.iarp.pl\/?attachment_id=5127'><img loading=\"lazy\" decoding=\"async\" width=\"768\" height=\"1024\" src=\"https:\/\/podkarpacka.iarp.pl\/wp-content\/uploads\/2022\/12\/3_SARP-Klaudia-Bielecka-9-lat-768x1024.jpg\" class=\"attachment-large size-large\" alt=\"\" srcset=\"https:\/\/podkarpacka.iarp.pl\/wp-content\/uploads\/2022\/12\/3_SARP-Klaudia-Bielecka-9-lat-768x1024.jpg 768w, https:\/\/podkarpacka.iarp.pl\/wp-content\/uploads\/2022\/12\/3_SARP-Klaudia-Bielecka-9-lat-225x300.jpg 225w, https:\/\/podkarpacka.iarp.pl\/wp-content\/uploads\/2022\/12\/3_SARP-Klaudia-Bielecka-9-lat-600x800.jpg 600w\" sizes=\"auto, (max-width: 768px) 100vw, 768px\" \/><\/a>\n\t\t\t<\/dt><\/dl><br style=\"clear: both\" \/>\n\t\t<\/div>\n\n<p>&nbsp;<\/p>\n<p>Serdecznie dzi\u0119kujemy za wszystkie pi\u0119kne ozdoby choinkowe. Zach\u0119camy do<br \/>\nwsp\u00f3lnej zabawy w przysz\u0142ym roku !<\/p>\n<p>&nbsp;<\/p>\n","protected":false},"excerpt":{"rendered":"<p>Przedstawiamy wyniki Konkursu na \u015awi\u0105teczn\u0105 ozdob\u0119 ARCHI-Christmas 2022! Wy\u0142oniono po dwa pierwsze, drugie i trzecie miejsca. &nbsp; Nagrody przyznane przez Izb\u0119 Architekt\u00f3w: 1. Kornelia Ruszel 11 lat 2. Julia Bester 9 lat 3. Micha\u0142 Wilk 6 lat &nbsp; Nagrody przyznane przez SARP Rzesz\u00f3w: 1. Miko\u0142aj Krzyszto\u0144 lat 6 2. Antosia Dudek 7 lat 3. Klaudia [&hellip;]<\/p>\n","protected":false},"author":6,"featured_media":5122,"comment_status":"closed","ping_status":"open","sticky":false,"template":"","format":"standard","meta":{"footnotes":""},"categories":[62],"tags":[],"class_list":["post-5120","post","type-post","status-publish","format-standard","has-post-thumbnail","hentry","category-konkursy"],"publishpress_future_action":{"enabled":false,"date":"2026-05-05 03:09:55","action":"change-status","newStatus":"draft","terms":[],"taxonomy":"category","extraData":[]},"publishpress_future_workflow_manual_trigger":{"enabledWorkflows":[]},"_links":{"self":[{"href":"https:\/\/podkarpacka.iarp.pl\/index.php?rest_route=\/wp\/v2\/posts\/5120","targetHints":{"allow":["GET"]}}],"collection":[{"href":"https:\/\/podkarpacka.iarp.pl\/index.php?rest_route=\/wp\/v2\/posts"}],"about":[{"href":"https:\/\/podkarpacka.iarp.pl\/index.php?rest_route=\/wp\/v2\/types\/post"}],"author":[{"embeddable":true,"href":"https:\/\/podkarpacka.iarp.pl\/index.php?rest_route=\/wp\/v2\/users\/6"}],"replies":[{"embeddable":true,"href":"https:\/\/podkarpacka.iarp.pl\/index.php?rest_route=%2Fwp%2Fv2%2Fcomments&post=5120"}],"version-history":[{"count":2,"href":"https:\/\/podkarpacka.iarp.pl\/index.php?rest_route=\/wp\/v2\/posts\/5120\/revisions"}],"predecessor-version":[{"id":5128,"href":"https:\/\/podkarpacka.iarp.pl\/index.php?rest_route=\/wp\/v2\/posts\/5120\/revisions\/5128"}],"wp:featuredmedia":[{"embeddable":true,"href":"https:\/\/podkarpacka.iarp.pl\/index.php?rest_route=\/wp\/v2\/media\/5122"}],"wp:attachment":[{"href":"https:\/\/podkarpacka.iarp.pl\/index.php?rest_route=%2Fwp%2Fv2%2Fmedia&parent=5120"}],"wp:term":[{"taxonomy":"category","embeddable":true,"href":"https:\/\/podkarpacka.iarp.pl\/index.php?rest_route=%2Fwp%2Fv2%2Fcategories&post=5120"},{"taxonomy":"post_tag","embeddable":true,"href":"https:\/\/podkarpacka.iarp.pl\/index.php?rest_route=%2Fwp%2Fv2%2Ftags&post=5120"}],"curies":[{"name":"wp","href":"https:\/\/api.w.org\/{rel}","templated":true}]}}