{"id":5129,"date":"2022-12-21T17:31:25","date_gmt":"2022-12-21T15:31:25","guid":{"rendered":"http:\/\/podkarpacka.iarp.pl\/?p=5129"},"modified":"2022-12-23T13:26:57","modified_gmt":"2022-12-23T11:26:57","slug":"zyczenia-swiateczne-podkarpackiej-okregowej-rady-architektow-rp-2","status":"publish","type":"post","link":"https:\/\/podkarpacka.iarp.pl\/?p=5129","title":{"rendered":"\u017byczenia \u015awi\u0105teczne Podkarpackiej Okr\u0119gowej Rady Architekt\u00f3w RP"},"content":{"rendered":"<p><a href=\"https:\/\/podkarpacka.iarp.pl\/wp-content\/uploads\/2022\/12\/IZBA-KARTKA-BN-2022.jpg\"><img loading=\"lazy\" decoding=\"async\" class=\"aligncenter size-large wp-image-5131\" src=\"https:\/\/podkarpacka.iarp.pl\/wp-content\/uploads\/2022\/12\/IZBA-KARTKA-BN-2022-828x1024.jpg\" alt=\"\" width=\"770\" height=\"952\" srcset=\"https:\/\/podkarpacka.iarp.pl\/wp-content\/uploads\/2022\/12\/IZBA-KARTKA-BN-2022-828x1024.jpg 828w, https:\/\/podkarpacka.iarp.pl\/wp-content\/uploads\/2022\/12\/IZBA-KARTKA-BN-2022-242x300.jpg 242w, https:\/\/podkarpacka.iarp.pl\/wp-content\/uploads\/2022\/12\/IZBA-KARTKA-BN-2022-768x950.jpg 768w\" sizes=\"auto, (max-width: 770px) 100vw, 770px\" \/><\/a><\/p>\n","protected":false},"excerpt":{"rendered":"","protected":false},"author":6,"featured_media":5130,"comment_status":"closed","ping_status":"open","sticky":false,"template":"","format":"standard","meta":{"footnotes":""},"categories":[56],"tags":[],"class_list":["post-5129","post","type-post","status-publish","format-standard","has-post-thumbnail","hentry","category-informacje-rady"],"publishpress_future_action":{"enabled":false,"date":"2026-05-08 06:31:41","action":"change-status","newStatus":"draft","terms":[],"taxonomy":"category","extraData":[]},"publishpress_future_workflow_manual_trigger":{"enabledWorkflows":[]},"_links":{"self":[{"href":"https:\/\/podkarpacka.iarp.pl\/index.php?rest_route=\/wp\/v2\/posts\/5129","targetHints":{"allow":["GET"]}}],"collection":[{"href":"https:\/\/podkarpacka.iarp.pl\/index.php?rest_route=\/wp\/v2\/posts"}],"about":[{"href":"https:\/\/podkarpacka.iarp.pl\/index.php?rest_route=\/wp\/v2\/types\/post"}],"author":[{"embeddable":true,"href":"https:\/\/podkarpacka.iarp.pl\/index.php?rest_route=\/wp\/v2\/users\/6"}],"replies":[{"embeddable":true,"href":"https:\/\/podkarpacka.iarp.pl\/index.php?rest_route=%2Fwp%2Fv2%2Fcomments&post=5129"}],"version-history":[{"count":1,"href":"https:\/\/podkarpacka.iarp.pl\/index.php?rest_route=\/wp\/v2\/posts\/5129\/revisions"}],"predecessor-version":[{"id":5132,"href":"https:\/\/podkarpacka.iarp.pl\/index.php?rest_route=\/wp\/v2\/posts\/5129\/revisions\/5132"}],"wp:featuredmedia":[{"embeddable":true,"href":"https:\/\/podkarpacka.iarp.pl\/index.php?rest_route=\/wp\/v2\/media\/5130"}],"wp:attachment":[{"href":"https:\/\/podkarpacka.iarp.pl\/index.php?rest_route=%2Fwp%2Fv2%2Fmedia&parent=5129"}],"wp:term":[{"taxonomy":"category","embeddable":true,"href":"https:\/\/podkarpacka.iarp.pl\/index.php?rest_route=%2Fwp%2Fv2%2Fcategories&post=5129"},{"taxonomy":"post_tag","embeddable":true,"href":"https:\/\/podkarpacka.iarp.pl\/index.php?rest_route=%2Fwp%2Fv2%2Ftags&post=5129"}],"curies":[{"name":"wp","href":"https:\/\/api.w.org\/{rel}","templated":true}]}}