{"id":5220,"date":"2023-01-23T09:29:20","date_gmt":"2023-01-23T07:29:20","guid":{"rendered":"http:\/\/podkarpacka.iarp.pl\/?p=5220"},"modified":"2023-01-23T12:51:38","modified_gmt":"2023-01-23T10:51:38","slug":"budma-2023-31-stycznia-do-3-lutego-2023","status":"publish","type":"post","link":"https:\/\/podkarpacka.iarp.pl\/?p=5220","title":{"rendered":"BUDMA\u00a02023 &#8211; 31 stycznia do 3 lutego 2023"},"content":{"rendered":"<p style=\"font-weight: 400;\"><strong>Szanowni Pa\u0144stwo,<\/strong><\/p>\n<p style=\"font-weight: 400;\"><strong>Kole\u017canki i Koledzy Architekci,<\/strong><\/p>\n<p style=\"font-weight: 400;\">Rada Wielkopolskiej OIA RP, w imieniu Krajowej Rady Izby Architekt\u00f3w RP, serdecznie zaprasza do udzia\u0142u w tegorocznych Mi\u0119dzynarodowych Targach Budownictwa i Architektury\u00a0<strong>BUDMA\u00a02023,\u00a0<\/strong>\u00a0kt\u00f3re odb\u0119d\u0105 si\u0119 w \u00a0Poznaniu w formie stacjonarnej\u00a0<strong>w dniach od 31 stycznia do 3 lutego br.<\/strong><\/p>\n<p style=\"font-weight: 400;\"><strong>\u00a0<\/strong><\/p>\n<p style=\"font-weight: 400;\">Szczeg\u00f3lnie zach\u0119camy do wzi\u0119cia udzia\u0142u w\u00a0<strong>FORUM DESIGNU i ARCHITEKTURY w dniach 1 \u00a0i 2 lutego br. Wszystkie wydarzenia odbywa\u0107 si\u0119 b\u0119d\u0105 w Pawilonie 3A na tzw. scenie.\u00a0<\/strong>Organizatorem lub wsp\u00f3\u0142organizatorem wi\u0119kszo\u015bci tych wydarze\u0144 jest Wielkopolska OIA RP \/ Krajowa Izba Architekt\u00f3w RP.<\/p>\n<p style=\"font-weight: 400;\">Zarejestruj si\u0119 na Forum D&amp;A\u00a0<a href=\"https:\/\/mtp-link.pl\/bzlrf\" data-saferedirecturl=\"https:\/\/www.google.com\/url?q=https:\/\/mtp-link.pl\/bzlrf&amp;source=gmail&amp;ust=1674484297246000&amp;usg=AOvVaw2G2bekrq4ejFY8vL-XD9f4\">https:\/\/mtp-link.pl\/bzlrf<\/a><br \/>\nPo rejestracji wydarzenie jest bezp\u0142atne dla architekt\u00f3w, urbanist\u00f3w, designer\u00f3w, projektant\u00f3w oraz student\u00f3w.<\/p>\n<p style=\"font-weight: 400;\">Szczeg\u00f3\u0142owe informacje i program wydarze\u0144 Forum D&amp;A przekazujemy w za\u0142\u0105czeniu. Bie\u017c\u0105ce informacje na temat Forum D&amp;A s\u0105 publikowane na stronie internetowej oraz wydarzeniu na FB.<\/p>\n<p style=\"font-weight: 400;\"><a href=\"http:\/\/www.forumdia.pl\/\" data-saferedirecturl=\"https:\/\/www.google.com\/url?q=http:\/\/www.forumdia.pl&amp;source=gmail&amp;ust=1674484297246000&amp;usg=AOvVaw3SmEr0b7C3--lOf6w4_Ucj\">www.forumdia.pl<\/a><\/p>\n<p style=\"font-weight: 400;\"><a href=\"https:\/\/www.facebook.com\/events\/561606062194006\" data-saferedirecturl=\"https:\/\/www.google.com\/url?q=https:\/\/www.facebook.com\/events\/561606062194006&amp;source=gmail&amp;ust=1674484297246000&amp;usg=AOvVaw3AdPeWIOL0tiuOda3N5CG9\">https:\/\/www.facebook.com\/events\/561606062194006<\/a><\/p>\n<p style=\"font-weight: 400;\">W ramach Forum D&amp;A odb\u0119dzie si\u0119 tak\u017ce wystawa 1m\/ARCH \u2013 prezentacja polskich pracowni i zespo\u0142\u00f3w architektonicznych.<\/p>\n<p style=\"font-weight: 400;\">Zapraszamy r\u00f3wnie\u017c do obejrzenia wystawy ukrai\u0144skich architekt\u00f3w, kt\u00f3r\u0105 uda\u0142o si\u0119 zorganizowa\u0107 w ramach tegorocznych Targ\u00f3w. B\u0119dziemy go\u015bci\u0107 trzech ukrai\u0144skich architekt\u00f3w.<\/p>\n<p style=\"font-weight: 400;\">Serdecznie zapraszamy do odwiedzenia stoiska Izby Architekt\u00f3w RP w Pawilonie 3A.<\/p>\n\n\t\t<style type=\"text\/css\">\n\t\t\t#gallery-1 {\n\t\t\t\tmargin: auto;\n\t\t\t}\n\t\t\t#gallery-1 .gallery-item {\n\t\t\t\tfloat: left;\n\t\t\t\tmargin-top: 10px;\n\t\t\t\ttext-align: center;\n\t\t\t\twidth: 50%;\n\t\t\t}\n\t\t\t#gallery-1 img {\n\t\t\t\tborder: 2px solid #cfcfcf;\n\t\t\t}\n\t\t\t#gallery-1 .gallery-caption {\n\t\t\t\tmargin-left: 0;\n\t\t\t}\n\t\t\t\/* see gallery_shortcode() in wp-includes\/media.php *\/\n\t\t<\/style>\n\t\t<div id='gallery-1' class='gallery galleryid-5220 gallery-columns-2 gallery-size-large'><dl class='gallery-item'>\n\t\t\t<dt class='gallery-icon portrait'>\n\t\t\t\t<a href='https:\/\/podkarpacka.iarp.pl\/?attachment_id=5224'><img loading=\"lazy\" decoding=\"async\" width=\"723\" height=\"1024\" src=\"https:\/\/podkarpacka.iarp.pl\/wp-content\/uploads\/2023\/01\/DA-program-scalony-1-723x1024.jpg\" class=\"attachment-large size-large\" alt=\"\" srcset=\"https:\/\/podkarpacka.iarp.pl\/wp-content\/uploads\/2023\/01\/DA-program-scalony-1-723x1024.jpg 723w, https:\/\/podkarpacka.iarp.pl\/wp-content\/uploads\/2023\/01\/DA-program-scalony-1-212x300.jpg 212w, https:\/\/podkarpacka.iarp.pl\/wp-content\/uploads\/2023\/01\/DA-program-scalony-1-768x1087.jpg 768w, https:\/\/podkarpacka.iarp.pl\/wp-content\/uploads\/2023\/01\/DA-program-scalony-1-600x849.jpg 600w, https:\/\/podkarpacka.iarp.pl\/wp-content\/uploads\/2023\/01\/DA-program-scalony-1.jpg 1653w\" sizes=\"auto, (max-width: 723px) 100vw, 723px\" \/><\/a>\n\t\t\t<\/dt><\/dl><dl class='gallery-item'>\n\t\t\t<dt class='gallery-icon portrait'>\n\t\t\t\t<a href='https:\/\/podkarpacka.iarp.pl\/?attachment_id=5225'><img loading=\"lazy\" decoding=\"async\" width=\"723\" height=\"1024\" src=\"https:\/\/podkarpacka.iarp.pl\/wp-content\/uploads\/2023\/01\/DA-program-scalony-2-723x1024.jpg\" class=\"attachment-large size-large\" alt=\"\" srcset=\"https:\/\/podkarpacka.iarp.pl\/wp-content\/uploads\/2023\/01\/DA-program-scalony-2-723x1024.jpg 723w, https:\/\/podkarpacka.iarp.pl\/wp-content\/uploads\/2023\/01\/DA-program-scalony-2-212x300.jpg 212w, https:\/\/podkarpacka.iarp.pl\/wp-content\/uploads\/2023\/01\/DA-program-scalony-2-768x1087.jpg 768w, https:\/\/podkarpacka.iarp.pl\/wp-content\/uploads\/2023\/01\/DA-program-scalony-2-600x849.jpg 600w, https:\/\/podkarpacka.iarp.pl\/wp-content\/uploads\/2023\/01\/DA-program-scalony-2.jpg 1653w\" sizes=\"auto, (max-width: 723px) 100vw, 723px\" \/><\/a>\n\t\t\t<\/dt><\/dl><br style=\"clear: both\" \/>\n\t\t<\/div>\n\n<p>&nbsp;<\/p>\n\n\t\t<style type=\"text\/css\">\n\t\t\t#gallery-2 {\n\t\t\t\tmargin: auto;\n\t\t\t}\n\t\t\t#gallery-2 .gallery-item {\n\t\t\t\tfloat: left;\n\t\t\t\tmargin-top: 10px;\n\t\t\t\ttext-align: center;\n\t\t\t\twidth: 33%;\n\t\t\t}\n\t\t\t#gallery-2 img {\n\t\t\t\tborder: 2px solid #cfcfcf;\n\t\t\t}\n\t\t\t#gallery-2 .gallery-caption {\n\t\t\t\tmargin-left: 0;\n\t\t\t}\n\t\t\t\/* see gallery_shortcode() in wp-includes\/media.php *\/\n\t\t<\/style>\n\t\t<div id='gallery-2' class='gallery galleryid-5220 gallery-columns-3 gallery-size-large'><dl class='gallery-item'>\n\t\t\t<dt class='gallery-icon landscape'>\n\t\t\t\t<a href='https:\/\/podkarpacka.iarp.pl\/?attachment_id=5227'><img loading=\"lazy\" decoding=\"async\" width=\"770\" height=\"770\" src=\"https:\/\/podkarpacka.iarp.pl\/wp-content\/uploads\/2023\/01\/Forum-1200x1200-1024x1024.png\" class=\"attachment-large size-large\" alt=\"\" srcset=\"https:\/\/podkarpacka.iarp.pl\/wp-content\/uploads\/2023\/01\/Forum-1200x1200-1024x1024.png 1024w, https:\/\/podkarpacka.iarp.pl\/wp-content\/uploads\/2023\/01\/Forum-1200x1200-150x150.png 150w, https:\/\/podkarpacka.iarp.pl\/wp-content\/uploads\/2023\/01\/Forum-1200x1200-300x300.png 300w, https:\/\/podkarpacka.iarp.pl\/wp-content\/uploads\/2023\/01\/Forum-1200x1200-768x768.png 768w, https:\/\/podkarpacka.iarp.pl\/wp-content\/uploads\/2023\/01\/Forum-1200x1200-600x600.png 600w, https:\/\/podkarpacka.iarp.pl\/wp-content\/uploads\/2023\/01\/Forum-1200x1200.png 1200w\" sizes=\"auto, (max-width: 770px) 100vw, 770px\" \/><\/a>\n\t\t\t<\/dt><\/dl><dl class='gallery-item'>\n\t\t\t<dt class='gallery-icon landscape'>\n\t\t\t\t<a href='https:\/\/podkarpacka.iarp.pl\/?attachment_id=5228'><img loading=\"lazy\" decoding=\"async\" width=\"770\" height=\"433\" src=\"https:\/\/podkarpacka.iarp.pl\/wp-content\/uploads\/2023\/01\/Forum-DA-1920x1080-1024x576.png\" class=\"attachment-large size-large\" alt=\"\" srcset=\"https:\/\/podkarpacka.iarp.pl\/wp-content\/uploads\/2023\/01\/Forum-DA-1920x1080-1024x576.png 1024w, https:\/\/podkarpacka.iarp.pl\/wp-content\/uploads\/2023\/01\/Forum-DA-1920x1080-300x169.png 300w, https:\/\/podkarpacka.iarp.pl\/wp-content\/uploads\/2023\/01\/Forum-DA-1920x1080-768x432.png 768w, https:\/\/podkarpacka.iarp.pl\/wp-content\/uploads\/2023\/01\/Forum-DA-1920x1080-600x338.png 600w, https:\/\/podkarpacka.iarp.pl\/wp-content\/uploads\/2023\/01\/Forum-DA-1920x1080.png 1920w\" sizes=\"auto, (max-width: 770px) 100vw, 770px\" \/><\/a>\n\t\t\t<\/dt><\/dl><dl class='gallery-item'>\n\t\t\t<dt class='gallery-icon landscape'>\n\t\t\t\t<a href='https:\/\/podkarpacka.iarp.pl\/?attachment_id=5229'><img loading=\"lazy\" decoding=\"async\" width=\"770\" height=\"433\" src=\"https:\/\/podkarpacka.iarp.pl\/wp-content\/uploads\/2023\/01\/Forum-DA-prelegenci-1024x576.png\" class=\"attachment-large size-large\" alt=\"\" srcset=\"https:\/\/podkarpacka.iarp.pl\/wp-content\/uploads\/2023\/01\/Forum-DA-prelegenci-1024x576.png 1024w, https:\/\/podkarpacka.iarp.pl\/wp-content\/uploads\/2023\/01\/Forum-DA-prelegenci-300x169.png 300w, https:\/\/podkarpacka.iarp.pl\/wp-content\/uploads\/2023\/01\/Forum-DA-prelegenci-768x432.png 768w, https:\/\/podkarpacka.iarp.pl\/wp-content\/uploads\/2023\/01\/Forum-DA-prelegenci-600x338.png 600w, https:\/\/podkarpacka.iarp.pl\/wp-content\/uploads\/2023\/01\/Forum-DA-prelegenci.png 1920w\" sizes=\"auto, (max-width: 770px) 100vw, 770px\" \/><\/a>\n\t\t\t<\/dt><\/dl><br style=\"clear: both\" \/>\n\t\t<\/div>\n\n","protected":false},"excerpt":{"rendered":"<p>Szanowni Pa\u0144stwo, Kole\u017canki i Koledzy Architekci, Rada Wielkopolskiej OIA RP, w imieniu Krajowej Rady Izby Architekt\u00f3w RP, serdecznie zaprasza do udzia\u0142u w tegorocznych Mi\u0119dzynarodowych Targach Budownictwa i Architektury\u00a0BUDMA\u00a02023,\u00a0\u00a0kt\u00f3re odb\u0119d\u0105 si\u0119 w \u00a0Poznaniu w formie stacjonarnej\u00a0w dniach od 31 stycznia do 3 lutego br. \u00a0 Szczeg\u00f3lnie zach\u0119camy do wzi\u0119cia udzia\u0142u w\u00a0FORUM DESIGNU i ARCHITEKTURY w dniach [&hellip;]<\/p>\n","protected":false},"author":6,"featured_media":5226,"comment_status":"closed","ping_status":"open","sticky":false,"template":"","format":"standard","meta":{"footnotes":""},"categories":[55],"tags":[],"class_list":["post-5220","post","type-post","status-publish","format-standard","has-post-thumbnail","hentry","category-wydarzenia"],"publishpress_future_action":{"enabled":false,"date":"2026-05-05 18:21:01","action":"change-status","newStatus":"draft","terms":[],"taxonomy":"category","extraData":[]},"publishpress_future_workflow_manual_trigger":{"enabledWorkflows":[]},"_links":{"self":[{"href":"https:\/\/podkarpacka.iarp.pl\/index.php?rest_route=\/wp\/v2\/posts\/5220","targetHints":{"allow":["GET"]}}],"collection":[{"href":"https:\/\/podkarpacka.iarp.pl\/index.php?rest_route=\/wp\/v2\/posts"}],"about":[{"href":"https:\/\/podkarpacka.iarp.pl\/index.php?rest_route=\/wp\/v2\/types\/post"}],"author":[{"embeddable":true,"href":"https:\/\/podkarpacka.iarp.pl\/index.php?rest_route=\/wp\/v2\/users\/6"}],"replies":[{"embeddable":true,"href":"https:\/\/podkarpacka.iarp.pl\/index.php?rest_route=%2Fwp%2Fv2%2Fcomments&post=5220"}],"version-history":[{"count":4,"href":"https:\/\/podkarpacka.iarp.pl\/index.php?rest_route=\/wp\/v2\/posts\/5220\/revisions"}],"predecessor-version":[{"id":5230,"href":"https:\/\/podkarpacka.iarp.pl\/index.php?rest_route=\/wp\/v2\/posts\/5220\/revisions\/5230"}],"wp:featuredmedia":[{"embeddable":true,"href":"https:\/\/podkarpacka.iarp.pl\/index.php?rest_route=\/wp\/v2\/media\/5226"}],"wp:attachment":[{"href":"https:\/\/podkarpacka.iarp.pl\/index.php?rest_route=%2Fwp%2Fv2%2Fmedia&parent=5220"}],"wp:term":[{"taxonomy":"category","embeddable":true,"href":"https:\/\/podkarpacka.iarp.pl\/index.php?rest_route=%2Fwp%2Fv2%2Fcategories&post=5220"},{"taxonomy":"post_tag","embeddable":true,"href":"https:\/\/podkarpacka.iarp.pl\/index.php?rest_route=%2Fwp%2Fv2%2Ftags&post=5220"}],"curies":[{"name":"wp","href":"https:\/\/api.w.org\/{rel}","templated":true}]}}