{"id":5233,"date":"2023-02-08T21:32:32","date_gmt":"2023-02-08T19:32:32","guid":{"rendered":"http:\/\/podkarpacka.iarp.pl\/?p=5233"},"modified":"2023-02-08T21:32:32","modified_gmt":"2023-02-08T19:32:32","slug":"archistrefa-3-dniowy-rejs-do-szwecji","status":"publish","type":"post","link":"https:\/\/podkarpacka.iarp.pl\/?p=5233","title":{"rendered":"ARCHISTREFA &#8211; 3 dniowy rejs do Szwecji"},"content":{"rendered":"<p>W imieniu Zarz\u0105du G\u0142\u00f3wnego SARP zapraszamy do wzi\u0119cia udzia\u0142u we wsp\u00f3lnym rejsie integracyjnym:<\/p>\n<p><em>Kole\u017canki i Koledzy,<br \/>\n<\/em><\/p>\n<p><em>zapraszamy do wzi\u0119cia udzia\u0142u w cyklicznym wydarzeniu ARCHISTREFA organizowanym przez Zarz\u0105d G\u0142\u00f3wny SARP i skierowanym do wszystkich architekt\u00f3w b\u0119d\u0105cych cz\u0142onkami SARP, Izby Architekt\u00f3w oraz Stowarzyszenia Architekt\u00f3w Wn\u0119trz.\u00a0Celem wydarzenia jest udzia\u0142 w przygotowanych przez naszych Partner\u00f3w prezentacjach produkt\u00f3w dla potrzeb czynnych zawodowo architekt\u00f3w, integracja \u015brodowiska tw\u00f3rc\u00f3w architektury i \u0142adu przestrzennego na promie (nikt nie mo\u017ce uciec) oraz mo\u017cliwo\u015b\u0107 odwiedzenia stolicy Szwecji &#8211; Sztokholmu.<br \/>\nNaszym zdaniem jest to \u015bwietny pomys\u0142 na sp\u0119dzenie czasu razem , wymian\u0119 zda\u0144 i nurtuj\u0105cych nas problem\u00f3w oraz poznanie siebie nawzajem.<\/em><\/p>\n<p style=\"font-weight: 400;\"><em>W za\u0142\u0105czeniu program i warunki uczestnictwa.<\/em><\/p>\n<p><em>\u00a0<\/em><\/p>\n<p style=\"font-weight: 400;\"><em>Z kole\u017ce\u0144skim pozdrowieniem<br \/>\nMa\u0142gorzata Schmidt architekt IARP<br \/>\ncz\u0142onek Zarz\u0105du G\u0142\u00f3wnego SARP<br \/>\nPrzewodnicz\u0105ca Rady KPOIA RP<\/em><\/p>\n<p>&nbsp;<\/p>\n<p><strong>Program wyjazdu wraz z adresem i tre\u015bci\u0105 zg\u0142oszenia znajduje si\u0119 w -&gt; <a href=\"https:\/\/podkarpacka.iarp.pl\/wp-content\/uploads\/2023\/02\/VI-warsztaty-ARCHISTREFA-program-i-oferta-dla-uczestnik\u00f3w.pdf\" target=\"_blank\" rel=\"noopener noreferrer\">dokumencie pdf<\/a><\/strong><\/p>\n","protected":false},"excerpt":{"rendered":"<p>W imieniu Zarz\u0105du G\u0142\u00f3wnego SARP zapraszamy do wzi\u0119cia udzia\u0142u we wsp\u00f3lnym rejsie integracyjnym: Kole\u017canki i Koledzy, zapraszamy do wzi\u0119cia udzia\u0142u w cyklicznym wydarzeniu ARCHISTREFA organizowanym przez Zarz\u0105d G\u0142\u00f3wny SARP i skierowanym do wszystkich architekt\u00f3w b\u0119d\u0105cych cz\u0142onkami SARP, Izby Architekt\u00f3w oraz Stowarzyszenia Architekt\u00f3w Wn\u0119trz.\u00a0Celem wydarzenia jest udzia\u0142 w przygotowanych przez naszych Partner\u00f3w prezentacjach produkt\u00f3w dla potrzeb [&hellip;]<\/p>\n","protected":false},"author":6,"featured_media":4549,"comment_status":"closed","ping_status":"open","sticky":false,"template":"","format":"standard","meta":{"footnotes":""},"categories":[56],"tags":[],"class_list":["post-5233","post","type-post","status-publish","format-standard","has-post-thumbnail","hentry","category-informacje-rady"],"publishpress_future_action":{"enabled":false,"date":"2026-05-08 06:29:49","action":"change-status","newStatus":"draft","terms":[],"taxonomy":"category","extraData":[]},"publishpress_future_workflow_manual_trigger":{"enabledWorkflows":[]},"_links":{"self":[{"href":"https:\/\/podkarpacka.iarp.pl\/index.php?rest_route=\/wp\/v2\/posts\/5233","targetHints":{"allow":["GET"]}}],"collection":[{"href":"https:\/\/podkarpacka.iarp.pl\/index.php?rest_route=\/wp\/v2\/posts"}],"about":[{"href":"https:\/\/podkarpacka.iarp.pl\/index.php?rest_route=\/wp\/v2\/types\/post"}],"author":[{"embeddable":true,"href":"https:\/\/podkarpacka.iarp.pl\/index.php?rest_route=\/wp\/v2\/users\/6"}],"replies":[{"embeddable":true,"href":"https:\/\/podkarpacka.iarp.pl\/index.php?rest_route=%2Fwp%2Fv2%2Fcomments&post=5233"}],"version-history":[{"count":2,"href":"https:\/\/podkarpacka.iarp.pl\/index.php?rest_route=\/wp\/v2\/posts\/5233\/revisions"}],"predecessor-version":[{"id":5236,"href":"https:\/\/podkarpacka.iarp.pl\/index.php?rest_route=\/wp\/v2\/posts\/5233\/revisions\/5236"}],"wp:featuredmedia":[{"embeddable":true,"href":"https:\/\/podkarpacka.iarp.pl\/index.php?rest_route=\/wp\/v2\/media\/4549"}],"wp:attachment":[{"href":"https:\/\/podkarpacka.iarp.pl\/index.php?rest_route=%2Fwp%2Fv2%2Fmedia&parent=5233"}],"wp:term":[{"taxonomy":"category","embeddable":true,"href":"https:\/\/podkarpacka.iarp.pl\/index.php?rest_route=%2Fwp%2Fv2%2Fcategories&post=5233"},{"taxonomy":"post_tag","embeddable":true,"href":"https:\/\/podkarpacka.iarp.pl\/index.php?rest_route=%2Fwp%2Fv2%2Ftags&post=5233"}],"curies":[{"name":"wp","href":"https:\/\/api.w.org\/{rel}","templated":true}]}}