{"id":5238,"date":"2023-02-14T16:13:22","date_gmt":"2023-02-14T14:13:22","guid":{"rendered":"http:\/\/podkarpacka.iarp.pl\/?p=5238"},"modified":"2023-02-17T10:55:10","modified_gmt":"2023-02-17T08:55:10","slug":"szkolenie-komfort-ciszy-w-twoim-biurze","status":"publish","type":"post","link":"https:\/\/podkarpacka.iarp.pl\/?p=5238","title":{"rendered":"Szkolenie \u201eKomfort ciszy w Twoim biurze\u201c &#8211; dwa terminy"},"content":{"rendered":"<p>Drogie Kole\u017canki, Drodzy Koledzy,<\/p>\n<p>zapraszamy do wzi\u0119cia udzia\u0142u w szkoleniu <strong>pt. \u201eKomfort ciszy w Twoim biurze\u201c<\/strong> dla cz\u0142onk\u00f3w Podkarpackiej Okr\u0119gowej Izby Architekt\u00f3w RP, kt\u00f3re odb\u0119dzie si\u0119 w dniu<strong> 21 lutego 2023 roku o godz: 10:00 w siedzibie PKOIA<\/strong> &#8211; Rzesz\u00f3w, Rynek 8.<\/p>\n<p>Prowadz\u0105ca szkolenie dr in\u017c. Agata Szel\u0105g.<\/p>\n<p>Przekazujemy link do rejestracji na stronie IARP oraz szczeg\u00f3\u0142owy program <a href=\"https:\/\/szkolenia.iarp.pl\/szkolenie\/1190\" target=\"_blank\" rel=\"noopener noreferrer\">https:\/\/szkolenia.iarp.pl\/szkolenie\/1190<\/a><\/p>\n<p>&nbsp;<\/p>\n<p style=\"font-weight: 400;\">Informujemy, \u017ce \u00a0uruchomili\u015bmy to samo szkolenie w drugim terminie\u00a0<strong>w dniu 22 lutego 2023 r. o \u00a0godz. 10:00 w siedzibie PKOIA, Rynek 8.<\/strong><\/p>\n<p style=\"font-weight: 400;\">Link do rejestracji i programu\u00a0<a href=\"https:\/\/szkolenia.iarp.pl\/szkolenie\/1192\" data-saferedirecturl=\"https:\/\/www.google.com\/url?q=https:\/\/szkolenia.iarp.pl\/szkolenie\/1192&amp;source=gmail&amp;ust=1676705679620000&amp;usg=AOvVaw3fA7GOgFBtk3qC7MTeR9vF\">https:\/\/szkolenia.iarp.pl\/szkolenie\/1192<\/a><\/p>\n<p>&nbsp;<\/p>\n<p>Serdecznie zapraszamy do zapis\u00f3w!<\/p>\n","protected":false},"excerpt":{"rendered":"<p>Drogie Kole\u017canki, Drodzy Koledzy, zapraszamy do wzi\u0119cia udzia\u0142u w szkoleniu pt. \u201eKomfort ciszy w Twoim biurze\u201c dla cz\u0142onk\u00f3w Podkarpackiej Okr\u0119gowej Izby Architekt\u00f3w RP, kt\u00f3re odb\u0119dzie si\u0119 w dniu 21 lutego 2023 roku o godz: 10:00 w siedzibie PKOIA &#8211; Rzesz\u00f3w, Rynek 8. Prowadz\u0105ca szkolenie dr in\u017c. Agata Szel\u0105g. Przekazujemy link do rejestracji na stronie IARP [&hellip;]<\/p>\n","protected":false},"author":6,"featured_media":4549,"comment_status":"closed","ping_status":"open","sticky":false,"template":"","format":"standard","meta":{"footnotes":""},"categories":[57],"tags":[],"class_list":["post-5238","post","type-post","status-publish","format-standard","has-post-thumbnail","hentry","category-szkolenia"],"publishpress_future_action":{"enabled":false,"date":"2026-05-04 22:49:05","action":"change-status","newStatus":"draft","terms":[],"taxonomy":"category","extraData":[]},"publishpress_future_workflow_manual_trigger":{"enabledWorkflows":[]},"_links":{"self":[{"href":"https:\/\/podkarpacka.iarp.pl\/index.php?rest_route=\/wp\/v2\/posts\/5238","targetHints":{"allow":["GET"]}}],"collection":[{"href":"https:\/\/podkarpacka.iarp.pl\/index.php?rest_route=\/wp\/v2\/posts"}],"about":[{"href":"https:\/\/podkarpacka.iarp.pl\/index.php?rest_route=\/wp\/v2\/types\/post"}],"author":[{"embeddable":true,"href":"https:\/\/podkarpacka.iarp.pl\/index.php?rest_route=\/wp\/v2\/users\/6"}],"replies":[{"embeddable":true,"href":"https:\/\/podkarpacka.iarp.pl\/index.php?rest_route=%2Fwp%2Fv2%2Fcomments&post=5238"}],"version-history":[{"count":2,"href":"https:\/\/podkarpacka.iarp.pl\/index.php?rest_route=\/wp\/v2\/posts\/5238\/revisions"}],"predecessor-version":[{"id":5240,"href":"https:\/\/podkarpacka.iarp.pl\/index.php?rest_route=\/wp\/v2\/posts\/5238\/revisions\/5240"}],"wp:featuredmedia":[{"embeddable":true,"href":"https:\/\/podkarpacka.iarp.pl\/index.php?rest_route=\/wp\/v2\/media\/4549"}],"wp:attachment":[{"href":"https:\/\/podkarpacka.iarp.pl\/index.php?rest_route=%2Fwp%2Fv2%2Fmedia&parent=5238"}],"wp:term":[{"taxonomy":"category","embeddable":true,"href":"https:\/\/podkarpacka.iarp.pl\/index.php?rest_route=%2Fwp%2Fv2%2Fcategories&post=5238"},{"taxonomy":"post_tag","embeddable":true,"href":"https:\/\/podkarpacka.iarp.pl\/index.php?rest_route=%2Fwp%2Fv2%2Ftags&post=5238"}],"curies":[{"name":"wp","href":"https:\/\/api.w.org\/{rel}","templated":true}]}}