{"id":5242,"date":"2023-02-23T23:10:13","date_gmt":"2023-02-23T21:10:13","guid":{"rendered":"http:\/\/podkarpacka.iarp.pl\/?p=5242"},"modified":"2023-02-23T23:11:27","modified_gmt":"2023-02-23T21:11:27","slug":"xvi-sprawozdawczego-okregowego-zjazdu-podkarpackiej-okregowej-izby-architektow-rp","status":"publish","type":"post","link":"https:\/\/podkarpacka.iarp.pl\/?p=5242","title":{"rendered":"XVI Sprawozdawczego Okr\u0119gowego Zjazdu Podkarpackiej Okr\u0119gowej Izby Architekt\u00f3w RP"},"content":{"rendered":"<p style=\"font-weight: 400;\">Szanowni Delegaci,<\/p>\n<p style=\"font-weight: 400;\">Informujemy o zwo\u0142aniu XVI Sprawozdawczego Okr\u0119gowego Zjazdu Podkarpackiej \u00a0Okr\u0119gowej Izby Architekt\u00f3w RP, kt\u00f3ry odb\u0119dzie si\u0119 w dniu 27 marca 2023 roku ,o godz 15:00 w Hotelu Metropolitan przy ul. S\u0142owackiego 16 w Rzeszowie.<\/p>\n<p><a href=\"https:\/\/podkarpacka.iarp.pl\/wp-content\/uploads\/2023\/02\/Zawiadomienie-o-XVI-Sprawozdawczym-Zje\u017adzie-PKOIA-RP.pdf\" target=\"_blank\" rel=\"noopener noreferrer\">PISMO<\/a><\/p>\n","protected":false},"excerpt":{"rendered":"<p>Szanowni Delegaci, Informujemy o zwo\u0142aniu XVI Sprawozdawczego Okr\u0119gowego Zjazdu Podkarpackiej \u00a0Okr\u0119gowej Izby Architekt\u00f3w RP, kt\u00f3ry odb\u0119dzie si\u0119 w dniu 27 marca 2023 roku ,o godz 15:00 w Hotelu Metropolitan przy ul. S\u0142owackiego 16 w Rzeszowie. PISMO<\/p>\n","protected":false},"author":6,"featured_media":4549,"comment_status":"closed","ping_status":"open","sticky":false,"template":"","format":"standard","meta":{"footnotes":""},"categories":[71,56],"tags":[],"class_list":["post-5242","post","type-post","status-publish","format-standard","has-post-thumbnail","hentry","category-slider-strona-glowna","category-informacje-rady"],"publishpress_future_action":{"enabled":false,"date":"2026-05-05 03:27:39","action":"change-status","newStatus":"draft","terms":[],"taxonomy":"category","extraData":[]},"publishpress_future_workflow_manual_trigger":{"enabledWorkflows":[]},"_links":{"self":[{"href":"https:\/\/podkarpacka.iarp.pl\/index.php?rest_route=\/wp\/v2\/posts\/5242","targetHints":{"allow":["GET"]}}],"collection":[{"href":"https:\/\/podkarpacka.iarp.pl\/index.php?rest_route=\/wp\/v2\/posts"}],"about":[{"href":"https:\/\/podkarpacka.iarp.pl\/index.php?rest_route=\/wp\/v2\/types\/post"}],"author":[{"embeddable":true,"href":"https:\/\/podkarpacka.iarp.pl\/index.php?rest_route=\/wp\/v2\/users\/6"}],"replies":[{"embeddable":true,"href":"https:\/\/podkarpacka.iarp.pl\/index.php?rest_route=%2Fwp%2Fv2%2Fcomments&post=5242"}],"version-history":[{"count":2,"href":"https:\/\/podkarpacka.iarp.pl\/index.php?rest_route=\/wp\/v2\/posts\/5242\/revisions"}],"predecessor-version":[{"id":5245,"href":"https:\/\/podkarpacka.iarp.pl\/index.php?rest_route=\/wp\/v2\/posts\/5242\/revisions\/5245"}],"wp:featuredmedia":[{"embeddable":true,"href":"https:\/\/podkarpacka.iarp.pl\/index.php?rest_route=\/wp\/v2\/media\/4549"}],"wp:attachment":[{"href":"https:\/\/podkarpacka.iarp.pl\/index.php?rest_route=%2Fwp%2Fv2%2Fmedia&parent=5242"}],"wp:term":[{"taxonomy":"category","embeddable":true,"href":"https:\/\/podkarpacka.iarp.pl\/index.php?rest_route=%2Fwp%2Fv2%2Fcategories&post=5242"},{"taxonomy":"post_tag","embeddable":true,"href":"https:\/\/podkarpacka.iarp.pl\/index.php?rest_route=%2Fwp%2Fv2%2Ftags&post=5242"}],"curies":[{"name":"wp","href":"https:\/\/api.w.org\/{rel}","templated":true}]}}