{"id":5253,"date":"2023-03-23T08:52:51","date_gmt":"2023-03-23T06:52:51","guid":{"rendered":"http:\/\/podkarpacka.iarp.pl\/?p=5253"},"modified":"2023-03-27T09:18:47","modified_gmt":"2023-03-27T07:18:47","slug":"katalog-ppa","status":"publish","type":"post","link":"https:\/\/podkarpacka.iarp.pl\/?p=5253","title":{"rendered":"Katalog PPA &#8211; ostateczny termin"},"content":{"rendered":"<p style=\"font-weight: 400;\">Dzie\u0144 dobry,<\/p>\n<p style=\"font-weight: 400;\">W zwi\u0105zku z licznymi telefonami pragniemy poinformowa\u0107 o przed\u0142u\u017ceniu terminu sk\u0142adania prac do 28 kwietnia 2023 r.<\/p>\n<p style=\"font-weight: 400;\">Przypominamy, \u017ce trwaj\u0105 prace w zwi\u0105zku z przygotowaniem katalogu Podkarpackiego Przegl\u0105du Architektury, Podkarpacka Okr\u0119gowa Rada Izby Architekt\u00f3w RP zwraca si\u0119 z kolejn\u0105\u00a0 pro\u015bb\u0105 o przesy\u0142anie prac w\u0142asnego autorstwa celem umieszczenia ich w katalogu.<\/p>\n<p style=\"font-weight: 400;\">W za\u0142\u0105czeniu pismo z korekt\u0105 terminu w\/w temacie .<\/p>\n<p><a href=\"https:\/\/podkarpacka.iarp.pl\/wp-content\/uploads\/2023\/03\/pismo-dot.katalogu-PPA-_sprostowanie.pdf\" target=\"_blank\" rel=\"noopener noreferrer\">pismo dot.katalogu PPA _sprostowanie<\/a><\/p>\n","protected":false},"excerpt":{"rendered":"<p>Dzie\u0144 dobry, W zwi\u0105zku z licznymi telefonami pragniemy poinformowa\u0107 o przed\u0142u\u017ceniu terminu sk\u0142adania prac do 28 kwietnia 2023 r. Przypominamy, \u017ce trwaj\u0105 prace w zwi\u0105zku z przygotowaniem katalogu Podkarpackiego Przegl\u0105du Architektury, Podkarpacka Okr\u0119gowa Rada Izby Architekt\u00f3w RP zwraca si\u0119 z kolejn\u0105\u00a0 pro\u015bb\u0105 o przesy\u0142anie prac w\u0142asnego autorstwa celem umieszczenia ich w katalogu. W za\u0142\u0105czeniu pismo [&hellip;]<\/p>\n","protected":false},"author":6,"featured_media":4634,"comment_status":"closed","ping_status":"open","sticky":false,"template":"","format":"standard","meta":{"footnotes":""},"categories":[56],"tags":[],"class_list":["post-5253","post","type-post","status-publish","format-standard","has-post-thumbnail","hentry","category-informacje-rady"],"publishpress_future_action":{"enabled":false,"date":"2026-05-08 06:23:47","action":"change-status","newStatus":"draft","terms":[],"taxonomy":"category","extraData":[]},"publishpress_future_workflow_manual_trigger":{"enabledWorkflows":[]},"_links":{"self":[{"href":"https:\/\/podkarpacka.iarp.pl\/index.php?rest_route=\/wp\/v2\/posts\/5253","targetHints":{"allow":["GET"]}}],"collection":[{"href":"https:\/\/podkarpacka.iarp.pl\/index.php?rest_route=\/wp\/v2\/posts"}],"about":[{"href":"https:\/\/podkarpacka.iarp.pl\/index.php?rest_route=\/wp\/v2\/types\/post"}],"author":[{"embeddable":true,"href":"https:\/\/podkarpacka.iarp.pl\/index.php?rest_route=\/wp\/v2\/users\/6"}],"replies":[{"embeddable":true,"href":"https:\/\/podkarpacka.iarp.pl\/index.php?rest_route=%2Fwp%2Fv2%2Fcomments&post=5253"}],"version-history":[{"count":4,"href":"https:\/\/podkarpacka.iarp.pl\/index.php?rest_route=\/wp\/v2\/posts\/5253\/revisions"}],"predecessor-version":[{"id":5259,"href":"https:\/\/podkarpacka.iarp.pl\/index.php?rest_route=\/wp\/v2\/posts\/5253\/revisions\/5259"}],"wp:featuredmedia":[{"embeddable":true,"href":"https:\/\/podkarpacka.iarp.pl\/index.php?rest_route=\/wp\/v2\/media\/4634"}],"wp:attachment":[{"href":"https:\/\/podkarpacka.iarp.pl\/index.php?rest_route=%2Fwp%2Fv2%2Fmedia&parent=5253"}],"wp:term":[{"taxonomy":"category","embeddable":true,"href":"https:\/\/podkarpacka.iarp.pl\/index.php?rest_route=%2Fwp%2Fv2%2Fcategories&post=5253"},{"taxonomy":"post_tag","embeddable":true,"href":"https:\/\/podkarpacka.iarp.pl\/index.php?rest_route=%2Fwp%2Fv2%2Ftags&post=5253"}],"curies":[{"name":"wp","href":"https:\/\/api.w.org\/{rel}","templated":true}]}}