{"id":5306,"date":"2023-04-06T10:05:03","date_gmt":"2023-04-06T08:05:03","guid":{"rendered":"http:\/\/podkarpacka.iarp.pl\/?p=5306"},"modified":"2023-04-06T10:05:03","modified_gmt":"2023-04-06T08:05:03","slug":"zyczenia-swiateczne-podkarpackiej-okregowej-rady-architektow-rp-3","status":"publish","type":"post","link":"https:\/\/podkarpacka.iarp.pl\/?p=5306","title":{"rendered":"\u017byczenia \u015awi\u0105teczne Podkarpackiej Okr\u0119gowej Rady Architekt\u00f3w RP"},"content":{"rendered":"<p><a href=\"https:\/\/podkarpacka.iarp.pl\/wp-content\/uploads\/2023\/04\/Wielkanoc-Izba-2023.jpg\"><img loading=\"lazy\" decoding=\"async\" class=\"aligncenter size-large wp-image-5307\" src=\"https:\/\/podkarpacka.iarp.pl\/wp-content\/uploads\/2023\/04\/Wielkanoc-Izba-2023-1024x858.jpg\" alt=\"\" width=\"770\" height=\"645\" srcset=\"https:\/\/podkarpacka.iarp.pl\/wp-content\/uploads\/2023\/04\/Wielkanoc-Izba-2023-1024x858.jpg 1024w, https:\/\/podkarpacka.iarp.pl\/wp-content\/uploads\/2023\/04\/Wielkanoc-Izba-2023-300x251.jpg 300w, https:\/\/podkarpacka.iarp.pl\/wp-content\/uploads\/2023\/04\/Wielkanoc-Izba-2023-768x644.jpg 768w, https:\/\/podkarpacka.iarp.pl\/wp-content\/uploads\/2023\/04\/Wielkanoc-Izba-2023-600x503.jpg 600w, https:\/\/podkarpacka.iarp.pl\/wp-content\/uploads\/2023\/04\/Wielkanoc-Izba-2023.jpg 2000w\" sizes=\"auto, (max-width: 770px) 100vw, 770px\" \/><\/a><\/p>\n","protected":false},"excerpt":{"rendered":"","protected":false},"author":6,"featured_media":5307,"comment_status":"closed","ping_status":"open","sticky":false,"template":"","format":"standard","meta":{"footnotes":""},"categories":[56],"tags":[],"class_list":["post-5306","post","type-post","status-publish","format-standard","has-post-thumbnail","hentry","category-informacje-rady"],"publishpress_future_action":{"enabled":false,"date":"2026-05-08 05:04:27","action":"change-status","newStatus":"draft","terms":[],"taxonomy":"category","extraData":[]},"publishpress_future_workflow_manual_trigger":{"enabledWorkflows":[]},"_links":{"self":[{"href":"https:\/\/podkarpacka.iarp.pl\/index.php?rest_route=\/wp\/v2\/posts\/5306","targetHints":{"allow":["GET"]}}],"collection":[{"href":"https:\/\/podkarpacka.iarp.pl\/index.php?rest_route=\/wp\/v2\/posts"}],"about":[{"href":"https:\/\/podkarpacka.iarp.pl\/index.php?rest_route=\/wp\/v2\/types\/post"}],"author":[{"embeddable":true,"href":"https:\/\/podkarpacka.iarp.pl\/index.php?rest_route=\/wp\/v2\/users\/6"}],"replies":[{"embeddable":true,"href":"https:\/\/podkarpacka.iarp.pl\/index.php?rest_route=%2Fwp%2Fv2%2Fcomments&post=5306"}],"version-history":[{"count":2,"href":"https:\/\/podkarpacka.iarp.pl\/index.php?rest_route=\/wp\/v2\/posts\/5306\/revisions"}],"predecessor-version":[{"id":5309,"href":"https:\/\/podkarpacka.iarp.pl\/index.php?rest_route=\/wp\/v2\/posts\/5306\/revisions\/5309"}],"wp:featuredmedia":[{"embeddable":true,"href":"https:\/\/podkarpacka.iarp.pl\/index.php?rest_route=\/wp\/v2\/media\/5307"}],"wp:attachment":[{"href":"https:\/\/podkarpacka.iarp.pl\/index.php?rest_route=%2Fwp%2Fv2%2Fmedia&parent=5306"}],"wp:term":[{"taxonomy":"category","embeddable":true,"href":"https:\/\/podkarpacka.iarp.pl\/index.php?rest_route=%2Fwp%2Fv2%2Fcategories&post=5306"},{"taxonomy":"post_tag","embeddable":true,"href":"https:\/\/podkarpacka.iarp.pl\/index.php?rest_route=%2Fwp%2Fv2%2Ftags&post=5306"}],"curies":[{"name":"wp","href":"https:\/\/api.w.org\/{rel}","templated":true}]}}