{"id":5317,"date":"2023-04-10T18:48:52","date_gmt":"2023-04-10T16:48:52","guid":{"rendered":"http:\/\/podkarpacka.iarp.pl\/?p=5317"},"modified":"2023-04-11T09:41:47","modified_gmt":"2023-04-11T07:41:47","slug":"uchwaly-xvi-sprawozdawczego-okregowego-zjazdu-podkarpackiej-okregowej-izby-architektow-rp","status":"publish","type":"post","link":"https:\/\/podkarpacka.iarp.pl\/?p=5317","title":{"rendered":"Uchwa\u0142y XVI Sprawozdawczego Okr\u0119gowego Zjazdu Podkarpackiej Okr\u0119gowej Izby Architekt\u00f3w RP"},"content":{"rendered":"<p>&nbsp;<\/p>\n<p>Uchwa\u0142y zjazdowe &#8211; XVI Sprawozdawczego Okr\u0119gowego Zjazdu Podkarpackiej Okr\u0119gowej Izby Architekt\u00f3w RP z dnia 27 marca 2023 roku:<\/p>\n<p>&#8211; Uchwa\u0142a nr 1 w sprawie zatwierdzenia sprawozdania z dzia\u0142alno\u015bci: Okr\u0119gowej Rady PKOIA RP za okres od 1.03.2022 r. do 28.02.2023 r.<\/p>\n<p>&#8211; Uchwa\u0142a nr 2 w sprawie udzielenia absolutorium Podkarpackiej Okr\u0119gowej Radzie Izby Architekt\u00f3w RP za okres od 1.03.2022 r. do 28.02.2023 r.<\/p>\n<p>&#8211; Uchwa\u0142a nr 3 w sprawie zatwierdzenia sprawozdania z dzia\u0142alno\u015bci: Okr\u0119gowej Komisji Kwalifikacyjnej PKOIA RP za okres od 1.03.2022 r. do 28.02.2023 r.<\/p>\n<p>&#8211; Uchwa\u0142a nr 4 w sprawie zatwierdzenia sprawozdania z dzia\u0142alno\u015bci: Okr\u0119gowego Rzecznika Odpowiedzialno\u015bci Zawodowej PKOIA RP za okres od 27.02.2022 r. do 28.02.2023 r.<\/p>\n<p>&#8211; Uchwa\u0142a nr 5 w sprawie zatwierdzenia sprawozdania z dzia\u0142alno\u015bci: Okr\u0119gowego S\u0105du Dyscyplinarnego PKOIA RP za okres od 1.03.2022 r. do 28.02.2023 r.<\/p>\n<p>&#8211; Uchwa\u0142a nr 6 w sprawie zatwierdzenia sprawozdania z dzia\u0142alno\u015bci: Okr\u0119gowej Komisji Rewizyjnej PKOIA RP za okres od 1.03.2022 r. do 28.02.2023 r.<\/p>\n<p>&#8211; Uchwa\u0142a nr 7 w sprawie zatwierdzenia sprawozdania finansowego Podkarpackiej Okr\u0119gowej Izby Architekt\u00f3w RP za rok 2022<\/p>\n<p>&#8211; Uchwa\u0142a nr 8 w przedmiocie przyj\u0119cia preliminarza bud\u017cetowego Podkarpackiej Okr\u0119gowej Izby Architekt\u00f3w RP na rok 2023<\/p>\n<p>&#8211; Uchwa\u0142a nr 9 w sprawie rozliczenia ujemnego wyniku finansowego tj. pokrycia straty za rok obrotowy 2022 w kwocie 7\u00a0821,60 z\u0142 (s\u0142ownie: siedem tysi\u0119cy osiemset dwadzie\u015bcia jeden z\u0142otych sze\u015b\u0107dziesi\u0105t groszy).<\/p>\n<p>&#8211; Uchwa\u0142a nr 10 w przedmiocie zmiany zasad funkcjonowania zespo\u0142u ds. szkolenia architekt\u00f3w IARP<\/p>\n<p>&nbsp;<\/p>\n<p>Tre\u015b\u0107 uchwa\u0142 zosta\u0142a opublikowana w za\u0142\u0105czeniu do postu w postaci zbiorczego pliku pdf.<\/p>\n<p>&nbsp;<\/p>\n<p><a href=\"https:\/\/podkarpacka.iarp.pl\/wp-content\/uploads\/2023\/04\/uchwa\u0142y-XVI-Zjazdu-sprawozdawczego-PKOIA-RP.pdf\" target=\"_blank\" rel=\"noopener noreferrer\">uchwa\u0142y XVI Zjazdu sprawozdawczego PKOIA RP<\/a><\/p>\n","protected":false},"excerpt":{"rendered":"<p>&nbsp; Uchwa\u0142y zjazdowe &#8211; XVI Sprawozdawczego Okr\u0119gowego Zjazdu Podkarpackiej Okr\u0119gowej Izby Architekt\u00f3w RP z dnia 27 marca 2023 roku: &#8211; Uchwa\u0142a nr 1 w sprawie zatwierdzenia sprawozdania z dzia\u0142alno\u015bci: Okr\u0119gowej Rady PKOIA RP za okres od 1.03.2022 r. do 28.02.2023 r. &#8211; Uchwa\u0142a nr 2 w sprawie udzielenia absolutorium Podkarpackiej Okr\u0119gowej Radzie Izby Architekt\u00f3w RP [&hellip;]<\/p>\n","protected":false},"author":6,"featured_media":4549,"comment_status":"closed","ping_status":"open","sticky":false,"template":"","format":"standard","meta":{"footnotes":""},"categories":[56],"tags":[],"class_list":["post-5317","post","type-post","status-publish","format-standard","has-post-thumbnail","hentry","category-informacje-rady"],"publishpress_future_action":{"enabled":false,"date":"2026-05-08 05:27:44","action":"change-status","newStatus":"draft","terms":[],"taxonomy":"category","extraData":[]},"publishpress_future_workflow_manual_trigger":{"enabledWorkflows":[]},"_links":{"self":[{"href":"https:\/\/podkarpacka.iarp.pl\/index.php?rest_route=\/wp\/v2\/posts\/5317","targetHints":{"allow":["GET"]}}],"collection":[{"href":"https:\/\/podkarpacka.iarp.pl\/index.php?rest_route=\/wp\/v2\/posts"}],"about":[{"href":"https:\/\/podkarpacka.iarp.pl\/index.php?rest_route=\/wp\/v2\/types\/post"}],"author":[{"embeddable":true,"href":"https:\/\/podkarpacka.iarp.pl\/index.php?rest_route=\/wp\/v2\/users\/6"}],"replies":[{"embeddable":true,"href":"https:\/\/podkarpacka.iarp.pl\/index.php?rest_route=%2Fwp%2Fv2%2Fcomments&post=5317"}],"version-history":[{"count":3,"href":"https:\/\/podkarpacka.iarp.pl\/index.php?rest_route=\/wp\/v2\/posts\/5317\/revisions"}],"predecessor-version":[{"id":5322,"href":"https:\/\/podkarpacka.iarp.pl\/index.php?rest_route=\/wp\/v2\/posts\/5317\/revisions\/5322"}],"wp:featuredmedia":[{"embeddable":true,"href":"https:\/\/podkarpacka.iarp.pl\/index.php?rest_route=\/wp\/v2\/media\/4549"}],"wp:attachment":[{"href":"https:\/\/podkarpacka.iarp.pl\/index.php?rest_route=%2Fwp%2Fv2%2Fmedia&parent=5317"}],"wp:term":[{"taxonomy":"category","embeddable":true,"href":"https:\/\/podkarpacka.iarp.pl\/index.php?rest_route=%2Fwp%2Fv2%2Fcategories&post=5317"},{"taxonomy":"post_tag","embeddable":true,"href":"https:\/\/podkarpacka.iarp.pl\/index.php?rest_route=%2Fwp%2Fv2%2Ftags&post=5317"}],"curies":[{"name":"wp","href":"https:\/\/api.w.org\/{rel}","templated":true}]}}