{"id":5327,"date":"2023-04-19T11:40:26","date_gmt":"2023-04-19T09:40:26","guid":{"rendered":"http:\/\/podkarpacka.iarp.pl\/?p=5327"},"modified":"2023-04-19T11:53:30","modified_gmt":"2023-04-19T09:53:30","slug":"informacja-w-sprawie-praktyk-studenckich","status":"publish","type":"post","link":"https:\/\/podkarpacka.iarp.pl\/?p=5327","title":{"rendered":"INFORMACJA W SPRAWIE PRAKTYK STUDENCKICH"},"content":{"rendered":"<p>INFORMACJA W SPRAWIE PRAKTYK STUDENCKICH<\/p>\n<p>Kole\u017canki i Koledzy,<br \/>\nch\u0119tnych do przyj\u0119cia student\u00f3w na semestraln\u0105 praktyk\u0119 studenck\u0105 prosimy o rejestracj\u0119 na stronie https:\/\/praktyki.izbaarchitektow.pl\/ w zak\u0142adce &#8220;jestem architektem&#8221;.<\/p>\n<p>Studenci,<br \/>\nStudenci mog\u0105 rejestrowa\u0107 si\u0119 do systemu praktyk na stronie https:\/\/praktyki.izbaarchitektow.pl\/ w zak\u0142adce &#8220;jestem studentem&#8221;. Dost\u0119p do og\u00f3lnopolskiej platformy studenci mog\u0105 uzyska\u0107 za po\u015brednictwem Politechniki Rzeszowskiej, kt\u00f3ra udost\u0119pni login do systemu.<\/p>\n<ul>\n<li>W dniu 28.03.2023 r. Rada PKOIA RP przes\u0142a\u0142a na r\u0119ce Pani Prodziekan ds. Kszta\u0142cenia WBI\u015aiA Politechniki Rzeszowskiej podpisan\u0105 umow\u0119 ws. odbycia praktyk. W celu uzyskania szczeg\u00f3\u0142owych informacji, prosimy o bezpo\u015bredni kontakt student\u00f3w z Politechnik\u0105 Rzeszowsk\u0105<\/li>\n<li>informacje na temat praktyk na stronie IARP:<br \/>\n<a href=\"https:\/\/www.izbaarchitektow.pl\/kategoria\/studenckie_praktyki_zawodowe,352\/?fbclid=IwAR0si2NC7nX2opd2SYkU75HIXcXLqE1ccnn836GvXxXWN6M9DGvvGdFxa4w\" target=\"_blank\" rel=\"noopener noreferrer\">https:\/\/www.izbaarchitektow.pl\/&#8230;\/studenckie_praktyki&#8230;\/<\/a><\/li>\n<li>standard studenckich praktyk zawodowych:<br \/>\n<a href=\"https:\/\/www.izbaarchitektow.pl\/pliki\/2142_system_studenckich_praktyk_zawodowych_24032023_641dd9bab54de.pdf?fbclid=IwAR3b65TfO_K9XXIOR-69YyeAuB7AhxCwRgS7d-XcwiwWiTPgXM3jsFzj8Xs\" target=\"_blank\" rel=\"noopener noreferrer\">https:\/\/www.izbaarchitektow.pl\/&#8230;\/2142_system&#8230;<\/a><\/li>\n<\/ul>\n<p>&nbsp;<\/p>\n<p>Za\u0142\u0105cznik:<\/p>\n<p><a href=\"https:\/\/podkarpacka.iarp.pl\/wp-content\/uploads\/2023\/04\/SSPZ-IARP-logowanie.pdf\">SSPZ IARP &#8211; logowanie<\/a><\/p>\n<p>&nbsp;<\/p>\n<p>&nbsp;<\/p>\n<p>Rada Podkarpackiej Okr\u0119gowej Izby Architekt\u00f3w RP<\/p>\n","protected":false},"excerpt":{"rendered":"<p>INFORMACJA W SPRAWIE PRAKTYK STUDENCKICH Kole\u017canki i Koledzy, ch\u0119tnych do przyj\u0119cia student\u00f3w na semestraln\u0105 praktyk\u0119 studenck\u0105 prosimy o rejestracj\u0119 na stronie https:\/\/praktyki.izbaarchitektow.pl\/ w zak\u0142adce &#8220;jestem architektem&#8221;. Studenci, Studenci mog\u0105 rejestrowa\u0107 si\u0119 do systemu praktyk na stronie https:\/\/praktyki.izbaarchitektow.pl\/ w zak\u0142adce &#8220;jestem studentem&#8221;. Dost\u0119p do og\u00f3lnopolskiej platformy studenci mog\u0105 uzyska\u0107 za po\u015brednictwem Politechniki Rzeszowskiej, kt\u00f3ra udost\u0119pni login [&hellip;]<\/p>\n","protected":false},"author":6,"featured_media":5329,"comment_status":"closed","ping_status":"open","sticky":false,"template":"","format":"standard","meta":{"footnotes":""},"categories":[56],"tags":[],"class_list":["post-5327","post","type-post","status-publish","format-standard","has-post-thumbnail","hentry","category-informacje-rady"],"publishpress_future_action":{"enabled":false,"date":"2026-05-08 05:21:52","action":"change-status","newStatus":"draft","terms":[],"taxonomy":"category","extraData":[]},"publishpress_future_workflow_manual_trigger":{"enabledWorkflows":[]},"_links":{"self":[{"href":"https:\/\/podkarpacka.iarp.pl\/index.php?rest_route=\/wp\/v2\/posts\/5327","targetHints":{"allow":["GET"]}}],"collection":[{"href":"https:\/\/podkarpacka.iarp.pl\/index.php?rest_route=\/wp\/v2\/posts"}],"about":[{"href":"https:\/\/podkarpacka.iarp.pl\/index.php?rest_route=\/wp\/v2\/types\/post"}],"author":[{"embeddable":true,"href":"https:\/\/podkarpacka.iarp.pl\/index.php?rest_route=\/wp\/v2\/users\/6"}],"replies":[{"embeddable":true,"href":"https:\/\/podkarpacka.iarp.pl\/index.php?rest_route=%2Fwp%2Fv2%2Fcomments&post=5327"}],"version-history":[{"count":3,"href":"https:\/\/podkarpacka.iarp.pl\/index.php?rest_route=\/wp\/v2\/posts\/5327\/revisions"}],"predecessor-version":[{"id":5332,"href":"https:\/\/podkarpacka.iarp.pl\/index.php?rest_route=\/wp\/v2\/posts\/5327\/revisions\/5332"}],"wp:featuredmedia":[{"embeddable":true,"href":"https:\/\/podkarpacka.iarp.pl\/index.php?rest_route=\/wp\/v2\/media\/5329"}],"wp:attachment":[{"href":"https:\/\/podkarpacka.iarp.pl\/index.php?rest_route=%2Fwp%2Fv2%2Fmedia&parent=5327"}],"wp:term":[{"taxonomy":"category","embeddable":true,"href":"https:\/\/podkarpacka.iarp.pl\/index.php?rest_route=%2Fwp%2Fv2%2Fcategories&post=5327"},{"taxonomy":"post_tag","embeddable":true,"href":"https:\/\/podkarpacka.iarp.pl\/index.php?rest_route=%2Fwp%2Fv2%2Ftags&post=5327"}],"curies":[{"name":"wp","href":"https:\/\/api.w.org\/{rel}","templated":true}]}}