{"id":5334,"date":"2023-04-25T11:46:04","date_gmt":"2023-04-25T09:46:04","guid":{"rendered":"http:\/\/podkarpacka.iarp.pl\/?p=5334"},"modified":"2023-04-25T11:47:10","modified_gmt":"2023-04-25T09:47:10","slug":"szkolenie-cena-architektury-finanse-architekta","status":"publish","type":"post","link":"https:\/\/podkarpacka.iarp.pl\/?p=5334","title":{"rendered":"Szkolenie &#8220;Cena architektury. Finanse architekta&#8221;"},"content":{"rendered":"<p><strong>Podkarpacka Okr\u0119gowa Izba Architekt\u00f3w RP<\/strong>\u00a0ma zaszczyt zaprosi\u0107 wszystkich swoich cz\u0142onk\u00f3w na certyfikowane\u00a0szkolenie\u00a0IARP w formie moderowanej dyskusji.<\/p>\n<p>Szkolenie\u00a0dedykowane jest dla architekt\u00f3w b\u0119d\u0105cych w\u0142a\u015bcicielami biur projektowych i prowadz\u0105cych jednoosobow\u0105 dzia\u0142alno\u015b\u0107 gospodarcz\u0105.<\/p>\n<p>Tematyka debaty obejmie szeroko poj\u0119te finanse w zawodzie architekta, nasz\u0105 odpowiedzialno\u015b\u0107, ubezpieczenia indywidualne i ubezpieczenia biur projektowych.<\/p>\n<p>Moderatorem spotkania b\u0119dzie architekt IARP Maciej Trybus.<\/p>\n<p>Szkolenie\u00a0odb\u0119dzie si\u0119 w dniu\u00a0<strong>11 maja 2023r. o godzinie 16:00,<\/strong><\/p>\n<p>adres:\u00a0<strong>Rzesz\u00f3w, ul. 3 Maja 16, GALERIA r_z<\/strong><\/p>\n<p>Link do rejestracji na stronie IARP oraz program\u00a0szkolenia:\u00a0https:\/\/szkolenia.iarp.pl\/szkolenie\/1225<\/p>\n","protected":false},"excerpt":{"rendered":"<p>Podkarpacka Okr\u0119gowa Izba Architekt\u00f3w RP\u00a0ma zaszczyt zaprosi\u0107 wszystkich swoich cz\u0142onk\u00f3w na certyfikowane\u00a0szkolenie\u00a0IARP w formie moderowanej dyskusji. Szkolenie\u00a0dedykowane jest dla architekt\u00f3w b\u0119d\u0105cych w\u0142a\u015bcicielami biur projektowych i prowadz\u0105cych jednoosobow\u0105 dzia\u0142alno\u015b\u0107 gospodarcz\u0105. Tematyka debaty obejmie szeroko poj\u0119te finanse w zawodzie architekta, nasz\u0105 odpowiedzialno\u015b\u0107, ubezpieczenia indywidualne i ubezpieczenia biur projektowych. Moderatorem spotkania b\u0119dzie architekt IARP Maciej Trybus. Szkolenie\u00a0odb\u0119dzie si\u0119 [&hellip;]<\/p>\n","protected":false},"author":6,"featured_media":4552,"comment_status":"closed","ping_status":"open","sticky":false,"template":"","format":"standard","meta":{"footnotes":""},"categories":[57],"tags":[],"class_list":["post-5334","post","type-post","status-publish","format-standard","has-post-thumbnail","hentry","category-szkolenia"],"publishpress_future_action":{"enabled":false,"date":"2026-05-04 22:48:58","action":"change-status","newStatus":"draft","terms":[],"taxonomy":"category","extraData":[]},"publishpress_future_workflow_manual_trigger":{"enabledWorkflows":[]},"_links":{"self":[{"href":"https:\/\/podkarpacka.iarp.pl\/index.php?rest_route=\/wp\/v2\/posts\/5334","targetHints":{"allow":["GET"]}}],"collection":[{"href":"https:\/\/podkarpacka.iarp.pl\/index.php?rest_route=\/wp\/v2\/posts"}],"about":[{"href":"https:\/\/podkarpacka.iarp.pl\/index.php?rest_route=\/wp\/v2\/types\/post"}],"author":[{"embeddable":true,"href":"https:\/\/podkarpacka.iarp.pl\/index.php?rest_route=\/wp\/v2\/users\/6"}],"replies":[{"embeddable":true,"href":"https:\/\/podkarpacka.iarp.pl\/index.php?rest_route=%2Fwp%2Fv2%2Fcomments&post=5334"}],"version-history":[{"count":2,"href":"https:\/\/podkarpacka.iarp.pl\/index.php?rest_route=\/wp\/v2\/posts\/5334\/revisions"}],"predecessor-version":[{"id":5336,"href":"https:\/\/podkarpacka.iarp.pl\/index.php?rest_route=\/wp\/v2\/posts\/5334\/revisions\/5336"}],"wp:featuredmedia":[{"embeddable":true,"href":"https:\/\/podkarpacka.iarp.pl\/index.php?rest_route=\/wp\/v2\/media\/4552"}],"wp:attachment":[{"href":"https:\/\/podkarpacka.iarp.pl\/index.php?rest_route=%2Fwp%2Fv2%2Fmedia&parent=5334"}],"wp:term":[{"taxonomy":"category","embeddable":true,"href":"https:\/\/podkarpacka.iarp.pl\/index.php?rest_route=%2Fwp%2Fv2%2Fcategories&post=5334"},{"taxonomy":"post_tag","embeddable":true,"href":"https:\/\/podkarpacka.iarp.pl\/index.php?rest_route=%2Fwp%2Fv2%2Ftags&post=5334"}],"curies":[{"name":"wp","href":"https:\/\/api.w.org\/{rel}","templated":true}]}}