{"id":5349,"date":"2023-05-26T07:53:23","date_gmt":"2023-05-26T05:53:23","guid":{"rendered":"http:\/\/podkarpacka.iarp.pl\/?p=5349"},"modified":"2023-05-26T07:53:23","modified_gmt":"2023-05-26T05:53:23","slug":"fotorelacja-ze-spotkania-z-dziecmi-z-przedszkola-miejskiego-nr-3-w-lancucie-dn-11-05-2023-r","status":"publish","type":"post","link":"https:\/\/podkarpacka.iarp.pl\/?p=5349","title":{"rendered":"Fotorelacja ze spotkania z dzie\u0107mi z Przedszkola Miejskiego Nr 3 w \u0141a\u0144cucie dn. 11.05.2023 r."},"content":{"rendered":"<p>Prezentujemy kolorow\u0105 fotorelacj\u0119 ze spotkania z dzie\u0107mi, z Przedszkola Miejskiego Nr 3 w \u0141a\u0144cucie, zorganizowanego przez kol. Dawida Krzysztonia w dniu 11.05.2023 r. oraz wsp\u00f3lne efekty pracy Grupy Pszcz\u00f3\u0142ek &#8211; dzieci z rocznika 2016 i kol. Dawida Krzysztonia.<\/p>\n<p>&nbsp;<\/p>\n\n\t\t<style type=\"text\/css\">\n\t\t\t#gallery-1 {\n\t\t\t\tmargin: auto;\n\t\t\t}\n\t\t\t#gallery-1 .gallery-item {\n\t\t\t\tfloat: left;\n\t\t\t\tmargin-top: 10px;\n\t\t\t\ttext-align: center;\n\t\t\t\twidth: 25%;\n\t\t\t}\n\t\t\t#gallery-1 img {\n\t\t\t\tborder: 2px solid #cfcfcf;\n\t\t\t}\n\t\t\t#gallery-1 .gallery-caption {\n\t\t\t\tmargin-left: 0;\n\t\t\t}\n\t\t\t\/* see gallery_shortcode() in wp-includes\/media.php *\/\n\t\t<\/style>\n\t\t<div id='gallery-1' class='gallery galleryid-5349 gallery-columns-4 gallery-size-medium'><dl class='gallery-item'>\n\t\t\t<dt class='gallery-icon portrait'>\n\t\t\t\t<a href='https:\/\/podkarpacka.iarp.pl\/?attachment_id=5350'><img loading=\"lazy\" decoding=\"async\" width=\"225\" height=\"300\" src=\"https:\/\/podkarpacka.iarp.pl\/wp-content\/uploads\/2023\/05\/01-IMG20230511102513-225x300.jpg\" class=\"attachment-medium size-medium\" alt=\"\" srcset=\"https:\/\/podkarpacka.iarp.pl\/wp-content\/uploads\/2023\/05\/01-IMG20230511102513-225x300.jpg 225w, https:\/\/podkarpacka.iarp.pl\/wp-content\/uploads\/2023\/05\/01-IMG20230511102513-768x1024.jpg 768w, https:\/\/podkarpacka.iarp.pl\/wp-content\/uploads\/2023\/05\/01-IMG20230511102513-600x800.jpg 600w\" sizes=\"auto, (max-width: 225px) 100vw, 225px\" \/><\/a>\n\t\t\t<\/dt><\/dl><dl class='gallery-item'>\n\t\t\t<dt class='gallery-icon portrait'>\n\t\t\t\t<a href='https:\/\/podkarpacka.iarp.pl\/?attachment_id=5351'><img loading=\"lazy\" decoding=\"async\" width=\"225\" height=\"300\" src=\"https:\/\/podkarpacka.iarp.pl\/wp-content\/uploads\/2023\/05\/01-IMG20230511102522-225x300.jpg\" class=\"attachment-medium size-medium\" alt=\"\" srcset=\"https:\/\/podkarpacka.iarp.pl\/wp-content\/uploads\/2023\/05\/01-IMG20230511102522-225x300.jpg 225w, https:\/\/podkarpacka.iarp.pl\/wp-content\/uploads\/2023\/05\/01-IMG20230511102522-768x1024.jpg 768w, https:\/\/podkarpacka.iarp.pl\/wp-content\/uploads\/2023\/05\/01-IMG20230511102522-600x800.jpg 600w\" sizes=\"auto, (max-width: 225px) 100vw, 225px\" \/><\/a>\n\t\t\t<\/dt><\/dl><dl class='gallery-item'>\n\t\t\t<dt class='gallery-icon landscape'>\n\t\t\t\t<a href='https:\/\/podkarpacka.iarp.pl\/?attachment_id=5352'><img loading=\"lazy\" decoding=\"async\" width=\"300\" height=\"225\" src=\"https:\/\/podkarpacka.iarp.pl\/wp-content\/uploads\/2023\/05\/01-IMG20230511102539-300x225.jpg\" class=\"attachment-medium size-medium\" alt=\"\" srcset=\"https:\/\/podkarpacka.iarp.pl\/wp-content\/uploads\/2023\/05\/01-IMG20230511102539-300x225.jpg 300w, https:\/\/podkarpacka.iarp.pl\/wp-content\/uploads\/2023\/05\/01-IMG20230511102539-768x576.jpg 768w, https:\/\/podkarpacka.iarp.pl\/wp-content\/uploads\/2023\/05\/01-IMG20230511102539-1024x768.jpg 1024w, https:\/\/podkarpacka.iarp.pl\/wp-content\/uploads\/2023\/05\/01-IMG20230511102539-600x450.jpg 600w\" sizes=\"auto, (max-width: 300px) 100vw, 300px\" \/><\/a>\n\t\t\t<\/dt><\/dl><dl class='gallery-item'>\n\t\t\t<dt class='gallery-icon portrait'>\n\t\t\t\t<a href='https:\/\/podkarpacka.iarp.pl\/?attachment_id=5353'><img loading=\"lazy\" decoding=\"async\" width=\"225\" height=\"300\" src=\"https:\/\/podkarpacka.iarp.pl\/wp-content\/uploads\/2023\/05\/01-IMG-20230512-WA0001-225x300.jpg\" class=\"attachment-medium size-medium\" alt=\"\" srcset=\"https:\/\/podkarpacka.iarp.pl\/wp-content\/uploads\/2023\/05\/01-IMG-20230512-WA0001-225x300.jpg 225w, https:\/\/podkarpacka.iarp.pl\/wp-content\/uploads\/2023\/05\/01-IMG-20230512-WA0001-768x1024.jpg 768w, https:\/\/podkarpacka.iarp.pl\/wp-content\/uploads\/2023\/05\/01-IMG-20230512-WA0001-600x800.jpg 600w, https:\/\/podkarpacka.iarp.pl\/wp-content\/uploads\/2023\/05\/01-IMG-20230512-WA0001.jpg 1200w\" sizes=\"auto, (max-width: 225px) 100vw, 225px\" \/><\/a>\n\t\t\t<\/dt><\/dl><br style=\"clear: both\" \/><dl class='gallery-item'>\n\t\t\t<dt class='gallery-icon portrait'>\n\t\t\t\t<a href='https:\/\/podkarpacka.iarp.pl\/?attachment_id=5354'><img loading=\"lazy\" decoding=\"async\" width=\"225\" height=\"300\" src=\"https:\/\/podkarpacka.iarp.pl\/wp-content\/uploads\/2023\/05\/01-IMG-20230512-WA0004-225x300.jpg\" class=\"attachment-medium size-medium\" alt=\"\" srcset=\"https:\/\/podkarpacka.iarp.pl\/wp-content\/uploads\/2023\/05\/01-IMG-20230512-WA0004-225x300.jpg 225w, https:\/\/podkarpacka.iarp.pl\/wp-content\/uploads\/2023\/05\/01-IMG-20230512-WA0004-768x1024.jpg 768w, https:\/\/podkarpacka.iarp.pl\/wp-content\/uploads\/2023\/05\/01-IMG-20230512-WA0004-600x800.jpg 600w, https:\/\/podkarpacka.iarp.pl\/wp-content\/uploads\/2023\/05\/01-IMG-20230512-WA0004.jpg 1200w\" sizes=\"auto, (max-width: 225px) 100vw, 225px\" \/><\/a>\n\t\t\t<\/dt><\/dl><dl class='gallery-item'>\n\t\t\t<dt class='gallery-icon portrait'>\n\t\t\t\t<a href='https:\/\/podkarpacka.iarp.pl\/?attachment_id=5355'><img loading=\"lazy\" decoding=\"async\" width=\"225\" height=\"300\" src=\"https:\/\/podkarpacka.iarp.pl\/wp-content\/uploads\/2023\/05\/01-IMG-20230512-WA0006-225x300.jpg\" class=\"attachment-medium size-medium\" alt=\"\" srcset=\"https:\/\/podkarpacka.iarp.pl\/wp-content\/uploads\/2023\/05\/01-IMG-20230512-WA0006-225x300.jpg 225w, https:\/\/podkarpacka.iarp.pl\/wp-content\/uploads\/2023\/05\/01-IMG-20230512-WA0006-768x1024.jpg 768w, https:\/\/podkarpacka.iarp.pl\/wp-content\/uploads\/2023\/05\/01-IMG-20230512-WA0006-600x800.jpg 600w, https:\/\/podkarpacka.iarp.pl\/wp-content\/uploads\/2023\/05\/01-IMG-20230512-WA0006.jpg 1200w\" sizes=\"auto, (max-width: 225px) 100vw, 225px\" \/><\/a>\n\t\t\t<\/dt><\/dl><dl class='gallery-item'>\n\t\t\t<dt class='gallery-icon portrait'>\n\t\t\t\t<a href='https:\/\/podkarpacka.iarp.pl\/?attachment_id=5356'><img loading=\"lazy\" decoding=\"async\" width=\"225\" height=\"300\" src=\"https:\/\/podkarpacka.iarp.pl\/wp-content\/uploads\/2023\/05\/01-IMG-20230512-WA0009-225x300.jpg\" class=\"attachment-medium size-medium\" alt=\"\" srcset=\"https:\/\/podkarpacka.iarp.pl\/wp-content\/uploads\/2023\/05\/01-IMG-20230512-WA0009-225x300.jpg 225w, https:\/\/podkarpacka.iarp.pl\/wp-content\/uploads\/2023\/05\/01-IMG-20230512-WA0009-768x1024.jpg 768w, https:\/\/podkarpacka.iarp.pl\/wp-content\/uploads\/2023\/05\/01-IMG-20230512-WA0009-600x800.jpg 600w, https:\/\/podkarpacka.iarp.pl\/wp-content\/uploads\/2023\/05\/01-IMG-20230512-WA0009.jpg 1200w\" sizes=\"auto, (max-width: 225px) 100vw, 225px\" \/><\/a>\n\t\t\t<\/dt><\/dl><dl class='gallery-item'>\n\t\t\t<dt class='gallery-icon portrait'>\n\t\t\t\t<a href='https:\/\/podkarpacka.iarp.pl\/?attachment_id=5357'><img loading=\"lazy\" decoding=\"async\" width=\"225\" height=\"300\" src=\"https:\/\/podkarpacka.iarp.pl\/wp-content\/uploads\/2023\/05\/01-IMG-20230512-WA0010-225x300.jpg\" class=\"attachment-medium size-medium\" alt=\"\" srcset=\"https:\/\/podkarpacka.iarp.pl\/wp-content\/uploads\/2023\/05\/01-IMG-20230512-WA0010-225x300.jpg 225w, https:\/\/podkarpacka.iarp.pl\/wp-content\/uploads\/2023\/05\/01-IMG-20230512-WA0010-768x1024.jpg 768w, https:\/\/podkarpacka.iarp.pl\/wp-content\/uploads\/2023\/05\/01-IMG-20230512-WA0010-600x800.jpg 600w, https:\/\/podkarpacka.iarp.pl\/wp-content\/uploads\/2023\/05\/01-IMG-20230512-WA0010.jpg 1200w\" sizes=\"auto, (max-width: 225px) 100vw, 225px\" \/><\/a>\n\t\t\t<\/dt><\/dl><br style=\"clear: both\" \/><dl class='gallery-item'>\n\t\t\t<dt class='gallery-icon portrait'>\n\t\t\t\t<a href='https:\/\/podkarpacka.iarp.pl\/?attachment_id=5358'><img loading=\"lazy\" decoding=\"async\" width=\"225\" height=\"300\" src=\"https:\/\/podkarpacka.iarp.pl\/wp-content\/uploads\/2023\/05\/01-IMG-20230512-WA0013-225x300.jpg\" class=\"attachment-medium size-medium\" alt=\"\" srcset=\"https:\/\/podkarpacka.iarp.pl\/wp-content\/uploads\/2023\/05\/01-IMG-20230512-WA0013-225x300.jpg 225w, https:\/\/podkarpacka.iarp.pl\/wp-content\/uploads\/2023\/05\/01-IMG-20230512-WA0013-768x1024.jpg 768w, https:\/\/podkarpacka.iarp.pl\/wp-content\/uploads\/2023\/05\/01-IMG-20230512-WA0013-600x800.jpg 600w, https:\/\/podkarpacka.iarp.pl\/wp-content\/uploads\/2023\/05\/01-IMG-20230512-WA0013.jpg 1200w\" sizes=\"auto, (max-width: 225px) 100vw, 225px\" \/><\/a>\n\t\t\t<\/dt><\/dl><dl class='gallery-item'>\n\t\t\t<dt class='gallery-icon portrait'>\n\t\t\t\t<a href='https:\/\/podkarpacka.iarp.pl\/?attachment_id=5359'><img loading=\"lazy\" decoding=\"async\" width=\"225\" height=\"300\" src=\"https:\/\/podkarpacka.iarp.pl\/wp-content\/uploads\/2023\/05\/01-IMG-20230512-WA0017-225x300.jpg\" class=\"attachment-medium size-medium\" alt=\"\" srcset=\"https:\/\/podkarpacka.iarp.pl\/wp-content\/uploads\/2023\/05\/01-IMG-20230512-WA0017-225x300.jpg 225w, https:\/\/podkarpacka.iarp.pl\/wp-content\/uploads\/2023\/05\/01-IMG-20230512-WA0017-768x1024.jpg 768w, https:\/\/podkarpacka.iarp.pl\/wp-content\/uploads\/2023\/05\/01-IMG-20230512-WA0017-600x800.jpg 600w, https:\/\/podkarpacka.iarp.pl\/wp-content\/uploads\/2023\/05\/01-IMG-20230512-WA0017.jpg 1500w\" sizes=\"auto, (max-width: 225px) 100vw, 225px\" \/><\/a>\n\t\t\t<\/dt><\/dl><dl class='gallery-item'>\n\t\t\t<dt class='gallery-icon portrait'>\n\t\t\t\t<a href='https:\/\/podkarpacka.iarp.pl\/?attachment_id=5360'><img loading=\"lazy\" decoding=\"async\" width=\"225\" height=\"300\" src=\"https:\/\/podkarpacka.iarp.pl\/wp-content\/uploads\/2023\/05\/01-IMG-20230512-WA0019-225x300.jpg\" class=\"attachment-medium size-medium\" alt=\"\" srcset=\"https:\/\/podkarpacka.iarp.pl\/wp-content\/uploads\/2023\/05\/01-IMG-20230512-WA0019-225x300.jpg 225w, https:\/\/podkarpacka.iarp.pl\/wp-content\/uploads\/2023\/05\/01-IMG-20230512-WA0019-768x1024.jpg 768w, https:\/\/podkarpacka.iarp.pl\/wp-content\/uploads\/2023\/05\/01-IMG-20230512-WA0019-600x800.jpg 600w, https:\/\/podkarpacka.iarp.pl\/wp-content\/uploads\/2023\/05\/01-IMG-20230512-WA0019.jpg 1500w\" sizes=\"auto, (max-width: 225px) 100vw, 225px\" \/><\/a>\n\t\t\t<\/dt><\/dl><dl class='gallery-item'>\n\t\t\t<dt class='gallery-icon portrait'>\n\t\t\t\t<a href='https:\/\/podkarpacka.iarp.pl\/?attachment_id=5361'><img loading=\"lazy\" decoding=\"async\" width=\"225\" height=\"300\" src=\"https:\/\/podkarpacka.iarp.pl\/wp-content\/uploads\/2023\/05\/01-IMG-20230512-WA0021-225x300.jpg\" class=\"attachment-medium size-medium\" alt=\"\" srcset=\"https:\/\/podkarpacka.iarp.pl\/wp-content\/uploads\/2023\/05\/01-IMG-20230512-WA0021-225x300.jpg 225w, https:\/\/podkarpacka.iarp.pl\/wp-content\/uploads\/2023\/05\/01-IMG-20230512-WA0021-768x1024.jpg 768w, https:\/\/podkarpacka.iarp.pl\/wp-content\/uploads\/2023\/05\/01-IMG-20230512-WA0021-600x800.jpg 600w, https:\/\/podkarpacka.iarp.pl\/wp-content\/uploads\/2023\/05\/01-IMG-20230512-WA0021.jpg 1500w\" sizes=\"auto, (max-width: 225px) 100vw, 225px\" \/><\/a>\n\t\t\t<\/dt><\/dl><br style=\"clear: both\" \/><dl class='gallery-item'>\n\t\t\t<dt class='gallery-icon portrait'>\n\t\t\t\t<a href='https:\/\/podkarpacka.iarp.pl\/?attachment_id=5362'><img loading=\"lazy\" decoding=\"async\" width=\"225\" height=\"300\" src=\"https:\/\/podkarpacka.iarp.pl\/wp-content\/uploads\/2023\/05\/01-IMG-20230512-WA0022-225x300.jpg\" class=\"attachment-medium size-medium\" alt=\"\" srcset=\"https:\/\/podkarpacka.iarp.pl\/wp-content\/uploads\/2023\/05\/01-IMG-20230512-WA0022-225x300.jpg 225w, https:\/\/podkarpacka.iarp.pl\/wp-content\/uploads\/2023\/05\/01-IMG-20230512-WA0022-768x1024.jpg 768w, https:\/\/podkarpacka.iarp.pl\/wp-content\/uploads\/2023\/05\/01-IMG-20230512-WA0022-600x800.jpg 600w, https:\/\/podkarpacka.iarp.pl\/wp-content\/uploads\/2023\/05\/01-IMG-20230512-WA0022.jpg 1500w\" sizes=\"auto, (max-width: 225px) 100vw, 225px\" \/><\/a>\n\t\t\t<\/dt><\/dl><dl class='gallery-item'>\n\t\t\t<dt class='gallery-icon portrait'>\n\t\t\t\t<a href='https:\/\/podkarpacka.iarp.pl\/?attachment_id=5363'><img loading=\"lazy\" decoding=\"async\" width=\"225\" height=\"300\" src=\"https:\/\/podkarpacka.iarp.pl\/wp-content\/uploads\/2023\/05\/01-IMG-20230512-WA0023-225x300.jpg\" class=\"attachment-medium size-medium\" alt=\"\" srcset=\"https:\/\/podkarpacka.iarp.pl\/wp-content\/uploads\/2023\/05\/01-IMG-20230512-WA0023-225x300.jpg 225w, https:\/\/podkarpacka.iarp.pl\/wp-content\/uploads\/2023\/05\/01-IMG-20230512-WA0023-768x1024.jpg 768w, https:\/\/podkarpacka.iarp.pl\/wp-content\/uploads\/2023\/05\/01-IMG-20230512-WA0023-600x800.jpg 600w, https:\/\/podkarpacka.iarp.pl\/wp-content\/uploads\/2023\/05\/01-IMG-20230512-WA0023.jpg 1500w\" sizes=\"auto, (max-width: 225px) 100vw, 225px\" \/><\/a>\n\t\t\t<\/dt><\/dl><dl class='gallery-item'>\n\t\t\t<dt class='gallery-icon portrait'>\n\t\t\t\t<a href='https:\/\/podkarpacka.iarp.pl\/?attachment_id=5364'><img loading=\"lazy\" decoding=\"async\" width=\"225\" height=\"300\" src=\"https:\/\/podkarpacka.iarp.pl\/wp-content\/uploads\/2023\/05\/01-IMG-20230512-WA0024-225x300.jpg\" class=\"attachment-medium size-medium\" alt=\"\" srcset=\"https:\/\/podkarpacka.iarp.pl\/wp-content\/uploads\/2023\/05\/01-IMG-20230512-WA0024-225x300.jpg 225w, https:\/\/podkarpacka.iarp.pl\/wp-content\/uploads\/2023\/05\/01-IMG-20230512-WA0024-768x1024.jpg 768w, https:\/\/podkarpacka.iarp.pl\/wp-content\/uploads\/2023\/05\/01-IMG-20230512-WA0024-600x800.jpg 600w, https:\/\/podkarpacka.iarp.pl\/wp-content\/uploads\/2023\/05\/01-IMG-20230512-WA0024.jpg 1500w\" sizes=\"auto, (max-width: 225px) 100vw, 225px\" \/><\/a>\n\t\t\t<\/dt><\/dl><dl class='gallery-item'>\n\t\t\t<dt class='gallery-icon portrait'>\n\t\t\t\t<a href='https:\/\/podkarpacka.iarp.pl\/?attachment_id=5365'><img loading=\"lazy\" decoding=\"async\" width=\"225\" height=\"300\" src=\"https:\/\/podkarpacka.iarp.pl\/wp-content\/uploads\/2023\/05\/01-IMG-20230512-WA0025-225x300.jpg\" class=\"attachment-medium size-medium\" alt=\"\" srcset=\"https:\/\/podkarpacka.iarp.pl\/wp-content\/uploads\/2023\/05\/01-IMG-20230512-WA0025-225x300.jpg 225w, https:\/\/podkarpacka.iarp.pl\/wp-content\/uploads\/2023\/05\/01-IMG-20230512-WA0025-768x1024.jpg 768w, https:\/\/podkarpacka.iarp.pl\/wp-content\/uploads\/2023\/05\/01-IMG-20230512-WA0025-600x800.jpg 600w, https:\/\/podkarpacka.iarp.pl\/wp-content\/uploads\/2023\/05\/01-IMG-20230512-WA0025.jpg 1500w\" sizes=\"auto, (max-width: 225px) 100vw, 225px\" \/><\/a>\n\t\t\t<\/dt><\/dl><br style=\"clear: both\" \/><dl class='gallery-item'>\n\t\t\t<dt class='gallery-icon portrait'>\n\t\t\t\t<a href='https:\/\/podkarpacka.iarp.pl\/?attachment_id=5366'><img loading=\"lazy\" decoding=\"async\" width=\"225\" height=\"300\" src=\"https:\/\/podkarpacka.iarp.pl\/wp-content\/uploads\/2023\/05\/01-IMG-20230512-WA0034-225x300.jpg\" class=\"attachment-medium size-medium\" alt=\"\" srcset=\"https:\/\/podkarpacka.iarp.pl\/wp-content\/uploads\/2023\/05\/01-IMG-20230512-WA0034-225x300.jpg 225w, https:\/\/podkarpacka.iarp.pl\/wp-content\/uploads\/2023\/05\/01-IMG-20230512-WA0034-768x1024.jpg 768w, https:\/\/podkarpacka.iarp.pl\/wp-content\/uploads\/2023\/05\/01-IMG-20230512-WA0034-600x800.jpg 600w, https:\/\/podkarpacka.iarp.pl\/wp-content\/uploads\/2023\/05\/01-IMG-20230512-WA0034.jpg 1500w\" sizes=\"auto, (max-width: 225px) 100vw, 225px\" \/><\/a>\n\t\t\t<\/dt><\/dl>\n\t\t\t<br style='clear: both' \/>\n\t\t<\/div>\n\n","protected":false},"excerpt":{"rendered":"<p>Prezentujemy kolorow\u0105 fotorelacj\u0119 ze spotkania z dzie\u0107mi, z Przedszkola Miejskiego Nr 3 w \u0141a\u0144cucie, zorganizowanego przez kol. Dawida Krzysztonia w dniu 11.05.2023 r. oraz wsp\u00f3lne efekty pracy Grupy Pszcz\u00f3\u0142ek &#8211; dzieci z rocznika 2016 i kol. Dawida Krzysztonia. &nbsp;<\/p>\n","protected":false},"author":6,"featured_media":5352,"comment_status":"closed","ping_status":"open","sticky":false,"template":"","format":"standard","meta":{"footnotes":""},"categories":[69,55],"tags":[],"class_list":["post-5349","post","type-post","status-publish","format-standard","has-post-thumbnail","hentry","category-aktualnosci","category-wydarzenia"],"publishpress_future_action":{"enabled":false,"date":"2026-05-05 17:04:36","action":"change-status","newStatus":"draft","terms":[],"taxonomy":"category","extraData":[]},"publishpress_future_workflow_manual_trigger":{"enabledWorkflows":[]},"_links":{"self":[{"href":"https:\/\/podkarpacka.iarp.pl\/index.php?rest_route=\/wp\/v2\/posts\/5349","targetHints":{"allow":["GET"]}}],"collection":[{"href":"https:\/\/podkarpacka.iarp.pl\/index.php?rest_route=\/wp\/v2\/posts"}],"about":[{"href":"https:\/\/podkarpacka.iarp.pl\/index.php?rest_route=\/wp\/v2\/types\/post"}],"author":[{"embeddable":true,"href":"https:\/\/podkarpacka.iarp.pl\/index.php?rest_route=\/wp\/v2\/users\/6"}],"replies":[{"embeddable":true,"href":"https:\/\/podkarpacka.iarp.pl\/index.php?rest_route=%2Fwp%2Fv2%2Fcomments&post=5349"}],"version-history":[{"count":1,"href":"https:\/\/podkarpacka.iarp.pl\/index.php?rest_route=\/wp\/v2\/posts\/5349\/revisions"}],"predecessor-version":[{"id":5367,"href":"https:\/\/podkarpacka.iarp.pl\/index.php?rest_route=\/wp\/v2\/posts\/5349\/revisions\/5367"}],"wp:featuredmedia":[{"embeddable":true,"href":"https:\/\/podkarpacka.iarp.pl\/index.php?rest_route=\/wp\/v2\/media\/5352"}],"wp:attachment":[{"href":"https:\/\/podkarpacka.iarp.pl\/index.php?rest_route=%2Fwp%2Fv2%2Fmedia&parent=5349"}],"wp:term":[{"taxonomy":"category","embeddable":true,"href":"https:\/\/podkarpacka.iarp.pl\/index.php?rest_route=%2Fwp%2Fv2%2Fcategories&post=5349"},{"taxonomy":"post_tag","embeddable":true,"href":"https:\/\/podkarpacka.iarp.pl\/index.php?rest_route=%2Fwp%2Fv2%2Ftags&post=5349"}],"curies":[{"name":"wp","href":"https:\/\/api.w.org\/{rel}","templated":true}]}}