{"id":5379,"date":"2023-06-28T20:34:41","date_gmt":"2023-06-28T18:34:41","guid":{"rendered":"http:\/\/podkarpacka.iarp.pl\/?p=5379"},"modified":"2023-06-29T08:50:06","modified_gmt":"2023-06-29T06:50:06","slug":"1-07-2023-swietujemy-swiatowy-dzien-architektury","status":"publish","type":"post","link":"https:\/\/podkarpacka.iarp.pl\/?p=5379","title":{"rendered":"1.07.2023 \u2013 \u015aWI\u0118TUJEMY \u015aWIATOWY DZIE\u0143 ARCHITEKTURY"},"content":{"rendered":"<div class=\"xdj266r x11i5rnm xat24cr x1mh8g0r x1vvkbs\" style=\"text-align: center;\">Szanowne kole\u017canki, szanowni koledzy!<\/div>\n<div class=\"xdj266r x11i5rnm xat24cr x1mh8g0r x1vvkbs\" style=\"text-align: center;\">Ju\u017c po raz drugi \u015bwi\u0119tujemy \u015awiatowy Dzie\u0144 Architektury.<\/div>\n<div style=\"text-align: center;\"><\/div>\n<div class=\"x11i5rnm xat24cr x1mh8g0r x1vvkbs xtlvy1s\" style=\"text-align: center;\"><strong>Co \/ Gdzie \/ O kt\u00f3rej?<\/strong><\/div>\n<div style=\"text-align: center;\"><\/div>\n<div class=\"x11i5rnm xat24cr x1mh8g0r x1vvkbs xtlvy1s padding-style-2 padding-style-2-right lead\" style=\"text-align: center;\">\n<hr \/>\n<p><strong>P\u0142yta Rynku w Rzeszowie \u2013 Start, Meta<\/strong><\/p>\n<hr \/>\n<\/div>\n<div class=\"x11i5rnm xat24cr x1mh8g0r x1vvkbs xtlvy1s\" style=\"text-align: center;\"><strong>10:00 \u2013 12:30 Archi-GRA<\/strong><br \/>\n<strong>Gra Miejska<\/strong> organizowana przez Student\u00f3w Ko\u0142a Naukowego Architektury Miejsc Spo\u0142ecznych \u2013 Politechnika Rzeszowska<\/div>\n<div style=\"text-align: center;\"><a href=\"https:\/\/podkarpacka.iarp.pl\/wp-content\/uploads\/2023\/06\/CV-Archi-Gra-start-meta-RGB.jpg\"><img loading=\"lazy\" decoding=\"async\" class=\"aligncenter size-large wp-image-5398\" src=\"https:\/\/podkarpacka.iarp.pl\/wp-content\/uploads\/2023\/06\/CV-Archi-Gra-start-meta-RGB-1024x536.jpg\" alt=\"\" width=\"770\" height=\"403\" srcset=\"https:\/\/podkarpacka.iarp.pl\/wp-content\/uploads\/2023\/06\/CV-Archi-Gra-start-meta-RGB-1024x536.jpg 1024w, https:\/\/podkarpacka.iarp.pl\/wp-content\/uploads\/2023\/06\/CV-Archi-Gra-start-meta-RGB-300x157.jpg 300w, https:\/\/podkarpacka.iarp.pl\/wp-content\/uploads\/2023\/06\/CV-Archi-Gra-start-meta-RGB-768x402.jpg 768w, https:\/\/podkarpacka.iarp.pl\/wp-content\/uploads\/2023\/06\/CV-Archi-Gra-start-meta-RGB.jpg 1200w\" sizes=\"auto, (max-width: 770px) 100vw, 770px\" \/><\/a><\/div>\n<div><\/div>\n<div><\/div>\n<div style=\"text-align: center;\">\n<hr \/>\n<p><strong>Siedziba SARP Rzesz\u00f3w \u2013 ul. Rynek 8<\/strong><\/p>\n<hr \/>\n<p>13:15 \u2013 Rozdanie Nagr\u00f3d \u2013 Konkurs Dyplom In\u017cynierski Roku<\/p>\n<p>13:30 \u2013 Rozdanie Nagr\u00f3d \u2013 Archi-GRA<\/p>\n<p>13:45 \u2013 Og\u0142oszenie konkursu \u201ePomys\u0142 na Archi-wydarzenie\u201d<\/p>\n<p><a href=\"https:\/\/podkarpacka.iarp.pl\/wp-content\/uploads\/2023\/06\/CV-Konkurs-Archi-Wydarzenie-Ogloszenie-RGB.jpg\"><img loading=\"lazy\" decoding=\"async\" class=\"aligncenter size-large wp-image-5402\" src=\"https:\/\/podkarpacka.iarp.pl\/wp-content\/uploads\/2023\/06\/CV-Konkurs-Archi-Wydarzenie-Ogloszenie-RGB-1024x536.jpg\" alt=\"\" width=\"770\" height=\"403\" srcset=\"https:\/\/podkarpacka.iarp.pl\/wp-content\/uploads\/2023\/06\/CV-Konkurs-Archi-Wydarzenie-Ogloszenie-RGB-1024x536.jpg 1024w, https:\/\/podkarpacka.iarp.pl\/wp-content\/uploads\/2023\/06\/CV-Konkurs-Archi-Wydarzenie-Ogloszenie-RGB-300x157.jpg 300w, https:\/\/podkarpacka.iarp.pl\/wp-content\/uploads\/2023\/06\/CV-Konkurs-Archi-Wydarzenie-Ogloszenie-RGB-768x402.jpg 768w, https:\/\/podkarpacka.iarp.pl\/wp-content\/uploads\/2023\/06\/CV-Konkurs-Archi-Wydarzenie-Ogloszenie-RGB.jpg 1200w\" sizes=\"auto, (max-width: 770px) 100vw, 770px\" \/><\/a><\/p>\n<hr \/>\n<p><strong>Galeria R_z \u2013 ul. 3go Maja 16<\/strong><\/p>\n<hr \/>\n<p>15:00 \u2013 15:45 \u2013 Prezentacja za\u0142o\u017ce\u0144 do Konkursu \u201cKwarta\u0142 Kultury\u201d<\/p>\n<p><a href=\"https:\/\/podkarpacka.iarp.pl\/wp-content\/uploads\/2023\/06\/CV-Konkurs-Miejski-RGB.jpg\"><img loading=\"lazy\" decoding=\"async\" class=\"aligncenter size-large wp-image-5393\" src=\"https:\/\/podkarpacka.iarp.pl\/wp-content\/uploads\/2023\/06\/CV-Konkurs-Miejski-RGB-1024x536.jpg\" alt=\"\" width=\"770\" height=\"403\" srcset=\"https:\/\/podkarpacka.iarp.pl\/wp-content\/uploads\/2023\/06\/CV-Konkurs-Miejski-RGB-1024x536.jpg 1024w, https:\/\/podkarpacka.iarp.pl\/wp-content\/uploads\/2023\/06\/CV-Konkurs-Miejski-RGB-300x157.jpg 300w, https:\/\/podkarpacka.iarp.pl\/wp-content\/uploads\/2023\/06\/CV-Konkurs-Miejski-RGB-768x402.jpg 768w, https:\/\/podkarpacka.iarp.pl\/wp-content\/uploads\/2023\/06\/CV-Konkurs-Miejski-RGB.jpg 1200w\" sizes=\"auto, (max-width: 770px) 100vw, 770px\" \/><\/a>16:00 \u2013 17.00 \u2013 Wolne spotkanie z Architektem Miasta Rzeszowa Januszem Sepio\u0142em<\/p>\n<p><a href=\"https:\/\/podkarpacka.iarp.pl\/wp-content\/uploads\/2023\/06\/CV-Architekt-Miejski-RGB.jpg\"><img loading=\"lazy\" decoding=\"async\" class=\"aligncenter size-large wp-image-5400\" src=\"https:\/\/podkarpacka.iarp.pl\/wp-content\/uploads\/2023\/06\/CV-Architekt-Miejski-RGB-1024x536.jpg\" alt=\"\" width=\"770\" height=\"403\" srcset=\"https:\/\/podkarpacka.iarp.pl\/wp-content\/uploads\/2023\/06\/CV-Architekt-Miejski-RGB-1024x536.jpg 1024w, https:\/\/podkarpacka.iarp.pl\/wp-content\/uploads\/2023\/06\/CV-Architekt-Miejski-RGB-300x157.jpg 300w, https:\/\/podkarpacka.iarp.pl\/wp-content\/uploads\/2023\/06\/CV-Architekt-Miejski-RGB-768x402.jpg 768w, https:\/\/podkarpacka.iarp.pl\/wp-content\/uploads\/2023\/06\/CV-Architekt-Miejski-RGB.jpg 1200w\" sizes=\"auto, (max-width: 770px) 100vw, 770px\" \/><\/a>17:00 \u2013 Rozdanie Nagr\u00f3d \u2013 Konkurs \u201ePomys\u0142 na Archi-wydarzenie\u201d<\/p>\n<p><a href=\"https:\/\/podkarpacka.iarp.pl\/wp-content\/uploads\/2023\/06\/CV-Konkurs-Archi-Wydarzenie-RGB.jpg\"><img loading=\"lazy\" decoding=\"async\" class=\"aligncenter size-large wp-image-5403\" src=\"https:\/\/podkarpacka.iarp.pl\/wp-content\/uploads\/2023\/06\/CV-Konkurs-Archi-Wydarzenie-RGB-1024x536.jpg\" alt=\"\" width=\"770\" height=\"403\" srcset=\"https:\/\/podkarpacka.iarp.pl\/wp-content\/uploads\/2023\/06\/CV-Konkurs-Archi-Wydarzenie-RGB-1024x536.jpg 1024w, https:\/\/podkarpacka.iarp.pl\/wp-content\/uploads\/2023\/06\/CV-Konkurs-Archi-Wydarzenie-RGB-300x157.jpg 300w, https:\/\/podkarpacka.iarp.pl\/wp-content\/uploads\/2023\/06\/CV-Konkurs-Archi-Wydarzenie-RGB-768x402.jpg 768w, https:\/\/podkarpacka.iarp.pl\/wp-content\/uploads\/2023\/06\/CV-Konkurs-Archi-Wydarzenie-RGB.jpg 1200w\" sizes=\"auto, (max-width: 770px) 100vw, 770px\" \/><\/a>17:15 \u2013 Integracja \u015arodowiska Architektonicznego w Galerii r_z w ogr\u00f3dku z cateringiem i lampk\u0105 wina<\/p>\n<p><a href=\"https:\/\/podkarpacka.iarp.pl\/wp-content\/uploads\/2023\/06\/CV-Integracja-RGB.jpg\"><img loading=\"lazy\" decoding=\"async\" class=\"aligncenter size-large wp-image-5401\" src=\"https:\/\/podkarpacka.iarp.pl\/wp-content\/uploads\/2023\/06\/CV-Integracja-RGB-1024x536.jpg\" alt=\"\" width=\"770\" height=\"403\" srcset=\"https:\/\/podkarpacka.iarp.pl\/wp-content\/uploads\/2023\/06\/CV-Integracja-RGB-1024x536.jpg 1024w, https:\/\/podkarpacka.iarp.pl\/wp-content\/uploads\/2023\/06\/CV-Integracja-RGB-300x157.jpg 300w, https:\/\/podkarpacka.iarp.pl\/wp-content\/uploads\/2023\/06\/CV-Integracja-RGB-768x402.jpg 768w, https:\/\/podkarpacka.iarp.pl\/wp-content\/uploads\/2023\/06\/CV-Integracja-RGB.jpg 1200w\" sizes=\"auto, (max-width: 770px) 100vw, 770px\" \/><\/a>Podczas Wydarzenia zakupi\u0107 b\u0119dzie mo\u017cna ksi\u0105\u017cki wydawnictwa Fundacji Centrum Architektury i Wysoki Zamek oraz magazyny archiwalne i bie\u017c\u0105ce Kwartalnika Rzut.<\/p>\n<p><a href=\"https:\/\/podkarpacka.iarp.pl\/wp-content\/uploads\/2023\/06\/CV-Archi-Ksiegarnia-RGB.jpg\"><img loading=\"lazy\" decoding=\"async\" class=\"aligncenter size-large wp-image-5399\" src=\"https:\/\/podkarpacka.iarp.pl\/wp-content\/uploads\/2023\/06\/CV-Archi-Ksiegarnia-RGB-1024x536.jpg\" alt=\"\" width=\"770\" height=\"403\" srcset=\"https:\/\/podkarpacka.iarp.pl\/wp-content\/uploads\/2023\/06\/CV-Archi-Ksiegarnia-RGB-1024x536.jpg 1024w, https:\/\/podkarpacka.iarp.pl\/wp-content\/uploads\/2023\/06\/CV-Archi-Ksiegarnia-RGB-300x157.jpg 300w, https:\/\/podkarpacka.iarp.pl\/wp-content\/uploads\/2023\/06\/CV-Archi-Ksiegarnia-RGB-768x402.jpg 768w, https:\/\/podkarpacka.iarp.pl\/wp-content\/uploads\/2023\/06\/CV-Archi-Ksiegarnia-RGB.jpg 1200w\" sizes=\"auto, (max-width: 770px) 100vw, 770px\" \/><\/a>Serdecznie Zapraszamy!<\/p>\n<\/div>\n<div><a href=\"https:\/\/podkarpacka.iarp.pl\/wp-content\/uploads\/2023\/06\/SDA-Plakat-2023-RGB-scaled.jpg\"><img loading=\"lazy\" decoding=\"async\" class=\"aligncenter size-large wp-image-5395\" src=\"https:\/\/podkarpacka.iarp.pl\/wp-content\/uploads\/2023\/06\/SDA-Plakat-2023-RGB-scaled-724x1024.jpg\" alt=\"\" width=\"724\" height=\"1024\" srcset=\"https:\/\/podkarpacka.iarp.pl\/wp-content\/uploads\/2023\/06\/SDA-Plakat-2023-RGB-scaled-724x1024.jpg 724w, https:\/\/podkarpacka.iarp.pl\/wp-content\/uploads\/2023\/06\/SDA-Plakat-2023-RGB-scaled-212x300.jpg 212w, https:\/\/podkarpacka.iarp.pl\/wp-content\/uploads\/2023\/06\/SDA-Plakat-2023-RGB-scaled-768x1086.jpg 768w, https:\/\/podkarpacka.iarp.pl\/wp-content\/uploads\/2023\/06\/SDA-Plakat-2023-RGB-scaled.jpg 1810w\" sizes=\"auto, (max-width: 724px) 100vw, 724px\" \/><\/a><\/div>\n","protected":false},"excerpt":{"rendered":"<p>Szanowne kole\u017canki, szanowni koledzy! Ju\u017c po raz drugi \u015bwi\u0119tujemy \u015awiatowy Dzie\u0144 Architektury. Co \/ Gdzie \/ O kt\u00f3rej? P\u0142yta Rynku w Rzeszowie \u2013 Start, Meta 10:00 \u2013 12:30 Archi-GRA Gra Miejska organizowana przez Student\u00f3w Ko\u0142a Naukowego Architektury Miejsc Spo\u0142ecznych \u2013 Politechnika Rzeszowska Siedziba SARP Rzesz\u00f3w \u2013 ul. Rynek 8 13:15 \u2013 Rozdanie Nagr\u00f3d \u2013 Konkurs [&hellip;]<\/p>\n","protected":false},"author":6,"featured_media":5410,"comment_status":"closed","ping_status":"open","sticky":false,"template":"","format":"standard","meta":{"footnotes":""},"categories":[71,55],"tags":[],"class_list":["post-5379","post","type-post","status-publish","format-standard","has-post-thumbnail","hentry","category-slider-strona-glowna","category-wydarzenia"],"publishpress_future_action":{"enabled":false,"date":"2026-05-05 03:27:43","action":"change-status","newStatus":"draft","terms":[],"taxonomy":"category","extraData":[]},"publishpress_future_workflow_manual_trigger":{"enabledWorkflows":[]},"_links":{"self":[{"href":"https:\/\/podkarpacka.iarp.pl\/index.php?rest_route=\/wp\/v2\/posts\/5379","targetHints":{"allow":["GET"]}}],"collection":[{"href":"https:\/\/podkarpacka.iarp.pl\/index.php?rest_route=\/wp\/v2\/posts"}],"about":[{"href":"https:\/\/podkarpacka.iarp.pl\/index.php?rest_route=\/wp\/v2\/types\/post"}],"author":[{"embeddable":true,"href":"https:\/\/podkarpacka.iarp.pl\/index.php?rest_route=\/wp\/v2\/users\/6"}],"replies":[{"embeddable":true,"href":"https:\/\/podkarpacka.iarp.pl\/index.php?rest_route=%2Fwp%2Fv2%2Fcomments&post=5379"}],"version-history":[{"count":8,"href":"https:\/\/podkarpacka.iarp.pl\/index.php?rest_route=\/wp\/v2\/posts\/5379\/revisions"}],"predecessor-version":[{"id":5415,"href":"https:\/\/podkarpacka.iarp.pl\/index.php?rest_route=\/wp\/v2\/posts\/5379\/revisions\/5415"}],"wp:featuredmedia":[{"embeddable":true,"href":"https:\/\/podkarpacka.iarp.pl\/index.php?rest_route=\/wp\/v2\/media\/5410"}],"wp:attachment":[{"href":"https:\/\/podkarpacka.iarp.pl\/index.php?rest_route=%2Fwp%2Fv2%2Fmedia&parent=5379"}],"wp:term":[{"taxonomy":"category","embeddable":true,"href":"https:\/\/podkarpacka.iarp.pl\/index.php?rest_route=%2Fwp%2Fv2%2Fcategories&post=5379"},{"taxonomy":"post_tag","embeddable":true,"href":"https:\/\/podkarpacka.iarp.pl\/index.php?rest_route=%2Fwp%2Fv2%2Ftags&post=5379"}],"curies":[{"name":"wp","href":"https:\/\/api.w.org\/{rel}","templated":true}]}}