{"id":5425,"date":"2023-07-05T14:32:39","date_gmt":"2023-07-05T12:32:39","guid":{"rendered":"http:\/\/podkarpacka.iarp.pl\/?p=5425"},"modified":"2023-07-05T15:41:51","modified_gmt":"2023-07-05T13:41:51","slug":"swiatowy-dzien-architektury-2023-podsumowanie","status":"publish","type":"post","link":"https:\/\/podkarpacka.iarp.pl\/?p=5425","title":{"rendered":"\u015awiatowy Dzie\u0144 Architektury 2023 &#8211; podsumowanie"},"content":{"rendered":"<p>Dnia 1.07.2023 r. \u015bwi\u0119towali\u015bmy \u015awiatowy Dzie\u0144 Architektury.W ramach obchod\u00f3w dzie\u0144 by\u0142 wype\u0142niony wydarzeniami przygotowanymi przez PKOIA RP, SARP<br \/>\noddzia\u0142 Rzesz\u00f3w i student\u00f3w Wydzia\u0142u Architektury Politechniki Rzeszowskiej, nale\u017c\u0105cych do Ko\u0142a<br \/>\nNaukowego Architektury Miejsc Spo\u0142ecznych pod opiek\u0105 Pani dr. Beaty Walickiej G\u00f3ral.<br \/>\nTegoroczny plakat, promuj\u0105cy rzeszowski- \u015awiatowy Dzie\u0144 Architektury, zosta\u0142 zaprojektowany przez<br \/>\nstudent\u00f3w z Ko\u0142a Naukowego Architektury Miejsc Spo\u0142ecznych i odnosi\u0142 si\u0119 do wydarze\u0144 2023 roku\u2013<br \/>\nt\u0142em plakatu by\u0142 tegoroczny kolor roku\u2013 ciemny r\u00f3\u017c, natomiast grafika, znajduj\u0105ca si\u0119 na plakacie,<br \/>\nw syntetyczny spos\u00f3b przedstawia\u0142a budynek America&#8217;s Cup Veles e Vents, zaprojektowany przez<br \/>\ntegorocznego laureata nagrody Pritzkera Davida Alana Chipperfielda.<br \/>\n<a href=\"https:\/\/podkarpacka.iarp.pl\/wp-content\/uploads\/2023\/06\/SDA-Plakat-2023-RGB-scaled.jpg\"><img loading=\"lazy\" decoding=\"async\" class=\"aligncenter size-large wp-image-5395\" src=\"https:\/\/podkarpacka.iarp.pl\/wp-content\/uploads\/2023\/06\/SDA-Plakat-2023-RGB-scaled-724x1024.jpg\" alt=\"\" width=\"724\" height=\"1024\" srcset=\"https:\/\/podkarpacka.iarp.pl\/wp-content\/uploads\/2023\/06\/SDA-Plakat-2023-RGB-scaled-724x1024.jpg 724w, https:\/\/podkarpacka.iarp.pl\/wp-content\/uploads\/2023\/06\/SDA-Plakat-2023-RGB-scaled-212x300.jpg 212w, https:\/\/podkarpacka.iarp.pl\/wp-content\/uploads\/2023\/06\/SDA-Plakat-2023-RGB-scaled-768x1086.jpg 768w, https:\/\/podkarpacka.iarp.pl\/wp-content\/uploads\/2023\/06\/SDA-Plakat-2023-RGB-scaled.jpg 1810w\" sizes=\"auto, (max-width: 724px) 100vw, 724px\" \/><\/a><br \/>\n\u015awi\u0119towanie rozpocz\u0119\u0142o si\u0119 o godzinie 10:00 na p\u0142ycie rzeszowskiego Rynku, przygotowan\u0105 przez<br \/>\nstudent\u00f3w gr\u0105 miejsk\u0105 \u2013 ARCHI gr\u0105. Gra skierowana by\u0142a do wszystkich ch\u0119tnych uczestnik\u00f3w i mia\u0142a<br \/>\nna celu promocj\u0119 architektury oraz dobr\u0105 zabaw\u0119! Czas trwania gry przewidziany by\u0142 na oko\u0142o dwie<br \/>\ngodziny, podczas kt\u00f3rych uczestnicy wykazywali si\u0119 nie tylko wiedz\u0105, ale i sprytem! Zwyci\u0119ska<br \/>\ndru\u017cyna, uko\u0144czy\u0142a gr\u0119 ju\u017c po czterdziestu minutach!<br \/>\n<a href=\"https:\/\/podkarpacka.iarp.pl\/?p=5561\" target=\"_blank\" rel=\"noopener noreferrer\">link do fotogalerii z ARCHI gry &gt;&gt;link&lt;&lt;\u00a0<\/a><\/p>\n\n\t\t<style type=\"text\/css\">\n\t\t\t#gallery-1 {\n\t\t\t\tmargin: auto;\n\t\t\t}\n\t\t\t#gallery-1 .gallery-item {\n\t\t\t\tfloat: left;\n\t\t\t\tmargin-top: 10px;\n\t\t\t\ttext-align: center;\n\t\t\t\twidth: 33%;\n\t\t\t}\n\t\t\t#gallery-1 img {\n\t\t\t\tborder: 2px solid #cfcfcf;\n\t\t\t}\n\t\t\t#gallery-1 .gallery-caption {\n\t\t\t\tmargin-left: 0;\n\t\t\t}\n\t\t\t\/* see gallery_shortcode() in wp-includes\/media.php *\/\n\t\t<\/style>\n\t\t<div id='gallery-1' class='gallery galleryid-5425 gallery-columns-3 gallery-size-thumbnail'><dl class='gallery-item'>\n\t\t\t<dt class='gallery-icon landscape'>\n\t\t\t\t<a href='https:\/\/podkarpacka.iarp.pl\/wp-content\/uploads\/2023\/07\/1.jpg'><img loading=\"lazy\" decoding=\"async\" width=\"150\" height=\"150\" src=\"https:\/\/podkarpacka.iarp.pl\/wp-content\/uploads\/2023\/07\/1-150x150.jpg\" class=\"attachment-thumbnail size-thumbnail\" alt=\"\" \/><\/a>\n\t\t\t<\/dt><\/dl><dl class='gallery-item'>\n\t\t\t<dt class='gallery-icon landscape'>\n\t\t\t\t<a href='https:\/\/podkarpacka.iarp.pl\/wp-content\/uploads\/2023\/07\/2.jpg'><img loading=\"lazy\" decoding=\"async\" width=\"150\" height=\"150\" src=\"https:\/\/podkarpacka.iarp.pl\/wp-content\/uploads\/2023\/07\/2-150x150.jpg\" class=\"attachment-thumbnail size-thumbnail\" alt=\"\" \/><\/a>\n\t\t\t<\/dt><\/dl><dl class='gallery-item'>\n\t\t\t<dt class='gallery-icon landscape'>\n\t\t\t\t<a href='https:\/\/podkarpacka.iarp.pl\/wp-content\/uploads\/2023\/07\/3.jpg'><img loading=\"lazy\" decoding=\"async\" width=\"150\" height=\"150\" src=\"https:\/\/podkarpacka.iarp.pl\/wp-content\/uploads\/2023\/07\/3-150x150.jpg\" class=\"attachment-thumbnail size-thumbnail\" alt=\"\" \/><\/a>\n\t\t\t<\/dt><\/dl><br style=\"clear: both\" \/><dl class='gallery-item'>\n\t\t\t<dt class='gallery-icon landscape'>\n\t\t\t\t<a href='https:\/\/podkarpacka.iarp.pl\/wp-content\/uploads\/2023\/07\/4.jpg'><img loading=\"lazy\" decoding=\"async\" width=\"150\" height=\"150\" src=\"https:\/\/podkarpacka.iarp.pl\/wp-content\/uploads\/2023\/07\/4-150x150.jpg\" class=\"attachment-thumbnail size-thumbnail\" alt=\"\" \/><\/a>\n\t\t\t<\/dt><\/dl><dl class='gallery-item'>\n\t\t\t<dt class='gallery-icon portrait'>\n\t\t\t\t<a href='https:\/\/podkarpacka.iarp.pl\/wp-content\/uploads\/2023\/07\/5.jpg'><img loading=\"lazy\" decoding=\"async\" width=\"150\" height=\"150\" src=\"https:\/\/podkarpacka.iarp.pl\/wp-content\/uploads\/2023\/07\/5-150x150.jpg\" class=\"attachment-thumbnail size-thumbnail\" alt=\"\" \/><\/a>\n\t\t\t<\/dt><\/dl>\n\t\t\t<br style='clear: both' \/>\n\t\t<\/div>\n\n<p>Oficjalna cz\u0119\u015b\u0107 wydarze\u0144 odby\u0142a si\u0119 we wczesnych godzinach popo\u0142udniowych w siedzibie PKOIA RP i<br \/>\nSARP o. Rzesz\u00f3w, ul. Rynek 8, gdzie mia\u0142y miejsce:<br \/>\n&#8211; wr\u0119czenie uprawnie\u0144 uzyskanych podczas letniej sesji egzaminacyjnej,<br \/>\n&#8211; wr\u0119czenie narod\u00f3w w konkursie In\u017cynierski Dyplom Roku,<br \/>\n&#8211; oraz wr\u0119czenie nagr\u00f3d w ARCHI-grze.<br \/>\n<a href=\"https:\/\/podkarpacka.iarp.pl\/?p=5564\" target=\"_blank\" rel=\"noopener noreferrer\">link do fotogalerii cz\u0119\u015bci oficjalnej &gt;&gt;link&lt;&lt;\u00a0<\/a><\/p>\n\n\t\t<style type=\"text\/css\">\n\t\t\t#gallery-2 {\n\t\t\t\tmargin: auto;\n\t\t\t}\n\t\t\t#gallery-2 .gallery-item {\n\t\t\t\tfloat: left;\n\t\t\t\tmargin-top: 10px;\n\t\t\t\ttext-align: center;\n\t\t\t\twidth: 33%;\n\t\t\t}\n\t\t\t#gallery-2 img {\n\t\t\t\tborder: 2px solid #cfcfcf;\n\t\t\t}\n\t\t\t#gallery-2 .gallery-caption {\n\t\t\t\tmargin-left: 0;\n\t\t\t}\n\t\t\t\/* see gallery_shortcode() in wp-includes\/media.php *\/\n\t\t<\/style>\n\t\t<div id='gallery-2' class='gallery galleryid-5425 gallery-columns-3 gallery-size-thumbnail'><dl class='gallery-item'>\n\t\t\t<dt class='gallery-icon landscape'>\n\t\t\t\t<a href='https:\/\/podkarpacka.iarp.pl\/wp-content\/uploads\/2023\/07\/6.jpg'><img loading=\"lazy\" decoding=\"async\" width=\"150\" height=\"150\" src=\"https:\/\/podkarpacka.iarp.pl\/wp-content\/uploads\/2023\/07\/6-150x150.jpg\" class=\"attachment-thumbnail size-thumbnail\" alt=\"\" \/><\/a>\n\t\t\t<\/dt><\/dl><dl class='gallery-item'>\n\t\t\t<dt class='gallery-icon landscape'>\n\t\t\t\t<a href='https:\/\/podkarpacka.iarp.pl\/wp-content\/uploads\/2023\/07\/7.jpg'><img loading=\"lazy\" decoding=\"async\" width=\"150\" height=\"150\" src=\"https:\/\/podkarpacka.iarp.pl\/wp-content\/uploads\/2023\/07\/7-150x150.jpg\" class=\"attachment-thumbnail size-thumbnail\" alt=\"\" \/><\/a>\n\t\t\t<\/dt><\/dl><dl class='gallery-item'>\n\t\t\t<dt class='gallery-icon landscape'>\n\t\t\t\t<a href='https:\/\/podkarpacka.iarp.pl\/wp-content\/uploads\/2023\/07\/8.jpg'><img loading=\"lazy\" decoding=\"async\" width=\"150\" height=\"150\" src=\"https:\/\/podkarpacka.iarp.pl\/wp-content\/uploads\/2023\/07\/8-150x150.jpg\" class=\"attachment-thumbnail size-thumbnail\" alt=\"\" \/><\/a>\n\t\t\t<\/dt><\/dl><br style=\"clear: both\" \/><dl class='gallery-item'>\n\t\t\t<dt class='gallery-icon portrait'>\n\t\t\t\t<a href='https:\/\/podkarpacka.iarp.pl\/wp-content\/uploads\/2023\/07\/9.jpg'><img loading=\"lazy\" decoding=\"async\" width=\"150\" height=\"150\" src=\"https:\/\/podkarpacka.iarp.pl\/wp-content\/uploads\/2023\/07\/9-150x150.jpg\" class=\"attachment-thumbnail size-thumbnail\" alt=\"\" \/><\/a>\n\t\t\t<\/dt><\/dl><dl class='gallery-item'>\n\t\t\t<dt class='gallery-icon portrait'>\n\t\t\t\t<a href='https:\/\/podkarpacka.iarp.pl\/wp-content\/uploads\/2023\/07\/10.jpg'><img loading=\"lazy\" decoding=\"async\" width=\"150\" height=\"150\" src=\"https:\/\/podkarpacka.iarp.pl\/wp-content\/uploads\/2023\/07\/10-150x150.jpg\" class=\"attachment-thumbnail size-thumbnail\" alt=\"\" \/><\/a>\n\t\t\t<\/dt><\/dl><dl class='gallery-item'>\n\t\t\t<dt class='gallery-icon portrait'>\n\t\t\t\t<a href='https:\/\/podkarpacka.iarp.pl\/wp-content\/uploads\/2023\/07\/11.jpg'><img loading=\"lazy\" decoding=\"async\" width=\"150\" height=\"150\" src=\"https:\/\/podkarpacka.iarp.pl\/wp-content\/uploads\/2023\/07\/11-150x150.jpg\" class=\"attachment-thumbnail size-thumbnail\" alt=\"\" \/><\/a>\n\t\t\t<\/dt><\/dl><br style=\"clear: both\" \/><dl class='gallery-item'>\n\t\t\t<dt class='gallery-icon portrait'>\n\t\t\t\t<a href='https:\/\/podkarpacka.iarp.pl\/wp-content\/uploads\/2023\/07\/12.jpg'><img loading=\"lazy\" decoding=\"async\" width=\"150\" height=\"150\" src=\"https:\/\/podkarpacka.iarp.pl\/wp-content\/uploads\/2023\/07\/12-150x150.jpg\" class=\"attachment-thumbnail size-thumbnail\" alt=\"\" \/><\/a>\n\t\t\t<\/dt><\/dl>\n\t\t\t<br style='clear: both' \/>\n\t\t<\/div>\n\n<p>Nast\u0119pnie \u015bwi\u0119towanie przenios\u0142o si\u0119 do Galerii r_z przy ul. 3-go Maja, gdzie odby\u0142y si\u0119 wydarzenia<br \/>\nskierowane do \u015brodowiska architekt\u00f3w:<br \/>\n&#8211; prezentacja za\u0142o\u017ce\u0144 konkursowych konkursu \u201eKwarta\u0142 kultury\u201d,<br \/>\n&#8211; oraz dyskusja z Architektem Miasta Rzeszowa Januszem Sepio\u0142em,<br \/>\n&#8211; losowanie nagr\u00f3d w konkursie \u201ePomys\u0142 na ARCHI&#8230;\u201d.<br \/>\n<a href=\"https:\/\/podkarpacka.iarp.pl\/?p=5664\" target=\"_blank\" rel=\"noopener noreferrer\">link do fotogalerii z wydarze\u0144 &gt;&gt;link&lt;&lt;\u00a0<\/a><\/p>\n\n\t\t<style type=\"text\/css\">\n\t\t\t#gallery-3 {\n\t\t\t\tmargin: auto;\n\t\t\t}\n\t\t\t#gallery-3 .gallery-item {\n\t\t\t\tfloat: left;\n\t\t\t\tmargin-top: 10px;\n\t\t\t\ttext-align: center;\n\t\t\t\twidth: 25%;\n\t\t\t}\n\t\t\t#gallery-3 img {\n\t\t\t\tborder: 2px solid #cfcfcf;\n\t\t\t}\n\t\t\t#gallery-3 .gallery-caption {\n\t\t\t\tmargin-left: 0;\n\t\t\t}\n\t\t\t\/* see gallery_shortcode() in wp-includes\/media.php *\/\n\t\t<\/style>\n\t\t<div id='gallery-3' class='gallery galleryid-5425 gallery-columns-4 gallery-size-thumbnail'><dl class='gallery-item'>\n\t\t\t<dt class='gallery-icon portrait'>\n\t\t\t\t<a href='https:\/\/podkarpacka.iarp.pl\/wp-content\/uploads\/2023\/07\/13.jpg'><img loading=\"lazy\" decoding=\"async\" width=\"150\" height=\"150\" src=\"https:\/\/podkarpacka.iarp.pl\/wp-content\/uploads\/2023\/07\/13-150x150.jpg\" class=\"attachment-thumbnail size-thumbnail\" alt=\"\" \/><\/a>\n\t\t\t<\/dt><\/dl><dl class='gallery-item'>\n\t\t\t<dt class='gallery-icon landscape'>\n\t\t\t\t<a href='https:\/\/podkarpacka.iarp.pl\/wp-content\/uploads\/2023\/07\/14.jpg'><img loading=\"lazy\" decoding=\"async\" width=\"150\" height=\"150\" src=\"https:\/\/podkarpacka.iarp.pl\/wp-content\/uploads\/2023\/07\/14-150x150.jpg\" class=\"attachment-thumbnail size-thumbnail\" alt=\"\" \/><\/a>\n\t\t\t<\/dt><\/dl><dl class='gallery-item'>\n\t\t\t<dt class='gallery-icon portrait'>\n\t\t\t\t<a href='https:\/\/podkarpacka.iarp.pl\/wp-content\/uploads\/2023\/07\/15.jpg'><img loading=\"lazy\" decoding=\"async\" width=\"150\" height=\"150\" src=\"https:\/\/podkarpacka.iarp.pl\/wp-content\/uploads\/2023\/07\/15-150x150.jpg\" class=\"attachment-thumbnail size-thumbnail\" alt=\"\" \/><\/a>\n\t\t\t<\/dt><\/dl><dl class='gallery-item'>\n\t\t\t<dt class='gallery-icon landscape'>\n\t\t\t\t<a href='https:\/\/podkarpacka.iarp.pl\/wp-content\/uploads\/2023\/07\/16.jpg'><img loading=\"lazy\" decoding=\"async\" width=\"150\" height=\"150\" src=\"https:\/\/podkarpacka.iarp.pl\/wp-content\/uploads\/2023\/07\/16-150x150.jpg\" class=\"attachment-thumbnail size-thumbnail\" alt=\"\" \/><\/a>\n\t\t\t<\/dt><\/dl><br style=\"clear: both\" \/>\n\t\t<\/div>\n\n<p>Intensywny dzie\u0144, pe\u0142en wydarze\u0144 i emocji zosta\u0142 zako\u0144czony wsp\u00f3ln\u0105 integracj\u0105 \u015brodowiska<br \/>\narchitektonicznego.<br \/>\n<a href=\"https:\/\/podkarpacka.iarp.pl\/?p=5694\" target=\"_blank\" rel=\"noopener noreferrer\">link do fotogalerii z integracji\u00a0 &gt;&gt;link&lt;&lt;\u00a0<\/a><\/p>\n\n\t\t<style type=\"text\/css\">\n\t\t\t#gallery-4 {\n\t\t\t\tmargin: auto;\n\t\t\t}\n\t\t\t#gallery-4 .gallery-item {\n\t\t\t\tfloat: left;\n\t\t\t\tmargin-top: 10px;\n\t\t\t\ttext-align: center;\n\t\t\t\twidth: 25%;\n\t\t\t}\n\t\t\t#gallery-4 img {\n\t\t\t\tborder: 2px solid #cfcfcf;\n\t\t\t}\n\t\t\t#gallery-4 .gallery-caption {\n\t\t\t\tmargin-left: 0;\n\t\t\t}\n\t\t\t\/* see gallery_shortcode() in wp-includes\/media.php *\/\n\t\t<\/style>\n\t\t<div id='gallery-4' class='gallery galleryid-5425 gallery-columns-4 gallery-size-thumbnail'><dl class='gallery-item'>\n\t\t\t<dt class='gallery-icon portrait'>\n\t\t\t\t<a href='https:\/\/podkarpacka.iarp.pl\/wp-content\/uploads\/2023\/07\/17.jpg'><img loading=\"lazy\" decoding=\"async\" width=\"150\" height=\"150\" src=\"https:\/\/podkarpacka.iarp.pl\/wp-content\/uploads\/2023\/07\/17-150x150.jpg\" class=\"attachment-thumbnail size-thumbnail\" alt=\"\" \/><\/a>\n\t\t\t<\/dt><\/dl><dl class='gallery-item'>\n\t\t\t<dt class='gallery-icon landscape'>\n\t\t\t\t<a href='https:\/\/podkarpacka.iarp.pl\/wp-content\/uploads\/2023\/07\/18.jpg'><img loading=\"lazy\" decoding=\"async\" width=\"150\" height=\"150\" src=\"https:\/\/podkarpacka.iarp.pl\/wp-content\/uploads\/2023\/07\/18-150x150.jpg\" class=\"attachment-thumbnail size-thumbnail\" alt=\"\" \/><\/a>\n\t\t\t<\/dt><\/dl><dl class='gallery-item'>\n\t\t\t<dt class='gallery-icon portrait'>\n\t\t\t\t<a href='https:\/\/podkarpacka.iarp.pl\/wp-content\/uploads\/2023\/07\/19.jpg'><img loading=\"lazy\" decoding=\"async\" width=\"150\" height=\"150\" src=\"https:\/\/podkarpacka.iarp.pl\/wp-content\/uploads\/2023\/07\/19-150x150.jpg\" class=\"attachment-thumbnail size-thumbnail\" alt=\"\" \/><\/a>\n\t\t\t<\/dt><\/dl><dl class='gallery-item'>\n\t\t\t<dt class='gallery-icon portrait'>\n\t\t\t\t<a href='https:\/\/podkarpacka.iarp.pl\/wp-content\/uploads\/2023\/07\/20.jpg'><img loading=\"lazy\" decoding=\"async\" width=\"150\" height=\"150\" src=\"https:\/\/podkarpacka.iarp.pl\/wp-content\/uploads\/2023\/07\/20-150x150.jpg\" class=\"attachment-thumbnail size-thumbnail\" alt=\"\" \/><\/a>\n\t\t\t<\/dt><\/dl><br style=\"clear: both\" \/>\n\t\t<\/div>\n\n<p>Serdecznie dzi\u0119kujemy cz\u0142onkom SARP o. Rzesz\u00f3w oraz studentom wydzia\u0142u Architektury,<br \/>\nPolitechniki Rzeszowskiej- Ko\u0142a Naukowego Architektury Miejsc Spo\u0142ecznych za wsp\u00f3ln\u0105 organizacj\u0119<br \/>\nwydarze\u0144, wielkie zaanga\u017cowanie oraz kreatywno\u015b\u0107!<\/p>\n<p>Dzi\u0119kujemy go\u015bciom, kt\u00f3rzy u\u015bwietnili nasze wydarzenia swoj\u0105 obecno\u015bci\u0105: Panu Dziekanowi prof. dr<br \/>\nhab. in\u017c. Lechowi Licho\u0142ajowi, Panu Architektowi Miasta Januszowi Sepio\u0142owi, pani Prezydent miasta<br \/>\nRzeszowa Jolancie Ka\u017amierczak oraz Pani Dyrektor Biblioteki Miejskiej Bo\u017cenie Jandzie.<br \/>\nDzi\u0119kujemy Kawie Rzeszowskiej oraz Galerii r_z za wy\u015bmienit\u0105, serwowan\u0105 na najwy\u017cszym poziomie<br \/>\nobs\u0142ug\u0119 naszych wydarze\u0144.<\/p>\n","protected":false},"excerpt":{"rendered":"<p>Dnia 1.07.2023 r. \u015bwi\u0119towali\u015bmy \u015awiatowy Dzie\u0144 Architektury.W ramach obchod\u00f3w dzie\u0144 by\u0142 wype\u0142niony wydarzeniami przygotowanymi przez PKOIA RP, SARP oddzia\u0142 Rzesz\u00f3w i student\u00f3w Wydzia\u0142u Architektury Politechniki Rzeszowskiej, nale\u017c\u0105cych do Ko\u0142a Naukowego Architektury Miejsc Spo\u0142ecznych pod opiek\u0105 Pani dr. Beaty Walickiej G\u00f3ral. Tegoroczny plakat, promuj\u0105cy rzeszowski- \u015awiatowy Dzie\u0144 Architektury, zosta\u0142 zaprojektowany przez student\u00f3w z Ko\u0142a Naukowego Architektury [&hellip;]<\/p>\n","protected":false},"author":6,"featured_media":5410,"comment_status":"closed","ping_status":"open","sticky":false,"template":"","format":"standard","meta":{"footnotes":""},"categories":[71,55],"tags":[],"class_list":["post-5425","post","type-post","status-publish","format-standard","has-post-thumbnail","hentry","category-slider-strona-glowna","category-wydarzenia"],"publishpress_future_action":{"enabled":false,"date":"2026-05-05 16:11:15","action":"change-status","newStatus":"draft","terms":[],"taxonomy":"category","extraData":[]},"publishpress_future_workflow_manual_trigger":{"enabledWorkflows":[]},"_links":{"self":[{"href":"https:\/\/podkarpacka.iarp.pl\/index.php?rest_route=\/wp\/v2\/posts\/5425","targetHints":{"allow":["GET"]}}],"collection":[{"href":"https:\/\/podkarpacka.iarp.pl\/index.php?rest_route=\/wp\/v2\/posts"}],"about":[{"href":"https:\/\/podkarpacka.iarp.pl\/index.php?rest_route=\/wp\/v2\/types\/post"}],"author":[{"embeddable":true,"href":"https:\/\/podkarpacka.iarp.pl\/index.php?rest_route=\/wp\/v2\/users\/6"}],"replies":[{"embeddable":true,"href":"https:\/\/podkarpacka.iarp.pl\/index.php?rest_route=%2Fwp%2Fv2%2Fcomments&post=5425"}],"version-history":[{"count":4,"href":"https:\/\/podkarpacka.iarp.pl\/index.php?rest_route=\/wp\/v2\/posts\/5425\/revisions"}],"predecessor-version":[{"id":6300,"href":"https:\/\/podkarpacka.iarp.pl\/index.php?rest_route=\/wp\/v2\/posts\/5425\/revisions\/6300"}],"wp:featuredmedia":[{"embeddable":true,"href":"https:\/\/podkarpacka.iarp.pl\/index.php?rest_route=\/wp\/v2\/media\/5410"}],"wp:attachment":[{"href":"https:\/\/podkarpacka.iarp.pl\/index.php?rest_route=%2Fwp%2Fv2%2Fmedia&parent=5425"}],"wp:term":[{"taxonomy":"category","embeddable":true,"href":"https:\/\/podkarpacka.iarp.pl\/index.php?rest_route=%2Fwp%2Fv2%2Fcategories&post=5425"},{"taxonomy":"post_tag","embeddable":true,"href":"https:\/\/podkarpacka.iarp.pl\/index.php?rest_route=%2Fwp%2Fv2%2Ftags&post=5425"}],"curies":[{"name":"wp","href":"https:\/\/api.w.org\/{rel}","templated":true}]}}