{"id":552,"date":"2015-01-16T14:52:42","date_gmt":"2015-01-16T14:52:42","guid":{"rendered":"http:\/\/podkarpacka.iarp.pl\/?p=552"},"modified":"2015-04-27T21:40:24","modified_gmt":"2015-04-27T21:40:24","slug":"dom-moich-marzen-2014","status":"publish","type":"post","link":"https:\/\/podkarpacka.iarp.pl\/?p=552","title":{"rendered":"DOM MOICH MARZE\u0143 2014"},"content":{"rendered":"<h2 style=\"text-align: justify;\"><strong>Konkurs dla dzieci szk\u00f3\u0142 podstawowych<\/strong><\/h2>\n<h3 style=\"text-align: justify;\"><strong>LAUREACI I EDYCJI KONKURSU \u2013 \u201cDOM MOICH MARZE\u0143 2014\u201d<\/strong><\/h3>\n<p style=\"text-align: justify;\">Uprzejmie informujemy, \u017ce rozstrzygni\u0119ty zosta\u0142 konkurs III edycji Dnia Edukacji Architektonicznej zorganizowany dla IV klas szk\u00f3\u0142 podstawowych z Rzeszowa, Krosna, D\u0119bicy, \u0141a\u0144cuta i Przemy\u015bla.<\/p>\n<p style=\"text-align: justify;\">Na konkurs wp\u0142yn\u0119\u0142o og\u00f3\u0142em 539 prac nades\u0142anych z 20 szk\u00f3\u0142 podstawowych. Jury konkursowe przyzna\u0142o:<\/p>\n<ul style=\"text-align: justify;\">\n<li><strong>\u00a07 nagr\u00f3d g\u0142\u00f3wnych,<\/strong><\/li>\n<li><strong>56 wyr\u00f3\u017cnie\u0144 indywidualnych,<\/strong><\/li>\n<li><strong>3 wyr\u00f3\u017cnienia dla klas.<\/strong><\/li>\n<\/ul>\n<p style=\"text-align: justify;\">Dodatkowo jury konkursowe przyzna\u0142o pozaregulaminow\u0105 nagrod\u0119 specjaln\u0105 za model domu.<\/p>\n<p style=\"text-align: justify;\">Otwarcie wystawy wraz z wr\u0119czeniem nagr\u00f3d laureatom odb\u0119dzie si\u0119<br \/>\nw dniu <strong><em>16 stycznia 2014 roku o godzinie 12<sup>00<\/sup> w Holu wyj\u015bciowym Podziemnej Trasy Turystycznej <\/em><\/strong><em>w Rzeszowie, Rynek 26<\/em>.<\/p>\n<p style=\"text-align: justify;\">\u00a0\u00a0\u00a0\u00a0\u00a0\u00a0\u00a0\u00a0\u00a0\u00a0\u00a0 Serdecznie zapraszamy osoby nagrodzone wraz z opiekunami lub wychowawcami.<\/p>\n<p style=\"text-align: justify;\">Informujemy ponadto, \u017ce wystawa prac nagrodzonych otwarta b\u0119dzie do ko\u0144ca miesi\u0105ca stycznia i wszystkich zainteresowanych serdecznie zapraszamy. W holu mo\u017ce jednorazowo pomie\u015bci\u0107 si\u0119 oko\u0142o 100 os\u00f3b.<\/p>\n<p style=\"text-align: justify;\">Je\u017celi osoby nagrodzone lub wyr\u00f3\u017cnione nie b\u0119d\u0105 mog\u0142y by\u0107 obecne osobi\u015bcie w dniu otwarcia \u00a0&#8211; nagrody i wyr\u00f3\u017cnienia przeka\u017cemy nauczycielom z danej szko\u0142y.<\/p>\n<p style=\"text-align: justify;\">W za\u0142\u0105czeniu protok\u00f3\u0142 z posiedzenia Jury z dnia 28 grudnia 2013 r.<\/p>\n<p style=\"text-align: right;\"><strong>L.dz. 2\/PKORIA\/2014<\/strong><\/p>\n<hr \/>\n<p style=\"text-align: right;\"><div class='w3eden'><!-- WPDM Link Template: Default Template -->\n\n<div class=\"link-template-default card mb-2\">\n    <div class=\"card-body\">\n        <div class=\"media\">\n            <div class=\"mr-3 img-48\"><img decoding=\"async\" class=\"wpdm_icon\" alt=\"Ikonka\"   src=\"http:\/\/podkarpacka.iarp.pl\/wp-content\/plugins\/download-manager\/assets\/file-type-icons\/pdf.png\" \/><\/div>\n            <div class=\"media-body\">\n                <h3 class=\"package-title\"><a href='https:\/\/podkarpacka.iarp.pl\/?wpdmpro=protokol-z-posiedzenia-jury-konkursu-dom-moich-marzen-2014'>Protok\u00f3\u0142 z posiedzenia jury konkursu Dom Moich Marzen 2014<\/a><\/h3>\n                <div class=\"text-muted text-small\"><i class=\"fas fa-copy\"><\/i> 1 plik(i) <i class=\"fas fa-hdd ml-3\"><\/i> 244.36 KB<\/div>\n            <\/div>\n            <div class=\"ml-3\">\n                <a class='wpdm-download-link download-on-click btn btn-primary ' rel='nofollow' href='#' data-downloadurl=\"https:\/\/podkarpacka.iarp.pl\/?wpdmpro=protokol-z-posiedzenia-jury-konkursu-dom-moich-marzen-2014&wpdmdl=795&refresh=69f01b1bb39801777343259\">POBIERZ DOKUMENT<\/a>\n            <\/div>\n        <\/div>\n    <\/div>\n<\/div>\n\n<\/div>\n<hr \/>\n<p style=\"text-align: right;\"><a href=\"https:\/\/podkarpacka.iarp.pl\/wp-content\/uploads\/2015\/01\/kalendarz_2014-small.jpg\"><img loading=\"lazy\" decoding=\"async\" class=\" size-full wp-image-808 aligncenter\" src=\"https:\/\/podkarpacka.iarp.pl\/wp-content\/uploads\/2015\/01\/kalendarz_2014-small.jpg\" alt=\"kalendarz_2014 small\" width=\"610\" height=\"897\" \/><\/a><\/p>\n<p style=\"text-align: right;\">\n","protected":false},"excerpt":{"rendered":"<p>Konkurs dla dzieci szk\u00f3\u0142 podstawowych LAUREACI I EDYCJI KONKURSU \u2013 \u201cDOM MOICH MARZE\u0143 2014\u201d Uprzejmie informujemy, \u017ce rozstrzygni\u0119ty zosta\u0142 konkurs III edycji Dnia Edukacji Architektonicznej zorganizowany dla IV klas szk\u00f3\u0142 podstawowych z Rzeszowa, Krosna, D\u0119bicy, \u0141a\u0144cuta i Przemy\u015bla. Na konkurs wp\u0142yn\u0119\u0142o og\u00f3\u0142em 539 prac nades\u0142anych z 20 szk\u00f3\u0142 podstawowych. Jury konkursowe przyzna\u0142o: \u00a07 nagr\u00f3d g\u0142\u00f3wnych, [&hellip;]<\/p>\n","protected":false},"author":7,"featured_media":809,"comment_status":"closed","ping_status":"open","sticky":false,"template":"","format":"standard","meta":{"footnotes":""},"categories":[62],"tags":[],"class_list":["post-552","post","type-post","status-publish","format-standard","has-post-thumbnail","hentry","category-konkursy"],"publishpress_future_action":{"enabled":false,"date":"2026-05-05 03:27:39","action":"change-status","newStatus":"draft","terms":[],"taxonomy":"category","extraData":[]},"publishpress_future_workflow_manual_trigger":{"enabledWorkflows":[]},"_links":{"self":[{"href":"https:\/\/podkarpacka.iarp.pl\/index.php?rest_route=\/wp\/v2\/posts\/552","targetHints":{"allow":["GET"]}}],"collection":[{"href":"https:\/\/podkarpacka.iarp.pl\/index.php?rest_route=\/wp\/v2\/posts"}],"about":[{"href":"https:\/\/podkarpacka.iarp.pl\/index.php?rest_route=\/wp\/v2\/types\/post"}],"author":[{"embeddable":true,"href":"https:\/\/podkarpacka.iarp.pl\/index.php?rest_route=\/wp\/v2\/users\/7"}],"replies":[{"embeddable":true,"href":"https:\/\/podkarpacka.iarp.pl\/index.php?rest_route=%2Fwp%2Fv2%2Fcomments&post=552"}],"version-history":[{"count":12,"href":"https:\/\/podkarpacka.iarp.pl\/index.php?rest_route=\/wp\/v2\/posts\/552\/revisions"}],"predecessor-version":[{"id":976,"href":"https:\/\/podkarpacka.iarp.pl\/index.php?rest_route=\/wp\/v2\/posts\/552\/revisions\/976"}],"wp:featuredmedia":[{"embeddable":true,"href":"https:\/\/podkarpacka.iarp.pl\/index.php?rest_route=\/wp\/v2\/media\/809"}],"wp:attachment":[{"href":"https:\/\/podkarpacka.iarp.pl\/index.php?rest_route=%2Fwp%2Fv2%2Fmedia&parent=552"}],"wp:term":[{"taxonomy":"category","embeddable":true,"href":"https:\/\/podkarpacka.iarp.pl\/index.php?rest_route=%2Fwp%2Fv2%2Fcategories&post=552"},{"taxonomy":"post_tag","embeddable":true,"href":"https:\/\/podkarpacka.iarp.pl\/index.php?rest_route=%2Fwp%2Fv2%2Ftags&post=552"}],"curies":[{"name":"wp","href":"https:\/\/api.w.org\/{rel}","templated":true}]}}