{"id":6367,"date":"2023-08-31T19:52:08","date_gmt":"2023-08-31T17:52:08","guid":{"rendered":"http:\/\/podkarpacka.iarp.pl\/?p=6367"},"modified":"2023-08-31T19:53:17","modified_gmt":"2023-08-31T17:53:17","slug":"szkolenie-pt-opowiesci-o-swietle-dziennym","status":"publish","type":"post","link":"https:\/\/podkarpacka.iarp.pl\/?p=6367","title":{"rendered":"Szkolenie pt. \u201eOpowie\u015bci o \u015bwietle dziennym&#8230;\u201d."},"content":{"rendered":"<p>Szanowne Kole\u017canki i Koledzy!<br \/>\nRada PKOIA RP zaprasza cz\u0142onk\u00f3w Podkarpackiej Okr\u0119gowej Izby Architekt\u00f3w RP na szkolenie pt. \u201eOpowie\u015bci o \u015bwietle dziennym&#8230;\u201d. Spotkanie wsp\u00f3\u0142organizowane jest przez firm\u0119 EduArch, prelegentami s\u0105 przedstawiciele producenta system\u00f3w Velux.<br \/>\nObiecujemy tak\u017ce mi\u0142\u0105 atmosfer\u0119, pocz\u0119stunek i troch\u0119 zabawy:<br \/>\n&#8211; autorski stand\u2019up Agnieszki Matan<br \/>\n&#8211; jazzowe rytmy zespo\u0142u Distractions<br \/>\nSzczeg\u00f3\u0142owy program imprezy znajduje si\u0119 w za\u0142\u0105czniku.<br \/>\n<strong>Spotykamy si\u0119 w \u015brod\u0119, 13 wrze\u015bnia 2023 r. o godz. 17:30 w restauracji Lord Jack, ul. Rynek 3\/4 w Rzeszowie.<\/strong><br \/>\nWszystkich ch\u0119tnych prosimy o rejestrowanie si\u0119 pod linkiem:<br \/>\n<a href=\"https:\/\/www.eduarch.pl\/magiczne-opowiesci-o-swietle-dziennym-13-09-2023\/\" target=\"_blank\" rel=\"noopener noreferrer\">https:\/\/www.eduarch.pl\/magiczne-opowiesci-o-swietle-dziennym-13-09-2023\/<\/a><br \/>\nDo zobaczenia!<br \/>\nPrzewodnicz\u0105cy Zespo\u0142u ds. szkole\u0144 PKOIA RP<br \/>\narch. Maciej Trybus<\/p>\n<p><a href=\"https:\/\/podkarpacka.iarp.pl\/wp-content\/uploads\/2023\/08\/PROGRAM_OPOWIE\u015a\u0106_O_\u015aWIETLE_DZIENNYM_2023-r2.jpg\" target=\"_blank\" rel=\"noopener noreferrer\"><img loading=\"lazy\" decoding=\"async\" class=\"aligncenter wp-image-6368 size-large\" src=\"https:\/\/podkarpacka.iarp.pl\/wp-content\/uploads\/2023\/08\/PROGRAM_OPOWIE\u015a\u0106_O_\u015aWIETLE_DZIENNYM_2023-r2-724x1024.jpg\" alt=\"\" width=\"724\" height=\"1024\" srcset=\"https:\/\/podkarpacka.iarp.pl\/wp-content\/uploads\/2023\/08\/PROGRAM_OPOWIE\u015a\u0106_O_\u015aWIETLE_DZIENNYM_2023-r2-724x1024.jpg 724w, https:\/\/podkarpacka.iarp.pl\/wp-content\/uploads\/2023\/08\/PROGRAM_OPOWIE\u015a\u0106_O_\u015aWIETLE_DZIENNYM_2023-r2-212x300.jpg 212w, https:\/\/podkarpacka.iarp.pl\/wp-content\/uploads\/2023\/08\/PROGRAM_OPOWIE\u015a\u0106_O_\u015aWIETLE_DZIENNYM_2023-r2-768x1086.jpg 768w\" sizes=\"auto, (max-width: 724px) 100vw, 724px\" \/><\/a><\/p>\n","protected":false},"excerpt":{"rendered":"<p>Szanowne Kole\u017canki i Koledzy! Rada PKOIA RP zaprasza cz\u0142onk\u00f3w Podkarpackiej Okr\u0119gowej Izby Architekt\u00f3w RP na szkolenie pt. \u201eOpowie\u015bci o \u015bwietle dziennym&#8230;\u201d. Spotkanie wsp\u00f3\u0142organizowane jest przez firm\u0119 EduArch, prelegentami s\u0105 przedstawiciele producenta system\u00f3w Velux. Obiecujemy tak\u017ce mi\u0142\u0105 atmosfer\u0119, pocz\u0119stunek i troch\u0119 zabawy: &#8211; autorski stand\u2019up Agnieszki Matan &#8211; jazzowe rytmy zespo\u0142u Distractions Szczeg\u00f3\u0142owy program imprezy znajduje [&hellip;]<\/p>\n","protected":false},"author":6,"featured_media":4549,"comment_status":"closed","ping_status":"open","sticky":false,"template":"","format":"standard","meta":{"footnotes":""},"categories":[57],"tags":[],"class_list":["post-6367","post","type-post","status-publish","format-standard","has-post-thumbnail","hentry","category-szkolenia"],"publishpress_future_action":{"enabled":false,"date":"2026-05-04 22:48:59","action":"change-status","newStatus":"draft","terms":[],"taxonomy":"category","extraData":[]},"publishpress_future_workflow_manual_trigger":{"enabledWorkflows":[]},"_links":{"self":[{"href":"https:\/\/podkarpacka.iarp.pl\/index.php?rest_route=\/wp\/v2\/posts\/6367","targetHints":{"allow":["GET"]}}],"collection":[{"href":"https:\/\/podkarpacka.iarp.pl\/index.php?rest_route=\/wp\/v2\/posts"}],"about":[{"href":"https:\/\/podkarpacka.iarp.pl\/index.php?rest_route=\/wp\/v2\/types\/post"}],"author":[{"embeddable":true,"href":"https:\/\/podkarpacka.iarp.pl\/index.php?rest_route=\/wp\/v2\/users\/6"}],"replies":[{"embeddable":true,"href":"https:\/\/podkarpacka.iarp.pl\/index.php?rest_route=%2Fwp%2Fv2%2Fcomments&post=6367"}],"version-history":[{"count":1,"href":"https:\/\/podkarpacka.iarp.pl\/index.php?rest_route=\/wp\/v2\/posts\/6367\/revisions"}],"predecessor-version":[{"id":6369,"href":"https:\/\/podkarpacka.iarp.pl\/index.php?rest_route=\/wp\/v2\/posts\/6367\/revisions\/6369"}],"wp:featuredmedia":[{"embeddable":true,"href":"https:\/\/podkarpacka.iarp.pl\/index.php?rest_route=\/wp\/v2\/media\/4549"}],"wp:attachment":[{"href":"https:\/\/podkarpacka.iarp.pl\/index.php?rest_route=%2Fwp%2Fv2%2Fmedia&parent=6367"}],"wp:term":[{"taxonomy":"category","embeddable":true,"href":"https:\/\/podkarpacka.iarp.pl\/index.php?rest_route=%2Fwp%2Fv2%2Fcategories&post=6367"},{"taxonomy":"post_tag","embeddable":true,"href":"https:\/\/podkarpacka.iarp.pl\/index.php?rest_route=%2Fwp%2Fv2%2Ftags&post=6367"}],"curies":[{"name":"wp","href":"https:\/\/api.w.org\/{rel}","templated":true}]}}