{"id":6396,"date":"2023-10-19T11:55:45","date_gmt":"2023-10-19T09:55:45","guid":{"rendered":"http:\/\/podkarpacka.iarp.pl\/?p=6396"},"modified":"2023-10-26T09:15:57","modified_gmt":"2023-10-26T07:15:57","slug":"szkolenie-ochrona-przeciwpozarowa-budynkow-03-11-2023","status":"publish","type":"post","link":"https:\/\/podkarpacka.iarp.pl\/?p=6396","title":{"rendered":"Szkolenie: Ochrona przeciwpo\u017carowa budynk\u00f3w &#8211; 03.11.2023"},"content":{"rendered":"<p><span style=\"font-family: arial, sans-serif;\"><b><span lang=\"PL\">Podkarpacka Okr\u0119gowa Izba Architekt\u00f3w RP<\/span><\/b><span lang=\"PL\">\u00a0ma zaszczyt zaprosi\u0107 wszystkich swoich cz\u0142onk\u00f3w na bezp\u0142atne certyfikowane szkolenie IARP.<\/span><span lang=\"PL\">\u00a0<\/span><\/span><span style=\"font-family: arial, sans-serif;\">Tematyk\u0105 szkolenia b\u0119dzie\u00a0<b>ochrona przeciwpo\u017carowa budynk\u00f3w.<\/b><\/span><\/p>\n<p><span style=\"font-family: arial, sans-serif;\"><span lang=\"PL\">Prowadz\u0105cy szkolenie mgr in\u017c. Lucjan G\u0142adysz \u2013 Rzeczoznawca ds. zabezpiecze\u0144 przeciwpo\u017carowych.\u00a0<\/span><\/span>Szkolenie odb\u0119dzie si\u0119 w dniu\u00a0<b>3 listopada o godzinie 13:00 w siedzibie PKOIA RP, Rynek 8.<\/b><\/p>\n<p><span style=\"font-family: arial, sans-serif;\">UWAGA \u203c NOWO\u015a\u0106<br \/>\nInformujemy, \u017ce architekci niezrzeszeni w Podkarpackiej Okr\u0119gowej Izbie Architekt\u00f3w RP, b\u0119d\u0105 mogli odp\u0142atnie uczestniczy\u0107 w szkoleniu.<\/span><\/p>\n<p>Program szkolenia \u201eNie pali si\u0119\u201d oraz link do rejestracji:<\/p>\n<p class=\"m_466059990966437810xxmsonormal\"><span class=\"m_466059990966437810contentpasted1\"><span lang=\"PL\"><a id=\"m_466059990966437810LPlnk968519\" href=\"https:\/\/szkolenia.iarp.pl\/szkolenie\/1293\" target=\"_blank\" rel=\"noopener noreferrer\" data-saferedirecturl=\"https:\/\/www.google.com\/url?q=https:\/\/szkolenia.iarp.pl\/szkolenie\/1293&amp;source=gmail&amp;ust=1698390641695000&amp;usg=AOvVaw1SZ5FgxvfmIOzCoXgetJLi\"><b>https:\/\/szkolenia.iarp.pl\/<wbr><\/wbr>szkolenie\/1293<\/b><\/a><\/span><\/span><\/p>\n","protected":false},"excerpt":{"rendered":"<p>Podkarpacka Okr\u0119gowa Izba Architekt\u00f3w RP\u00a0ma zaszczyt zaprosi\u0107 wszystkich swoich cz\u0142onk\u00f3w na bezp\u0142atne certyfikowane szkolenie IARP.\u00a0Tematyk\u0105 szkolenia b\u0119dzie\u00a0ochrona przeciwpo\u017carowa budynk\u00f3w. Prowadz\u0105cy szkolenie mgr in\u017c. Lucjan G\u0142adysz \u2013 Rzeczoznawca ds. zabezpiecze\u0144 przeciwpo\u017carowych.\u00a0Szkolenie odb\u0119dzie si\u0119 w dniu\u00a03 listopada o godzinie 13:00 w siedzibie PKOIA RP, Rynek 8. UWAGA \u203c NOWO\u015a\u0106 Informujemy, \u017ce architekci niezrzeszeni w Podkarpackiej Okr\u0119gowej Izbie [&hellip;]<\/p>\n","protected":false},"author":6,"featured_media":4551,"comment_status":"closed","ping_status":"open","sticky":false,"template":"","format":"standard","meta":{"footnotes":""},"categories":[57],"tags":[],"class_list":["post-6396","post","type-post","status-publish","format-standard","has-post-thumbnail","hentry","category-szkolenia"],"publishpress_future_action":{"enabled":false,"date":"2026-05-04 22:49:07","action":"change-status","newStatus":"draft","terms":[],"taxonomy":"category","extraData":[]},"publishpress_future_workflow_manual_trigger":{"enabledWorkflows":[]},"_links":{"self":[{"href":"https:\/\/podkarpacka.iarp.pl\/index.php?rest_route=\/wp\/v2\/posts\/6396","targetHints":{"allow":["GET"]}}],"collection":[{"href":"https:\/\/podkarpacka.iarp.pl\/index.php?rest_route=\/wp\/v2\/posts"}],"about":[{"href":"https:\/\/podkarpacka.iarp.pl\/index.php?rest_route=\/wp\/v2\/types\/post"}],"author":[{"embeddable":true,"href":"https:\/\/podkarpacka.iarp.pl\/index.php?rest_route=\/wp\/v2\/users\/6"}],"replies":[{"embeddable":true,"href":"https:\/\/podkarpacka.iarp.pl\/index.php?rest_route=%2Fwp%2Fv2%2Fcomments&post=6396"}],"version-history":[{"count":7,"href":"https:\/\/podkarpacka.iarp.pl\/index.php?rest_route=\/wp\/v2\/posts\/6396\/revisions"}],"predecessor-version":[{"id":6407,"href":"https:\/\/podkarpacka.iarp.pl\/index.php?rest_route=\/wp\/v2\/posts\/6396\/revisions\/6407"}],"wp:featuredmedia":[{"embeddable":true,"href":"https:\/\/podkarpacka.iarp.pl\/index.php?rest_route=\/wp\/v2\/media\/4551"}],"wp:attachment":[{"href":"https:\/\/podkarpacka.iarp.pl\/index.php?rest_route=%2Fwp%2Fv2%2Fmedia&parent=6396"}],"wp:term":[{"taxonomy":"category","embeddable":true,"href":"https:\/\/podkarpacka.iarp.pl\/index.php?rest_route=%2Fwp%2Fv2%2Fcategories&post=6396"},{"taxonomy":"post_tag","embeddable":true,"href":"https:\/\/podkarpacka.iarp.pl\/index.php?rest_route=%2Fwp%2Fv2%2Ftags&post=6396"}],"curies":[{"name":"wp","href":"https:\/\/api.w.org\/{rel}","templated":true}]}}