{"id":6408,"date":"2023-10-26T11:11:36","date_gmt":"2023-10-26T09:11:36","guid":{"rendered":"http:\/\/podkarpacka.iarp.pl\/?p=6408"},"modified":"2023-10-26T11:12:04","modified_gmt":"2023-10-26T09:12:04","slug":"szkolenie-ochrona-przeciwpozarowa-budynkow-dodatkowy-termin","status":"publish","type":"post","link":"https:\/\/podkarpacka.iarp.pl\/?p=6408","title":{"rendered":"Szkolenie: Ochrona przeciwpo\u017carowa budynk\u00f3w &#8211; dodatkowy termin"},"content":{"rendered":"<p style=\"font-weight: 400;\">Obserwujemy bardzo\u00a0<strong>du\u017ce zainteresowanie<\/strong>\u00a0nadchodz\u0105cym szkoleniem IARP obejmuj\u0105cym problematyk\u0119 ochrony przeciwpo\u017carowej.<\/p>\n<p style=\"font-weight: 400;\">Dlatego mimo braku miejsc\u00a0<strong>prosimy nie rezygnowa\u0107<\/strong>\u00a0z zapis\u00f3w:<\/p>\n<p style=\"font-weight: 400;\"><a href=\"https:\/\/szkolenia.iarp.pl\/szkolenie\/1293\" data-saferedirecturl=\"https:\/\/www.google.com\/url?q=https:\/\/szkolenia.iarp.pl\/szkolenie\/1293&amp;source=gmail&amp;ust=1698390659462000&amp;usg=AOvVaw0BGggIQonBSiYOIcKIUlJ8\"><strong>Nie pali si\u0119!<\/strong><\/a><\/p>\n<p style=\"font-weight: 400;\"><a href=\"https:\/\/szkolenia.iarp.pl\/szkolenie\/1293\" data-saferedirecturl=\"https:\/\/www.google.com\/url?q=https:\/\/szkolenia.iarp.pl\/szkolenie\/1293&amp;source=gmail&amp;ust=1698390659462000&amp;usg=AOvVaw0BGggIQonBSiYOIcKIUlJ8\"><strong>https:\/\/szkolenia.iarp.pl\/szkolenie\/1293<\/strong><\/a><\/p>\n<p style=\"font-weight: 400;\">Lista rezerwowa b\u0119dzie dla nas podstaw\u0105 do organizacji szkolenia w\u00a0<strong>dodatkowym terminie<\/strong>.<\/p>\n<p style=\"font-weight: 400;\">Architekt\u00f3w\u00a0<strong>niezrzeszonych w PKOIA RP<\/strong>, kt\u00f3rzy odp\u0142atnie b\u0119d\u0105 mogli uczestniczy\u0107 w kolejnym terminie szkolenia, prosimy o wyra\u017cenie ch\u0119ci udzia\u0142u:<\/p>\n<ul style=\"font-weight: 400;\">\n<li>przesy\u0142aj\u0105c wiadomo\u015b\u0107 SMS z imieniem i nazwiskiem oraz adresem e-mail zg\u0142aszanego uczestnika \u2013 pod numer:\u00a0<strong>795\u00a0580\u00a0885<\/strong><\/li>\n<\/ul>\n<p style=\"font-weight: 400;\">Orientacyjny termin powt\u00f3rzenia szkolenia IARP \u201eNie pali si\u0119\u201d to\u00a0<strong>24\u00a0listopada 2023.<\/strong><\/p>\n<p style=\"font-weight: 400;\">Koszt udzia\u0142u w szkoleniu dla architekt\u00f3w niezrzeszonych zostanie skalkulowany w najbli\u017cszym czasie, po rozeznaniu zainteresowania tej grupy uczestnik\u00f3w<\/p>\n","protected":false},"excerpt":{"rendered":"<p>Obserwujemy bardzo\u00a0du\u017ce zainteresowanie\u00a0nadchodz\u0105cym szkoleniem IARP obejmuj\u0105cym problematyk\u0119 ochrony przeciwpo\u017carowej. Dlatego mimo braku miejsc\u00a0prosimy nie rezygnowa\u0107\u00a0z zapis\u00f3w: Nie pali si\u0119! https:\/\/szkolenia.iarp.pl\/szkolenie\/1293 Lista rezerwowa b\u0119dzie dla nas podstaw\u0105 do organizacji szkolenia w\u00a0dodatkowym terminie. Architekt\u00f3w\u00a0niezrzeszonych w PKOIA RP, kt\u00f3rzy odp\u0142atnie b\u0119d\u0105 mogli uczestniczy\u0107 w kolejnym terminie szkolenia, prosimy o wyra\u017cenie ch\u0119ci udzia\u0142u: przesy\u0142aj\u0105c wiadomo\u015b\u0107 SMS z imieniem i [&hellip;]<\/p>\n","protected":false},"author":6,"featured_media":4551,"comment_status":"closed","ping_status":"open","sticky":false,"template":"","format":"standard","meta":{"footnotes":""},"categories":[57],"tags":[],"class_list":["post-6408","post","type-post","status-publish","format-standard","has-post-thumbnail","hentry","category-szkolenia"],"publishpress_future_action":{"enabled":false,"date":"2026-05-04 22:47:55","action":"change-status","newStatus":"draft","terms":[],"taxonomy":"category","extraData":[]},"publishpress_future_workflow_manual_trigger":{"enabledWorkflows":[]},"_links":{"self":[{"href":"https:\/\/podkarpacka.iarp.pl\/index.php?rest_route=\/wp\/v2\/posts\/6408","targetHints":{"allow":["GET"]}}],"collection":[{"href":"https:\/\/podkarpacka.iarp.pl\/index.php?rest_route=\/wp\/v2\/posts"}],"about":[{"href":"https:\/\/podkarpacka.iarp.pl\/index.php?rest_route=\/wp\/v2\/types\/post"}],"author":[{"embeddable":true,"href":"https:\/\/podkarpacka.iarp.pl\/index.php?rest_route=\/wp\/v2\/users\/6"}],"replies":[{"embeddable":true,"href":"https:\/\/podkarpacka.iarp.pl\/index.php?rest_route=%2Fwp%2Fv2%2Fcomments&post=6408"}],"version-history":[{"count":2,"href":"https:\/\/podkarpacka.iarp.pl\/index.php?rest_route=\/wp\/v2\/posts\/6408\/revisions"}],"predecessor-version":[{"id":6410,"href":"https:\/\/podkarpacka.iarp.pl\/index.php?rest_route=\/wp\/v2\/posts\/6408\/revisions\/6410"}],"wp:featuredmedia":[{"embeddable":true,"href":"https:\/\/podkarpacka.iarp.pl\/index.php?rest_route=\/wp\/v2\/media\/4551"}],"wp:attachment":[{"href":"https:\/\/podkarpacka.iarp.pl\/index.php?rest_route=%2Fwp%2Fv2%2Fmedia&parent=6408"}],"wp:term":[{"taxonomy":"category","embeddable":true,"href":"https:\/\/podkarpacka.iarp.pl\/index.php?rest_route=%2Fwp%2Fv2%2Fcategories&post=6408"},{"taxonomy":"post_tag","embeddable":true,"href":"https:\/\/podkarpacka.iarp.pl\/index.php?rest_route=%2Fwp%2Fv2%2Ftags&post=6408"}],"curies":[{"name":"wp","href":"https:\/\/api.w.org\/{rel}","templated":true}]}}