{"id":6427,"date":"2023-11-27T09:47:55","date_gmt":"2023-11-27T07:47:55","guid":{"rendered":"http:\/\/podkarpacka.iarp.pl\/?p=6427"},"modified":"2023-11-27T09:47:55","modified_gmt":"2023-11-27T07:47:55","slug":"fotorelacja-ze-szkolenia-pt-nie-pali-sie-24-11-2023","status":"publish","type":"post","link":"https:\/\/podkarpacka.iarp.pl\/?p=6427","title":{"rendered":"Fotorelacja ze szkolenia pt. \u201eNie pali si\u0119!\u201d &#8211; 24.11.2023"},"content":{"rendered":"<p>Za nami drugie szkolenie o tematyce ochrony przeciwpo\u017carowej budynk\u00f3w zorganizowane z racji du\u017cego zainteresowania tym tematem w\u015br\u00f3d architekt\u00f3w. Spotkali\u015bmy si\u0119, \u017ceby pog\u0142\u0119bi\u0107 swoj\u0105 wiedz\u0119 dotycz\u0105c\u0105 zasad sytuowania i parametr\u00f3w techniczno-u\u017cytkowych budynk\u00f3w\u00a0w \u015bwietle obowi\u0105zuj\u0105cych przepis\u00f3w ochrony przeciwpo\u017carowej. W trakcie spotkania pad\u0142o wiele nieoczywistych pyta\u0144, na kt\u00f3re zainteresowani otrzymali od zaproszonych ekspert\u00f3w wyczerpuj\u0105ce odpowiedzi.<\/p>\n<div>Zapraszamy do obejrzenia ma\u0142ej galerii zdj\u0119\u0107 i przy okazji zapowiadamy nast\u0119pne szkolenia planowane na przysz\u0142y rok:<br \/>\n\u2022 w styczniu: prof. Jacek Strojny &#8211; zarz\u0105dzanie projektem<br \/>\n\u2022 w lutym: arch. Waldemar Jasiewicz &#8211; prawa autorskie i zapisy umowne<\/p>\n<\/div>\n<div>Wi\u0119cej informacji ju\u017c wkr\u00f3tce na Facebooku i stronie internetowej PKOIA RP<br clear=\"all\" \/><\/p>\n<div>\n<aside id=\"module-carousel-6427\" class=\"widget module-carousel\">\n            \t\t\t\t\t\t  <div class=\"wrapper\"><div style=\"float:left;height:470px;\"><figure>\n    \t\t\t\t\t\t\t\t\t<a class=\"pix\" href=\"https:\/\/podkarpacka.iarp.pl\/wp-content\/uploads\/2023\/11\/IMG-20231125-WA0027.jpg\" title=\"\"><img loading=\"lazy\" decoding=\"async\" src=\"https:\/\/podkarpacka.iarp.pl\/wp-content\/uploads\/2023\/11\/IMG-20231125-WA0027-770x470.jpg\" width=\"770\" height=\"470\" alt=\"\" class=\"img-responsive\"><div class=\"zoomix\"><i class=\"fa fa-search\"><\/i><\/div><\/a>\n    \t\t\t\t\t\t\t\t\t<figcaption>\n    \t\t\t\t\t\t\t\t\t\t<span class=\"car-index\"><strong class=\"index\">1<\/strong> of <strong>6<\/strong><\/span>\n    \t\t\t\t\t\t\t\t\t\t<span class=\"car-title\"><\/span>\n                                            <span class=\"nav\">\n                                                <a class=\"prev\" href=\"#\"><i class=\"fa fa-chevron-left\"><\/i><\/a>\n                                                <a class=\"pix\" href=\"#\"><i class=\"fa fa-expand\"><\/i><\/a>\n                                                <a class=\"next\" href=\"#\"><i class=\"fa fa-chevron-right\"><\/i><\/a>\n                                            <\/span>\n    \t\t\t\t\t\t\t\t\t<\/figcaption>\n    \t\t\t\t\t\t\t\t<\/figure><\/div><div style=\"float:left;height:470px;\"><figure>\n    \t\t\t\t\t\t\t\t\t<a class=\"pix\" href=\"https:\/\/podkarpacka.iarp.pl\/wp-content\/uploads\/2023\/11\/IMG-20231125-WA0022.jpg\" title=\"\"><img loading=\"lazy\" decoding=\"async\" src=\"https:\/\/podkarpacka.iarp.pl\/wp-content\/uploads\/2023\/11\/IMG-20231125-WA0022-770x470.jpg\" width=\"770\" height=\"470\" alt=\"\" class=\"img-responsive\"><div class=\"zoomix\"><i class=\"fa fa-search\"><\/i><\/div><\/a>\n    \t\t\t\t\t\t\t\t\t<figcaption>\n    \t\t\t\t\t\t\t\t\t\t<span class=\"car-index\"><strong class=\"index\">1<\/strong> of <strong>6<\/strong><\/span>\n    \t\t\t\t\t\t\t\t\t\t<span class=\"car-title\"><\/span>\n                                            <span class=\"nav\">\n                                                <a class=\"prev\" href=\"#\"><i class=\"fa fa-chevron-left\"><\/i><\/a>\n                                                <a class=\"pix\" href=\"#\"><i class=\"fa fa-expand\"><\/i><\/a>\n                                                <a class=\"next\" href=\"#\"><i class=\"fa fa-chevron-right\"><\/i><\/a>\n                                            <\/span>\n    \t\t\t\t\t\t\t\t\t<\/figcaption>\n    \t\t\t\t\t\t\t\t<\/figure><\/div><div style=\"float:left;height:470px;\"><figure>\n    \t\t\t\t\t\t\t\t\t<a class=\"pix\" href=\"https:\/\/podkarpacka.iarp.pl\/wp-content\/uploads\/2023\/11\/IMG-20231125-WA0023.jpg\" title=\"\"><img loading=\"lazy\" decoding=\"async\" src=\"https:\/\/podkarpacka.iarp.pl\/wp-content\/uploads\/2023\/11\/IMG-20231125-WA0023-770x470.jpg\" width=\"770\" height=\"470\" alt=\"\" class=\"img-responsive\"><div class=\"zoomix\"><i class=\"fa fa-search\"><\/i><\/div><\/a>\n    \t\t\t\t\t\t\t\t\t<figcaption>\n    \t\t\t\t\t\t\t\t\t\t<span class=\"car-index\"><strong class=\"index\">1<\/strong> of <strong>6<\/strong><\/span>\n    \t\t\t\t\t\t\t\t\t\t<span class=\"car-title\"><\/span>\n                                            <span class=\"nav\">\n                                                <a class=\"prev\" href=\"#\"><i class=\"fa fa-chevron-left\"><\/i><\/a>\n                                                <a class=\"pix\" href=\"#\"><i class=\"fa fa-expand\"><\/i><\/a>\n                                                <a class=\"next\" href=\"#\"><i class=\"fa fa-chevron-right\"><\/i><\/a>\n                                            <\/span>\n    \t\t\t\t\t\t\t\t\t<\/figcaption>\n    \t\t\t\t\t\t\t\t<\/figure><\/div><div style=\"float:left;height:470px;\"><figure>\n    \t\t\t\t\t\t\t\t\t<a class=\"pix\" href=\"https:\/\/podkarpacka.iarp.pl\/wp-content\/uploads\/2023\/11\/IMG-20231125-WA0024.jpg\" title=\"\"><img loading=\"lazy\" decoding=\"async\" src=\"https:\/\/podkarpacka.iarp.pl\/wp-content\/uploads\/2023\/11\/IMG-20231125-WA0024-770x470.jpg\" width=\"770\" height=\"470\" alt=\"\" class=\"img-responsive\"><div class=\"zoomix\"><i class=\"fa fa-search\"><\/i><\/div><\/a>\n    \t\t\t\t\t\t\t\t\t<figcaption>\n    \t\t\t\t\t\t\t\t\t\t<span class=\"car-index\"><strong class=\"index\">1<\/strong> of <strong>6<\/strong><\/span>\n    \t\t\t\t\t\t\t\t\t\t<span class=\"car-title\"><\/span>\n                                            <span class=\"nav\">\n                                                <a class=\"prev\" href=\"#\"><i class=\"fa fa-chevron-left\"><\/i><\/a>\n                                                <a class=\"pix\" href=\"#\"><i class=\"fa fa-expand\"><\/i><\/a>\n                                                <a class=\"next\" href=\"#\"><i class=\"fa fa-chevron-right\"><\/i><\/a>\n                                            <\/span>\n    \t\t\t\t\t\t\t\t\t<\/figcaption>\n    \t\t\t\t\t\t\t\t<\/figure><\/div><div style=\"float:left;height:470px;\"><figure>\n    \t\t\t\t\t\t\t\t\t<a class=\"pix\" href=\"https:\/\/podkarpacka.iarp.pl\/wp-content\/uploads\/2023\/11\/IMG-20231125-WA0025.jpg\" title=\"\"><img loading=\"lazy\" decoding=\"async\" src=\"https:\/\/podkarpacka.iarp.pl\/wp-content\/uploads\/2023\/11\/IMG-20231125-WA0025-770x470.jpg\" width=\"770\" height=\"470\" alt=\"\" class=\"img-responsive\"><div class=\"zoomix\"><i class=\"fa fa-search\"><\/i><\/div><\/a>\n    \t\t\t\t\t\t\t\t\t<figcaption>\n    \t\t\t\t\t\t\t\t\t\t<span class=\"car-index\"><strong class=\"index\">1<\/strong> of <strong>6<\/strong><\/span>\n    \t\t\t\t\t\t\t\t\t\t<span class=\"car-title\"><\/span>\n                                            <span class=\"nav\">\n                                                <a class=\"prev\" href=\"#\"><i class=\"fa fa-chevron-left\"><\/i><\/a>\n                                                <a class=\"pix\" href=\"#\"><i class=\"fa fa-expand\"><\/i><\/a>\n                                                <a class=\"next\" href=\"#\"><i class=\"fa fa-chevron-right\"><\/i><\/a>\n                                            <\/span>\n    \t\t\t\t\t\t\t\t\t<\/figcaption>\n    \t\t\t\t\t\t\t\t<\/figure><\/div><div style=\"float:left;height:470px;\"><figure>\n    \t\t\t\t\t\t\t\t\t<a class=\"pix\" href=\"https:\/\/podkarpacka.iarp.pl\/wp-content\/uploads\/2023\/11\/IMG-20231125-WA0026.jpg\" title=\"\"><img loading=\"lazy\" decoding=\"async\" src=\"https:\/\/podkarpacka.iarp.pl\/wp-content\/uploads\/2023\/11\/IMG-20231125-WA0026-770x470.jpg\" width=\"770\" height=\"470\" alt=\"\" class=\"img-responsive\"><div class=\"zoomix\"><i class=\"fa fa-search\"><\/i><\/div><\/a>\n    \t\t\t\t\t\t\t\t\t<figcaption>\n    \t\t\t\t\t\t\t\t\t\t<span class=\"car-index\"><strong class=\"index\">1<\/strong> of <strong>6<\/strong><\/span>\n    \t\t\t\t\t\t\t\t\t\t<span class=\"car-title\"><\/span>\n                                            <span class=\"nav\">\n                                                <a class=\"prev\" href=\"#\"><i class=\"fa fa-chevron-left\"><\/i><\/a>\n                                                <a class=\"pix\" href=\"#\"><i class=\"fa fa-expand\"><\/i><\/a>\n                                                <a class=\"next\" href=\"#\"><i class=\"fa fa-chevron-right\"><\/i><\/a>\n                                            <\/span>\n    \t\t\t\t\t\t\t\t\t<\/figcaption>\n    \t\t\t\t\t\t\t\t<\/figure><\/div>          <\/div>\n                                <\/aside>\n                                <script>\n                                    \"use strict\";\n                                    var initModuleCarousel  = true;\n                                    var modCarHeight        = 470;\n                                    var modCarAutoStart     = false;\n                                <\/script>\n<\/div>\n<\/div>\n","protected":false},"excerpt":{"rendered":"<p>Za nami drugie szkolenie o tematyce ochrony przeciwpo\u017carowej budynk\u00f3w zorganizowane z racji du\u017cego zainteresowania tym tematem w\u015br\u00f3d architekt\u00f3w. Spotkali\u015bmy si\u0119, \u017ceby pog\u0142\u0119bi\u0107 swoj\u0105 wiedz\u0119 dotycz\u0105c\u0105 zasad sytuowania i parametr\u00f3w techniczno-u\u017cytkowych budynk\u00f3w\u00a0w \u015bwietle obowi\u0105zuj\u0105cych przepis\u00f3w ochrony przeciwpo\u017carowej. W trakcie spotkania pad\u0142o wiele nieoczywistych pyta\u0144, na kt\u00f3re zainteresowani otrzymali od zaproszonych ekspert\u00f3w wyczerpuj\u0105ce odpowiedzi. Zapraszamy do obejrzenia [&hellip;]<\/p>\n","protected":false},"author":6,"featured_media":6428,"comment_status":"closed","ping_status":"open","sticky":false,"template":"","format":"standard","meta":{"footnotes":""},"categories":[55],"tags":[],"class_list":["post-6427","post","type-post","status-publish","format-standard","has-post-thumbnail","hentry","category-wydarzenia"],"publishpress_future_action":{"enabled":false,"date":"2026-05-05 16:19:26","action":"change-status","newStatus":"draft","terms":[],"taxonomy":"category","extraData":[]},"publishpress_future_workflow_manual_trigger":{"enabledWorkflows":[]},"_links":{"self":[{"href":"https:\/\/podkarpacka.iarp.pl\/index.php?rest_route=\/wp\/v2\/posts\/6427","targetHints":{"allow":["GET"]}}],"collection":[{"href":"https:\/\/podkarpacka.iarp.pl\/index.php?rest_route=\/wp\/v2\/posts"}],"about":[{"href":"https:\/\/podkarpacka.iarp.pl\/index.php?rest_route=\/wp\/v2\/types\/post"}],"author":[{"embeddable":true,"href":"https:\/\/podkarpacka.iarp.pl\/index.php?rest_route=\/wp\/v2\/users\/6"}],"replies":[{"embeddable":true,"href":"https:\/\/podkarpacka.iarp.pl\/index.php?rest_route=%2Fwp%2Fv2%2Fcomments&post=6427"}],"version-history":[{"count":1,"href":"https:\/\/podkarpacka.iarp.pl\/index.php?rest_route=\/wp\/v2\/posts\/6427\/revisions"}],"predecessor-version":[{"id":6434,"href":"https:\/\/podkarpacka.iarp.pl\/index.php?rest_route=\/wp\/v2\/posts\/6427\/revisions\/6434"}],"wp:featuredmedia":[{"embeddable":true,"href":"https:\/\/podkarpacka.iarp.pl\/index.php?rest_route=\/wp\/v2\/media\/6428"}],"wp:attachment":[{"href":"https:\/\/podkarpacka.iarp.pl\/index.php?rest_route=%2Fwp%2Fv2%2Fmedia&parent=6427"}],"wp:term":[{"taxonomy":"category","embeddable":true,"href":"https:\/\/podkarpacka.iarp.pl\/index.php?rest_route=%2Fwp%2Fv2%2Fcategories&post=6427"},{"taxonomy":"post_tag","embeddable":true,"href":"https:\/\/podkarpacka.iarp.pl\/index.php?rest_route=%2Fwp%2Fv2%2Ftags&post=6427"}],"curies":[{"name":"wp","href":"https:\/\/api.w.org\/{rel}","templated":true}]}}