{"id":6472,"date":"2023-12-24T12:04:26","date_gmt":"2023-12-24T10:04:26","guid":{"rendered":"https:\/\/podkarpacka.iarp.pl\/?p=6472"},"modified":"2024-01-09T12:06:07","modified_gmt":"2024-01-09T10:06:07","slug":"zyczenia-swiateczne-podkarpackiej-okregowej-izby-architektow-rp","status":"publish","type":"post","link":"https:\/\/podkarpacka.iarp.pl\/?p=6472","title":{"rendered":"\u017byczenia \u015awi\u0105teczne Podkarpackiej Okr\u0119gowej Izby Architekt\u00f3w RP"},"content":{"rendered":"<p><span style=\"font-weight: 400;\">Zdrowych, spokojnych, pe\u0142nych nadziei \u015awi\u0105t Bo\u017cego Narodzenia\u00a0<\/span><span style=\"font-weight: 400;\">oraz wszelkiej pomy\u015blno\u015bci w nadchodz\u0105cym Nowym Roku<\/span><\/p>\n<p style=\"font-weight: 400;\">\u017cyczy Rada Podkarpackiej OIA RP<a href=\"https:\/\/podkarpacka.iarp.pl\/wp-content\/uploads\/2024\/01\/PKOIA-zyczenia-swiateczne.gif\"><img loading=\"lazy\" decoding=\"async\" class=\"aligncenter size-full wp-image-6473\" src=\"https:\/\/podkarpacka.iarp.pl\/wp-content\/uploads\/2024\/01\/PKOIA-zyczenia-swiateczne.gif\" alt=\"\" width=\"940\" height=\"788\" \/><\/a><\/p>\n<p>&nbsp;<\/p>\n","protected":false},"excerpt":{"rendered":"<p>Zdrowych, spokojnych, pe\u0142nych nadziei \u015awi\u0105t Bo\u017cego Narodzenia\u00a0oraz wszelkiej pomy\u015blno\u015bci w nadchodz\u0105cym Nowym Roku \u017cyczy Rada Podkarpackiej OIA RP &nbsp;<\/p>\n","protected":false},"author":6,"featured_media":6473,"comment_status":"closed","ping_status":"open","sticky":false,"template":"","format":"standard","meta":{"footnotes":""},"categories":[69],"tags":[],"class_list":["post-6472","post","type-post","status-publish","format-standard","has-post-thumbnail","hentry","category-aktualnosci"],"publishpress_future_action":{"enabled":false,"date":"2026-05-08 03:54:20","action":"change-status","newStatus":"draft","terms":[],"taxonomy":"category","extraData":[]},"publishpress_future_workflow_manual_trigger":{"enabledWorkflows":[]},"_links":{"self":[{"href":"https:\/\/podkarpacka.iarp.pl\/index.php?rest_route=\/wp\/v2\/posts\/6472","targetHints":{"allow":["GET"]}}],"collection":[{"href":"https:\/\/podkarpacka.iarp.pl\/index.php?rest_route=\/wp\/v2\/posts"}],"about":[{"href":"https:\/\/podkarpacka.iarp.pl\/index.php?rest_route=\/wp\/v2\/types\/post"}],"author":[{"embeddable":true,"href":"https:\/\/podkarpacka.iarp.pl\/index.php?rest_route=\/wp\/v2\/users\/6"}],"replies":[{"embeddable":true,"href":"https:\/\/podkarpacka.iarp.pl\/index.php?rest_route=%2Fwp%2Fv2%2Fcomments&post=6472"}],"version-history":[{"count":1,"href":"https:\/\/podkarpacka.iarp.pl\/index.php?rest_route=\/wp\/v2\/posts\/6472\/revisions"}],"predecessor-version":[{"id":6474,"href":"https:\/\/podkarpacka.iarp.pl\/index.php?rest_route=\/wp\/v2\/posts\/6472\/revisions\/6474"}],"wp:featuredmedia":[{"embeddable":true,"href":"https:\/\/podkarpacka.iarp.pl\/index.php?rest_route=\/wp\/v2\/media\/6473"}],"wp:attachment":[{"href":"https:\/\/podkarpacka.iarp.pl\/index.php?rest_route=%2Fwp%2Fv2%2Fmedia&parent=6472"}],"wp:term":[{"taxonomy":"category","embeddable":true,"href":"https:\/\/podkarpacka.iarp.pl\/index.php?rest_route=%2Fwp%2Fv2%2Fcategories&post=6472"},{"taxonomy":"post_tag","embeddable":true,"href":"https:\/\/podkarpacka.iarp.pl\/index.php?rest_route=%2Fwp%2Fv2%2Ftags&post=6472"}],"curies":[{"name":"wp","href":"https:\/\/api.w.org\/{rel}","templated":true}]}}