{"id":6475,"date":"2024-01-11T22:09:07","date_gmt":"2024-01-11T20:09:07","guid":{"rendered":"https:\/\/podkarpacka.iarp.pl\/?p=6475"},"modified":"2024-01-17T14:18:00","modified_gmt":"2024-01-17T12:18:00","slug":"otwarcie-wystawy-pokonkursowej-dom-moich-marzen","status":"publish","type":"post","link":"https:\/\/podkarpacka.iarp.pl\/?p=6475","title":{"rendered":"Otwarcie wystawy pokonkursowej &#8220;Dom moich marze\u0144&#8221;"},"content":{"rendered":"<p>Serdecznie zapraszamy na otwarcie wystawy prac nagrodzonych i wyr\u00f3\u017cnionych oraz uroczyste wr\u0119czenie nagr\u00f3d laureatom XIII edycji konkursu Dom Moich Marze\u0144 &#8211; Przygoda z architektur\u0105. Odb\u0119dzie si\u0119 ono 17 stycznia 2024 roku o godz. 11:00 w siedzibie Podkarpackiej Okr\u0119gowej Izby Architekt\u00f3w w Rzeszowie ul. Rynek 8.<\/p>\n","protected":false},"excerpt":{"rendered":"<p>Serdecznie zapraszamy na otwarcie wystawy prac nagrodzonych i wyr\u00f3\u017cnionych oraz uroczyste wr\u0119czenie nagr\u00f3d laureatom XIII edycji konkursu Dom Moich Marze\u0144 &#8211; Przygoda z architektur\u0105. Odb\u0119dzie si\u0119 ono 17 stycznia 2024 roku o godz. 11:00 w siedzibie Podkarpackiej Okr\u0119gowej Izby Architekt\u00f3w w Rzeszowie ul. Rynek 8.<\/p>\n","protected":false},"author":6,"featured_media":6476,"comment_status":"closed","ping_status":"open","sticky":false,"template":"","format":"standard","meta":{"footnotes":""},"categories":[55],"tags":[],"class_list":["post-6475","post","type-post","status-publish","format-standard","has-post-thumbnail","hentry","category-wydarzenia"],"publishpress_future_action":{"enabled":false,"date":"2026-05-05 15:57:49","action":"change-status","newStatus":"draft","terms":[],"taxonomy":"category","extraData":[]},"publishpress_future_workflow_manual_trigger":{"enabledWorkflows":[]},"_links":{"self":[{"href":"https:\/\/podkarpacka.iarp.pl\/index.php?rest_route=\/wp\/v2\/posts\/6475","targetHints":{"allow":["GET"]}}],"collection":[{"href":"https:\/\/podkarpacka.iarp.pl\/index.php?rest_route=\/wp\/v2\/posts"}],"about":[{"href":"https:\/\/podkarpacka.iarp.pl\/index.php?rest_route=\/wp\/v2\/types\/post"}],"author":[{"embeddable":true,"href":"https:\/\/podkarpacka.iarp.pl\/index.php?rest_route=\/wp\/v2\/users\/6"}],"replies":[{"embeddable":true,"href":"https:\/\/podkarpacka.iarp.pl\/index.php?rest_route=%2Fwp%2Fv2%2Fcomments&post=6475"}],"version-history":[{"count":2,"href":"https:\/\/podkarpacka.iarp.pl\/index.php?rest_route=\/wp\/v2\/posts\/6475\/revisions"}],"predecessor-version":[{"id":6483,"href":"https:\/\/podkarpacka.iarp.pl\/index.php?rest_route=\/wp\/v2\/posts\/6475\/revisions\/6483"}],"wp:featuredmedia":[{"embeddable":true,"href":"https:\/\/podkarpacka.iarp.pl\/index.php?rest_route=\/wp\/v2\/media\/6476"}],"wp:attachment":[{"href":"https:\/\/podkarpacka.iarp.pl\/index.php?rest_route=%2Fwp%2Fv2%2Fmedia&parent=6475"}],"wp:term":[{"taxonomy":"category","embeddable":true,"href":"https:\/\/podkarpacka.iarp.pl\/index.php?rest_route=%2Fwp%2Fv2%2Fcategories&post=6475"},{"taxonomy":"post_tag","embeddable":true,"href":"https:\/\/podkarpacka.iarp.pl\/index.php?rest_route=%2Fwp%2Fv2%2Ftags&post=6475"}],"curies":[{"name":"wp","href":"https:\/\/api.w.org\/{rel}","templated":true}]}}