{"id":6478,"date":"2024-01-15T17:11:02","date_gmt":"2024-01-15T15:11:02","guid":{"rendered":"https:\/\/podkarpacka.iarp.pl\/?p=6478"},"modified":"2024-01-15T17:11:02","modified_gmt":"2024-01-15T15:11:02","slug":"zmarla-nasza-kolezanka-maria-ryglowska-bluj","status":"publish","type":"post","link":"https:\/\/podkarpacka.iarp.pl\/?p=6478","title":{"rendered":"Zmar\u0142a Nasza Kole\u017canka Maria Ryglowska-Bluj"},"content":{"rendered":"<p style=\"font-weight: 400;\">Dzie\u0144 dobry,<\/p>\n<p style=\"font-weight: 400;\">\n<p style=\"font-weight: 400;\">Z wielk\u0105 przykro\u015bci\u0105 informujemy, \u017ce zmar\u0142a architekt Maria Ryglowska-Bluj d\u0142ugoletni cz\u0142onek Podkarpackiej Okr\u0119gowej Izby Architekt\u00f3w RP.<\/p>\n<p style=\"font-weight: 400;\">Uroczysto\u015bci pogrzebowe odb\u0119d\u0105 si\u0119 w dniu\u00a0<strong>16.01.2024 r<\/strong>. tj. wtorek\u00a0<strong>o godz. 10.00<\/strong> na Cmentarzu G\u0142\u00f3wnym w Przemy\u015blu ,a o godz. 8:00 msza w Katedrze w Przemy\u015blu.<\/p>\n<p style=\"font-weight: 400;\">\n","protected":false},"excerpt":{"rendered":"<p>Dzie\u0144 dobry, Z wielk\u0105 przykro\u015bci\u0105 informujemy, \u017ce zmar\u0142a architekt Maria Ryglowska-Bluj d\u0142ugoletni cz\u0142onek Podkarpackiej Okr\u0119gowej Izby Architekt\u00f3w RP. Uroczysto\u015bci pogrzebowe odb\u0119d\u0105 si\u0119 w dniu\u00a016.01.2024 r. tj. wtorek\u00a0o godz. 10.00 na Cmentarzu G\u0142\u00f3wnym w Przemy\u015blu ,a o godz. 8:00 msza w Katedrze w Przemy\u015blu.<\/p>\n","protected":false},"author":6,"featured_media":4554,"comment_status":"closed","ping_status":"open","sticky":false,"template":"","format":"standard","meta":{"footnotes":""},"categories":[56],"tags":[],"class_list":["post-6478","post","type-post","status-publish","format-standard","has-post-thumbnail","hentry","category-informacje-rady"],"publishpress_future_action":{"enabled":false,"date":"2026-05-08 03:53:28","action":"change-status","newStatus":"draft","terms":[],"taxonomy":"category","extraData":[]},"publishpress_future_workflow_manual_trigger":{"enabledWorkflows":[]},"_links":{"self":[{"href":"https:\/\/podkarpacka.iarp.pl\/index.php?rest_route=\/wp\/v2\/posts\/6478","targetHints":{"allow":["GET"]}}],"collection":[{"href":"https:\/\/podkarpacka.iarp.pl\/index.php?rest_route=\/wp\/v2\/posts"}],"about":[{"href":"https:\/\/podkarpacka.iarp.pl\/index.php?rest_route=\/wp\/v2\/types\/post"}],"author":[{"embeddable":true,"href":"https:\/\/podkarpacka.iarp.pl\/index.php?rest_route=\/wp\/v2\/users\/6"}],"replies":[{"embeddable":true,"href":"https:\/\/podkarpacka.iarp.pl\/index.php?rest_route=%2Fwp%2Fv2%2Fcomments&post=6478"}],"version-history":[{"count":2,"href":"https:\/\/podkarpacka.iarp.pl\/index.php?rest_route=\/wp\/v2\/posts\/6478\/revisions"}],"predecessor-version":[{"id":6480,"href":"https:\/\/podkarpacka.iarp.pl\/index.php?rest_route=\/wp\/v2\/posts\/6478\/revisions\/6480"}],"wp:featuredmedia":[{"embeddable":true,"href":"https:\/\/podkarpacka.iarp.pl\/index.php?rest_route=\/wp\/v2\/media\/4554"}],"wp:attachment":[{"href":"https:\/\/podkarpacka.iarp.pl\/index.php?rest_route=%2Fwp%2Fv2%2Fmedia&parent=6478"}],"wp:term":[{"taxonomy":"category","embeddable":true,"href":"https:\/\/podkarpacka.iarp.pl\/index.php?rest_route=%2Fwp%2Fv2%2Fcategories&post=6478"},{"taxonomy":"post_tag","embeddable":true,"href":"https:\/\/podkarpacka.iarp.pl\/index.php?rest_route=%2Fwp%2Fv2%2Ftags&post=6478"}],"curies":[{"name":"wp","href":"https:\/\/api.w.org\/{rel}","templated":true}]}}