{"id":6485,"date":"2024-01-23T21:30:48","date_gmt":"2024-01-23T19:30:48","guid":{"rendered":"https:\/\/podkarpacka.iarp.pl\/?p=6485"},"modified":"2024-01-26T19:30:36","modified_gmt":"2024-01-26T17:30:36","slug":"podsumowanie-xiii-edycji-konkursu-dom-moich-marzen-przygoda-z-architektura","status":"publish","type":"post","link":"https:\/\/podkarpacka.iarp.pl\/?p=6485","title":{"rendered":"PODSUMOWANIE XIII EDYCJI KONKURSU \u201eDOM MOICH MARZE\u0143\u201d PRZYGODA Z ARCHITEKTUR\u0104"},"content":{"rendered":"<p style=\"text-align: center;\"><strong>PODSUMOWANIE XIII EDYCJI KONKURSU \u201eDOM MOICH MARZE\u0143\u201d PRZYGODA Z ARCHITEKTUR\u0104.<\/strong><\/p>\n<p>\u00a0 \u00a0 \u00a0 \u00a0 \u00a0 17 stycznia 2024 roku w siedzibie Podkarpackiej Izby Architekt\u00f3w w Rzeszowie odby\u0142o si\u0119 otwarcie\u00a0 wystawy oraz wr\u0119czenie nagr\u00f3d laureatom XIII edycji konkursu \u201e Dom moich marze\u0144\u201d \u2013 Przygoda z architektur\u0105. W Dniu Edukacji Architektonicznej w tej edycji wzi\u0119\u0142o udzia\u0142 1447 dzieci z\u00a0 32 szk\u00f3\u0142 podstawowych z wojew\u00f3dztwa Podkarpackiego. Szczeg\u00f3lne podzi\u0119kowania dla architekt\u00f3w w sk\u0142adzie:<\/p>\n<p style=\"padding-left: 40px;\">arch. TOMASZ KUD\u0141A<\/p>\n<p style=\"padding-left: 40px;\">arch. MAREK CHROBAK<\/p>\n<p style=\"padding-left: 40px;\">arch. \u0141UKASZ BAJDA<\/p>\n<p style=\"padding-left: 40px;\">arch. MACIEJ TORBA<\/p>\n<p style=\"padding-left: 40px;\">arch. IWONA MATLINGIEWICZ<\/p>\n<p style=\"padding-left: 40px;\">arch. ANDRZEJ DEPA<\/p>\n<p style=\"padding-left: 40px;\">arch. JOANNA FIGURSKA \u2013 DUDEK<\/p>\n<p style=\"padding-left: 40px;\">arch. PAWE\u0141 DELIKAT<\/p>\n<p style=\"padding-left: 40px;\">arch. PIOTR RZE\u0179WICKI<\/p>\n<p style=\"padding-left: 40px;\">arch. ANNA W\u00d3JCIK<\/p>\n<p style=\"padding-left: 40px;\">arch. ALICJA STROJNY<\/p>\n<p style=\"padding-left: 40px;\">arch. DOMINIK STEMPNIAK<\/p>\n<p style=\"padding-left: 40px;\">arch. S\u0141AWOMIR LEJA<\/p>\n<p style=\"padding-left: 40px;\">arch. BARTOSZ DZIOCH<\/p>\n<p style=\"padding-left: 40px;\">arch. GRZEGORZ FR\u0104CZEK<\/p>\n<p style=\"padding-left: 40px;\">arch. MAREK LASKO\u015a<\/p>\n<p style=\"padding-left: 40px;\">arch. DOROTA SUWAJ<\/p>\n<p style=\"padding-left: 40px;\">arch. PAWE\u0141 UNGEHEUER<\/p>\n<p style=\"padding-left: 40px;\">arch. ZBIGNIEW \u015aWI\u0118CI\u0143SKI<\/p>\n<p style=\"padding-left: 40px;\">arch. STEFAN STEMPIN<\/p>\n<p style=\"padding-left: 40px;\">arch. MONIKA \u015aMIAROWSKA-RODZINKA<\/p>\n<p style=\"padding-left: 40px;\">arch. AGNIESZKA PUCHYR<\/p>\n<p style=\"padding-left: 40px;\">arch. ANNA KOWAL<\/p>\n<p style=\"padding-left: 40px;\">arch. ANNA LESKA<\/p>\n<p style=\"padding-left: 40px;\">arch. BARBARA KURY\u0141O<\/p>\n<p style=\"padding-left: 40px;\">arch. ANNA JANDO &#8211; ROZTOCZY\u0143SKA<\/p>\n<p style=\"padding-left: 40px;\">za przeprowadzenie 58 prelekcji z dzie\u0107mi w szko\u0142ach podstawowych.<\/p>\n<p>Na konkurs wp\u0142yn\u0119\u0142o 561 prac wykonanych przez dzieci 4 klas szk\u00f3\u0142 podstawowych.<\/p>\n<p>Jury w sk\u0142adzie:<\/p>\n<p style=\"padding-left: 40px;\">arch. JANUSZ SEPIO\u0141<\/p>\n<p style=\"padding-left: 40px;\">arch. ALICJA STROJNY<\/p>\n<p style=\"padding-left: 40px;\">arch. IWONA\u00a0 MATLINGIEWICZ<\/p>\n<p style=\"padding-left: 40px;\">arch. IWONA B\u0104K<\/p>\n<p style=\"padding-left: 40px;\">arch. JOANNA FIGURSKA &#8211; DUDEK<\/p>\n<p style=\"padding-left: 40px;\">arch. TOMASZ KUD\u0141A<\/p>\n<p style=\"padding-left: 40px;\">arch. \u0141UKASZ BAJDA<\/p>\n<p style=\"padding-left: 40px;\">arch. GRZEGORZ RUSZEL<\/p>\n<p style=\"padding-left: 40px;\">\u015aWIATY MIKO\u0141AJ oraz \u015aNIE\u017bYNKI<\/p>\n<p>&nbsp;<\/p>\n<p>wyr\u00f3\u017cni\u0142o\u00a0 86 prac oraz przyznano 7 nagr\u00f3d g\u0142\u00f3wnych.<\/p>\n<p>&nbsp;<\/p>\n<p><strong>PRACE NAGRODZONE:<\/strong><\/p>\n<ol>\n<li>SEBASTIAN MA\u015aLANKA \u2013 KL. IV A \u2013 ZESP\u00d3\u0141 SZKOLNO-PRZEDSZKOLNY NR 10 W RZESZOWIE<\/li>\n<li>JULIA LEPAK \u2013 KL. IV A \u2013 MZS NR 8 W KRO\u015aNIE<\/li>\n<li>DARIA ZIMOL\u0104G \u2013 KL. IV C \u2013 SP NR 23 W RZESZOWIE<\/li>\n<li>JAN KRZTO\u0143 \u2013 KL. IV B \u2013 SP NR 5 W RZESZOWIE<\/li>\n<li>JULIA WI\u015aNIEWSKA \u2013 KL. IV C \u2013 SP NR 14 W KRO\u015aNIE<\/li>\n<li>AMELIA KOC\u00d3J \u2013 KL. IV A \u2013 SP NR 14 W RZESZOWIE<\/li>\n<li>MAGDALENA POMYKACZ \u2013 KL. IV \u2013 NIEPUBLICZNA SZKO\u0141A PODSTAWOWA WELDON SCHOOL W D\u0118BICY.<\/li>\n<\/ol>\n<p>&nbsp;<\/p>\n<p><strong>PRACE WYR\u00d3\u017bNIONE:<\/strong><\/p>\n<ol>\n<li>SZYMON GROBELNY \u2013 KL. IV B \u2013 ZESP\u00d3\u0141 SZKOLNO-PRZEDSZKOLNY NR 10 W RZESZOWIE<\/li>\n<li>PATRYK PASTU\u0141A \u2013 KL. IV C &#8211; ZESP\u00d3\u0141 SZKOLNO-PRZEDSZKOLNY NR 10 W RZESZOWIE<\/li>\n<li>MAJA HORECZY \u2013 KL. IV F \u2013 SP NR 5 W RZESZOWIE<\/li>\n<li>HANNA CIE\u015aLA \u2013 KL. IV A \u2013 PUBLICZNA SZKO\u0141A PODSTAWOWA NR 11 Z ODZIALAMI INTEGRACYJNYMI W D\u0118BICY<\/li>\n<li>CEZARY STANIO \u2013 KL. IV D \u2013 SP NR 25 W RZESZOWIE<\/li>\n<li>ALEKSANDRA DEC \u2013 KL. IV \u2013 SP NR 5 W KRO\u015aNIE<\/li>\n<li>ROZALIA WAWRZKIEWICZ \u2013 KL. IV C \u2013 SP NR 2 W \u0141A\u0143CUCIE<\/li>\n<li>JULIA MORAWIEC \u2013 KL. IV E \u2013 SP NR 25 W RZESZOWIE<\/li>\n<li>JOANNA SZELC \u2013 KL IV A \u2013 MZS NR 8 W KRO\u015aNIE<\/li>\n<li>TYMOTEUSZ TOFIL \u2013 KL. IV A \u2013 PUBLICZNA SZKO\u0141A PODSTAWOWA NR 5 W NISKU<\/li>\n<li>WIKTORIA BARSUL \u2013 KL. IV B &#8211; PUBLICZNA SZKO\u0141A PODSTAWOWA NR 3 W NISKU<\/li>\n<li>MAJA B\u0141ASZCZUK \u2013 KL. IV A \u2013 SZKO\u0141A MISTRZOSTWA SPORTOWEGO IGLOOPOL D\u0118BICA<\/li>\n<li>KAROL HA\u0141U\u0143 \u2013 KL. IV C \u2013 SP NR 25 W RZESZOWIE<\/li>\n<li>ADAM K\u0141ECZEK \u2013 KL. IV C \u2013 SP NR 5 W RZESZOWIE<\/li>\n<li>ADAM PINDA \u2013 KL. IV A \u2013 SP NR 5 W PRZEMY\u015aLU<\/li>\n<li>MICHA\u0141 ULIASZ \u2013 KL. IV A \u2013 SP NR 10 W KRO\u015aNIE<\/li>\n<li>PATRYK BOKOWY \u2013 KL. IV \u2013 ZESP\u00d3\u0141 SZK\u00d3\u0141 MUZYCZNYCH W KRO\u015aNIE<\/li>\n<li>JAKUB LASEK \u2013 KL. IV C \u2013 SP NR 18 Z ODDZIA\u0141AMI DWUJ\u0118ZYCZNYMI W RZESZOWIE<\/li>\n<li>APOLONIA ERD \u2013 KL. IV B \u2013 MIEJSKI ZESP\u00d3\u0141 SZK\u00d3\u0141 NR 8 W KRO\u015aNIE<\/li>\n<li>OLIWIA RACZKOWSKA \u2013 KL. IV \u2013 SP NR 15 W PRZEMY\u015aLU<\/li>\n<li>MACIEJ LECHOWSKI \u2013 KL. IV A \u2013 SP NR 2 W D\u0118BICY<\/li>\n<li>EMILIA KOS \u2013 KL. IV A \u2013 SP NR 5 W D\u0118BICY<\/li>\n<li>ANTONINA WO\u0179NICZAK \u2013 KL. IV \u2013 SP W ZAHUTYNIU<\/li>\n<li>OLIWIA SZWEDO \u2013 KL. IV A \u2013 PUBLICZNA SZKO\u0141A PODSTAWOWA NR 3 W NISKU<\/li>\n<li>DOMINIK BOBUSIA \u2013 KL. IV A \u2013 SP NR 7 W KRO\u015aNIE<\/li>\n<li>SZYMON PENAR \u2013 KL. IV B \u2013 SP NR 14 W KRO\u015aNIE<\/li>\n<li>AURELIA NOWAK \u2013 KL. IV A \u2013 SP NR 29 W RZESZOWIE<\/li>\n<li>MARIA ZAWISZA \u2013 KL. IV \u2013 ZESP\u00d3\u0141 SZK\u00d3\u0141 MUZYCZNYCH W KRO\u015aNIE<\/li>\n<li>WOJCIECH HOMKA \u2013 KL. IV \u2013 SP NR 5 W KRO\u015aNIE<\/li>\n<li>IZABELA SOWA \u2013 KL. IV \u2013 SP NR 15 W PRZEMY\u015aLU<\/li>\n<li>JULIA DUSZA \u2013 KL. IV C \u2013 SP NR 15 W PRZEMY\u015aLU<\/li>\n<li>WOJCIECH SOBCZYK \u2013 KL. IV C \u2013 SP NR 5 W D\u0118BICY<\/li>\n<li>MA\u0141GORZATA JEDLI\u0143SKA \u2013 KL. IV B \u2013 SP NR 23 W RZESZOWIE<\/li>\n<li>MILENA BINDUGA -KL. IV C \u2013 ZESP\u00d3\u0141 SZKOLONO-PRZEDSZKOLNY NR 10 W RZESZOWIE<\/li>\n<li>ANNA HUS \u2013 KL. IV B \u2013 SP NR 25 W RZESZOWIE<\/li>\n<li>KAMIL NOWAK \u2013 KL. IV D \u2013 SP NR 18 Z ODZIALAMI DWUJ\u0118ZYCZNYMI W RZESZOWIE<\/li>\n<li>ZUZANNA KLEMAN\u00d3W \u2013 KL. IV A \u2013 SP NR 2 W \u0141A\u0143CUCIE<\/li>\n<li>AMELIA TOMSIA \u2013 KL. IV D \u2013 SP NR 23 W RZESZOWIE<\/li>\n<li>ZUZANNA MATYSIK \u2013 KL. IV A \u2013 SP NR 5 W D\u0118BICY<\/li>\n<li>MARIA M\u0141ODECKA \u2013 KL. IV B \u2013 SP NR 14 W KRO\u015aNIE<\/li>\n<li>KACZMAR JURIJ \u2013 KL. IV \u2013 SP NR 17 W PRZEMY\u015aLU<\/li>\n<li>WERONIKA MAJCHROWSKA \u2013 KL. IV B \u2013 SP NR 5 W RZESZOWIE<\/li>\n<li>AMELIA PELCZAR \u2013 KL IV C \u2013 SP NR 14 W KRO\u015aNIE<\/li>\n<li>MARCEL WARZOCHA \u2013 KL. I \u2013 ZESP\u00d3\u0141 SZK\u00d3\u0141 PRZY KLINICZNYM SZPITALU WOJEW\u00d3DZKIM NR 2 W RZESZOWIE<\/li>\n<li>MAJA POROWSKA \u2013 KL. IV B \u2013 SP NR 29 W RZESZOWIE<\/li>\n<li>JULIA GW\u00d3\u0179D\u0179 \u2013 KL. IV C \u2013 PUBLICZNA SZKO\u0141A PODSTAWOWA NR 11 Z ODZIA\u0141AMI INTEGRACYJNYMI W D\u0118BICY<\/li>\n<li>IZABELA KOLBUSZ \u2013 KL. IV A \u2013 SP NR 14 W RZESZOWIE<\/li>\n<li>KRZYSZTOF TOMUSIAK \u2013 KL. IV A \u2013 SP NR 14 W KRO\u015aNIE<\/li>\n<li>JOANNA WI\u0104CEK \u2013 KL. IV C \u2013 SP NR 5 W RZESZOWIE<\/li>\n<li>VLADA NYRKOWA \u2013 KL. IV B \u2013 SP NR 18 Z ODZIA\u0141AMI DWUJ\u0118ZYCZNYMI W RZESZOWIE<\/li>\n<li>OLIWIA K\u0118DZIERSKA \u2013 KL. IV F \u2013 SP NR 5 W RZESZOWIE<\/li>\n<li>KAROLINA CISZEK \u2013 KL. IV A \u2013 PUBLICZNA SZKO\u0141A PODSTAWOWA NR 11 Z ODZIA\u0141AMI INTEGRACYJNYMI W D\u0118BICY<\/li>\n<li>OLGA URBANIK \u2013 KL. IV B \u2013 PUBLICZNA SZKO\u0141A PODSTAWOWA NR 5 W NISKU<\/li>\n<li>JAN PACZE\u015aNIAK \u2013 KL. IV A \u2013 SP NR 5 W RZESZOWIE<\/li>\n<li>MAKSYMILIAN ST\u0118PEK \u2013 KL IV A \u2013 SP NR 14 W KRO\u015aNIE<\/li>\n<li>ZUZANNA GIL \u2013 KL. IV A \u2013 SP NR 2 W D\u0118BICY<\/li>\n<li>WIKTORIA KASPER \u2013 KL IV B \u2013 SP SI\u00d3STR PREZENTEK W RZESZOWIE<\/li>\n<li>HUBERT STELMACH \u2013 KL. IV C \u2013 PUBLICZNA SZKO\u0141A PODSTAWOWA NR 5 W NISKU<\/li>\n<li>YEVA KAVTONIUK \u2013 KL. IV A \u2013 SP NR 18 Z ODDZIA\u0141AMI DWUJ\u0118ZYCZNYMI W RZESZOWIE<\/li>\n<li>WIKTOR P\u0141ONKA \u2013 KL IV A \u2013 SP NR 11 W RZESZOWIE<\/li>\n<li>KAROLINA ZUBEL \u2013 KL IV \u2013 SP NR 14 KROSNO<\/li>\n<li>WIKTOR LECH \u2013 KL. IV D \u2013 SP NR 5 W RZESZOWIE<\/li>\n<li>ALICJA \u017bALA \u2013 KL IV B \u2013 ZESP\u00d3\u0141 SZKOLNO-PRZEDSZKOLNY NR 10 W RZESZOWIE<\/li>\n<li>MIKO\u0141AJ TO\u015a \u2013 KL IV A \u2013 SP SI\u00d3STR PREZENTEK W RZESZOWIE<\/li>\n<li>MAJA W\u0118GRZYN \u2013 KL IV B \u2013 SP NR 7 W KRO\u015aNIE<\/li>\n<li>B\u0141A\u017bEJ SZARAFIN \u2013 MERCIK \u2013 KL. IV B \u2013 MZS NR 8 W KRO\u015aNIE<\/li>\n<li>TOMASZ \u017bYRADZKI \u2013 KL IV B \u2013 SP NR 11 W RZESZOWIE<\/li>\n<li>MAJA KASPERKOWICZ \u2013 KL IV A \u2013 SP NR 10 W KRO\u015aNIE<\/li>\n<li>HANNA DOMARADZKA \u2013 KL IV B \u2013 SP NR 22 W RZESZOWIE<\/li>\n<li>KAROL KOPE\u0106 \u2013 KL IV B \u2013 SP NR 11 W RZESZOWIE<\/li>\n<li>TIMUR SKYPOCHKA \u2013 KL IV A \u2013 SP NR 11 W RZESZOWIE<\/li>\n<li>AMELIA DUSZNIK \u2013 KL IV E \u2013 SP NR 18 Z ODDZIA\u0141AMI DWUJ\u0118ZYCZANYMI W RZESZOWIE<\/li>\n<li>NATASZA KOZ\u0141OWSKA \u2013 KL IV \u2013 NIEPUBLICZNA SZKO\u0141A PODSTAWOWA WELDON SCHOOL W D\u0118BICY<\/li>\n<li>AGATA CWYNAR \u2013 KL IV B \u2013 SP NR 17 W RZESZOWIE<\/li>\n<li>EMIL RUTKA \u2013 KL IV A \u2013 SP NR 22 W RZESZOWIE<\/li>\n<li>JULIA BIENIASZ \u2013 KL IV C \u2013 SP NR 2 W \u0141A\u0143CUCIE<\/li>\n<li>OLIWIA KUDRO\u0143 \u2013 KL IV \u2013 SP NR 10 W KRO\u015aNIE<\/li>\n<li>KAMIL STAWSKI \u2013 KL IV A \u2013 SP NR 7 KROSNO<\/li>\n<li>JAROS\u0141AW GUCWA \u2013 KL IV B \u2013 SP NR 2 W \u0141A\u0143CUCIE<\/li>\n<li>OSKAR DUSZA \u2013 KL IV D \u2013 SP NR 18 Z ODDZIA\u0141AMI DWUJ\u0118ZYCZNYMI W RZESZOWIE<\/li>\n<li>PATRYK PUCZKOWSKI \u2013 KL II &#8211; ZESP\u00d3\u0141 SZK\u00d3\u0141 PRZY KLINICZNYM SZPITALU WOJEW\u00d3DZKIM NR 2 W RZESZOWIE<\/li>\n<li>IZABELA \u015aWI\u0104DER \u2013 KL IV B \u2013 SP NR 5 W D\u0118BICY<\/li>\n<li>WOJCIECH MATWIJ \u2013 KL IV E \u2013 SP NR 5 W RZESZOWIE<\/li>\n<li>ALICJA POZNA\u0143SKA \u2013 KL IV G \u2013 SP NR 18 Z ODDZIA\u0141AMI DWUJ\u0118ZYCZNYMI W RZESZOWIE<\/li>\n<li>FELICJAN FALUSZCZAK \u2013 KL IV A \u2013 ZESP\u00d3\u0141 SZKOLNO-PRZEDSZKOLNY NR 10 W RZESZOWIE<\/li>\n<li>ALEKSANDRA LANGOWSKA \u2013 KL IV D \u2013 SP NR 5 W RZESZOWIE.<\/li>\n<\/ol>\n<p>Wszystkim m\u0142odym artystom nagrodzonym i wyr\u00f3\u017cnionym za swoje prace gratulujemy.<\/p>\n<p>Dzi\u0119kujemy bardzo nauczycielom i uczniom za udzia\u0142 w konkursie oraz wszystkie nades\u0142ane prace.<\/p>\n<p><strong>W spos\u00f3b szczeg\u00f3lny pragniemy podzi\u0119kowa\u0107 Architektowi Miasta Rzeszowa panu Januszowi Sepio\u0142owi za u\u015bwietnienie uroczysto\u015bci otwarcia wystawy oraz wr\u0119czenia nagr\u00f3d w siedzibie Podkarpackiej Izby w Rzeszowie oraz Ko\u0142u Naukowemu Architektury Miejsc Spo\u0142ecznych Politechniki Rzeszowskiej za przygotowanie dyplom\u00f3w i kalendarza na 2024 rok. Podzi\u0119kowania dla dr in\u017c. arch. Beaty Walickiej &#8211; G\u00f3ral Koordynatorki WBI\u015aiA PRz ds. wsp\u00f3\u0142pracy z IARP.<\/strong><\/p>\n<p><strong>Wszystkich zainteresowanych zapraszamy do wzi\u0119ci udzia\u0142u w kolejnej edycji konkursu.<\/strong><\/p>\n<p style=\"text-align: right;\">sekretarz konkursu arch.\u00a0 Iwona B\u0105k<\/p>\n<p>&nbsp;<\/p>\n\n\t\t<style type=\"text\/css\">\n\t\t\t#gallery-1 {\n\t\t\t\tmargin: auto;\n\t\t\t}\n\t\t\t#gallery-1 .gallery-item {\n\t\t\t\tfloat: left;\n\t\t\t\tmargin-top: 10px;\n\t\t\t\ttext-align: center;\n\t\t\t\twidth: 50%;\n\t\t\t}\n\t\t\t#gallery-1 img {\n\t\t\t\tborder: 2px solid #cfcfcf;\n\t\t\t}\n\t\t\t#gallery-1 .gallery-caption {\n\t\t\t\tmargin-left: 0;\n\t\t\t}\n\t\t\t\/* see gallery_shortcode() in wp-includes\/media.php *\/\n\t\t<\/style>\n\t\t<div id='gallery-1' class='gallery galleryid-6485 gallery-columns-2 gallery-size-medium'><dl class='gallery-item'>\n\t\t\t<dt class='gallery-icon landscape'>\n\t\t\t\t<a href='https:\/\/podkarpacka.iarp.pl\/wp-content\/uploads\/2024\/01\/IMG-20240118-WA0044.jpg'><img loading=\"lazy\" decoding=\"async\" width=\"300\" height=\"225\" src=\"https:\/\/podkarpacka.iarp.pl\/wp-content\/uploads\/2024\/01\/IMG-20240118-WA0044-300x225.jpg\" class=\"attachment-medium size-medium\" alt=\"\" srcset=\"https:\/\/podkarpacka.iarp.pl\/wp-content\/uploads\/2024\/01\/IMG-20240118-WA0044-300x225.jpg 300w, https:\/\/podkarpacka.iarp.pl\/wp-content\/uploads\/2024\/01\/IMG-20240118-WA0044-1024x768.jpg 1024w, https:\/\/podkarpacka.iarp.pl\/wp-content\/uploads\/2024\/01\/IMG-20240118-WA0044-768x576.jpg 768w, https:\/\/podkarpacka.iarp.pl\/wp-content\/uploads\/2024\/01\/IMG-20240118-WA0044-1536x1152.jpg 1536w, https:\/\/podkarpacka.iarp.pl\/wp-content\/uploads\/2024\/01\/IMG-20240118-WA0044.jpg 2048w\" sizes=\"auto, (max-width: 300px) 100vw, 300px\" \/><\/a>\n\t\t\t<\/dt><\/dl><dl class='gallery-item'>\n\t\t\t<dt class='gallery-icon landscape'>\n\t\t\t\t<a href='https:\/\/podkarpacka.iarp.pl\/wp-content\/uploads\/2024\/01\/20240117_102334-scaled.jpg'><img loading=\"lazy\" decoding=\"async\" width=\"300\" height=\"225\" src=\"https:\/\/podkarpacka.iarp.pl\/wp-content\/uploads\/2024\/01\/20240117_102334-scaled-300x225.jpg\" class=\"attachment-medium size-medium\" alt=\"\" srcset=\"https:\/\/podkarpacka.iarp.pl\/wp-content\/uploads\/2024\/01\/20240117_102334-scaled-300x225.jpg 300w, https:\/\/podkarpacka.iarp.pl\/wp-content\/uploads\/2024\/01\/20240117_102334-scaled-1024x768.jpg 1024w, https:\/\/podkarpacka.iarp.pl\/wp-content\/uploads\/2024\/01\/20240117_102334-768x576.jpg 768w, https:\/\/podkarpacka.iarp.pl\/wp-content\/uploads\/2024\/01\/20240117_102334-1536x1152.jpg 1536w, https:\/\/podkarpacka.iarp.pl\/wp-content\/uploads\/2024\/01\/20240117_102334-2048x1536.jpg 2048w\" sizes=\"auto, (max-width: 300px) 100vw, 300px\" \/><\/a>\n\t\t\t<\/dt><\/dl><br style=\"clear: both\" \/><dl class='gallery-item'>\n\t\t\t<dt class='gallery-icon landscape'>\n\t\t\t\t<a href='https:\/\/podkarpacka.iarp.pl\/wp-content\/uploads\/2024\/01\/20240117_102341-scaled.jpg'><img loading=\"lazy\" decoding=\"async\" width=\"300\" height=\"225\" src=\"https:\/\/podkarpacka.iarp.pl\/wp-content\/uploads\/2024\/01\/20240117_102341-scaled-300x225.jpg\" class=\"attachment-medium size-medium\" alt=\"\" srcset=\"https:\/\/podkarpacka.iarp.pl\/wp-content\/uploads\/2024\/01\/20240117_102341-scaled-300x225.jpg 300w, https:\/\/podkarpacka.iarp.pl\/wp-content\/uploads\/2024\/01\/20240117_102341-scaled-1024x768.jpg 1024w, https:\/\/podkarpacka.iarp.pl\/wp-content\/uploads\/2024\/01\/20240117_102341-768x576.jpg 768w, https:\/\/podkarpacka.iarp.pl\/wp-content\/uploads\/2024\/01\/20240117_102341-1536x1152.jpg 1536w, https:\/\/podkarpacka.iarp.pl\/wp-content\/uploads\/2024\/01\/20240117_102341-2048x1536.jpg 2048w\" sizes=\"auto, (max-width: 300px) 100vw, 300px\" \/><\/a>\n\t\t\t<\/dt><\/dl><dl class='gallery-item'>\n\t\t\t<dt class='gallery-icon portrait'>\n\t\t\t\t<a href='https:\/\/podkarpacka.iarp.pl\/wp-content\/uploads\/2024\/01\/20240117_102435-scaled.jpg'><img loading=\"lazy\" decoding=\"async\" width=\"225\" height=\"300\" src=\"https:\/\/podkarpacka.iarp.pl\/wp-content\/uploads\/2024\/01\/20240117_102435-scaled-225x300.jpg\" class=\"attachment-medium size-medium\" alt=\"\" srcset=\"https:\/\/podkarpacka.iarp.pl\/wp-content\/uploads\/2024\/01\/20240117_102435-scaled-225x300.jpg 225w, https:\/\/podkarpacka.iarp.pl\/wp-content\/uploads\/2024\/01\/20240117_102435-768x1024.jpg 768w, https:\/\/podkarpacka.iarp.pl\/wp-content\/uploads\/2024\/01\/20240117_102435-1152x1536.jpg 1152w, https:\/\/podkarpacka.iarp.pl\/wp-content\/uploads\/2024\/01\/20240117_102435-1536x2048.jpg 1536w, https:\/\/podkarpacka.iarp.pl\/wp-content\/uploads\/2024\/01\/20240117_102435-scaled.jpg 1920w\" sizes=\"auto, (max-width: 225px) 100vw, 225px\" \/><\/a>\n\t\t\t<\/dt><\/dl><br style=\"clear: both\" \/><dl class='gallery-item'>\n\t\t\t<dt class='gallery-icon landscape'>\n\t\t\t\t<a href='https:\/\/podkarpacka.iarp.pl\/wp-content\/uploads\/2024\/01\/20240117_104730-scaled.jpg'><img loading=\"lazy\" decoding=\"async\" width=\"300\" height=\"225\" src=\"https:\/\/podkarpacka.iarp.pl\/wp-content\/uploads\/2024\/01\/20240117_104730-scaled-300x225.jpg\" class=\"attachment-medium size-medium\" alt=\"\" srcset=\"https:\/\/podkarpacka.iarp.pl\/wp-content\/uploads\/2024\/01\/20240117_104730-scaled-300x225.jpg 300w, https:\/\/podkarpacka.iarp.pl\/wp-content\/uploads\/2024\/01\/20240117_104730-scaled-1024x768.jpg 1024w, https:\/\/podkarpacka.iarp.pl\/wp-content\/uploads\/2024\/01\/20240117_104730-768x576.jpg 768w, https:\/\/podkarpacka.iarp.pl\/wp-content\/uploads\/2024\/01\/20240117_104730-1536x1152.jpg 1536w, https:\/\/podkarpacka.iarp.pl\/wp-content\/uploads\/2024\/01\/20240117_104730-2048x1536.jpg 2048w\" sizes=\"auto, (max-width: 300px) 100vw, 300px\" \/><\/a>\n\t\t\t<\/dt><\/dl><dl class='gallery-item'>\n\t\t\t<dt class='gallery-icon landscape'>\n\t\t\t\t<a href='https:\/\/podkarpacka.iarp.pl\/wp-content\/uploads\/2024\/01\/20240117_104742-scaled.jpg'><img loading=\"lazy\" decoding=\"async\" width=\"300\" height=\"225\" src=\"https:\/\/podkarpacka.iarp.pl\/wp-content\/uploads\/2024\/01\/20240117_104742-scaled-300x225.jpg\" class=\"attachment-medium size-medium\" alt=\"\" srcset=\"https:\/\/podkarpacka.iarp.pl\/wp-content\/uploads\/2024\/01\/20240117_104742-scaled-300x225.jpg 300w, https:\/\/podkarpacka.iarp.pl\/wp-content\/uploads\/2024\/01\/20240117_104742-scaled-1024x768.jpg 1024w, https:\/\/podkarpacka.iarp.pl\/wp-content\/uploads\/2024\/01\/20240117_104742-768x576.jpg 768w, https:\/\/podkarpacka.iarp.pl\/wp-content\/uploads\/2024\/01\/20240117_104742-1536x1152.jpg 1536w, https:\/\/podkarpacka.iarp.pl\/wp-content\/uploads\/2024\/01\/20240117_104742-2048x1536.jpg 2048w\" sizes=\"auto, (max-width: 300px) 100vw, 300px\" \/><\/a>\n\t\t\t<\/dt><\/dl><br style=\"clear: both\" \/><dl class='gallery-item'>\n\t\t\t<dt class='gallery-icon landscape'>\n\t\t\t\t<a href='https:\/\/podkarpacka.iarp.pl\/wp-content\/uploads\/2024\/01\/20240117_104751-scaled.jpg'><img loading=\"lazy\" decoding=\"async\" width=\"300\" height=\"225\" src=\"https:\/\/podkarpacka.iarp.pl\/wp-content\/uploads\/2024\/01\/20240117_104751-scaled-300x225.jpg\" class=\"attachment-medium size-medium\" alt=\"\" srcset=\"https:\/\/podkarpacka.iarp.pl\/wp-content\/uploads\/2024\/01\/20240117_104751-scaled-300x225.jpg 300w, https:\/\/podkarpacka.iarp.pl\/wp-content\/uploads\/2024\/01\/20240117_104751-scaled-1024x768.jpg 1024w, https:\/\/podkarpacka.iarp.pl\/wp-content\/uploads\/2024\/01\/20240117_104751-768x576.jpg 768w, https:\/\/podkarpacka.iarp.pl\/wp-content\/uploads\/2024\/01\/20240117_104751-1536x1152.jpg 1536w, https:\/\/podkarpacka.iarp.pl\/wp-content\/uploads\/2024\/01\/20240117_104751-2048x1536.jpg 2048w\" sizes=\"auto, (max-width: 300px) 100vw, 300px\" \/><\/a>\n\t\t\t<\/dt><\/dl><dl class='gallery-item'>\n\t\t\t<dt class='gallery-icon landscape'>\n\t\t\t\t<a href='https:\/\/podkarpacka.iarp.pl\/wp-content\/uploads\/2024\/01\/20240117_104801-scaled.jpg'><img loading=\"lazy\" decoding=\"async\" width=\"300\" height=\"225\" src=\"https:\/\/podkarpacka.iarp.pl\/wp-content\/uploads\/2024\/01\/20240117_104801-scaled-300x225.jpg\" class=\"attachment-medium size-medium\" alt=\"\" srcset=\"https:\/\/podkarpacka.iarp.pl\/wp-content\/uploads\/2024\/01\/20240117_104801-scaled-300x225.jpg 300w, https:\/\/podkarpacka.iarp.pl\/wp-content\/uploads\/2024\/01\/20240117_104801-scaled-1024x768.jpg 1024w, https:\/\/podkarpacka.iarp.pl\/wp-content\/uploads\/2024\/01\/20240117_104801-768x576.jpg 768w, https:\/\/podkarpacka.iarp.pl\/wp-content\/uploads\/2024\/01\/20240117_104801-1536x1152.jpg 1536w, https:\/\/podkarpacka.iarp.pl\/wp-content\/uploads\/2024\/01\/20240117_104801-2048x1536.jpg 2048w\" sizes=\"auto, (max-width: 300px) 100vw, 300px\" \/><\/a>\n\t\t\t<\/dt><\/dl><br style=\"clear: both\" \/><dl class='gallery-item'>\n\t\t\t<dt class='gallery-icon landscape'>\n\t\t\t\t<a href='https:\/\/podkarpacka.iarp.pl\/wp-content\/uploads\/2024\/01\/20240117_104929-scaled.jpg'><img loading=\"lazy\" decoding=\"async\" width=\"300\" height=\"225\" src=\"https:\/\/podkarpacka.iarp.pl\/wp-content\/uploads\/2024\/01\/20240117_104929-scaled-300x225.jpg\" class=\"attachment-medium size-medium\" alt=\"\" srcset=\"https:\/\/podkarpacka.iarp.pl\/wp-content\/uploads\/2024\/01\/20240117_104929-scaled-300x225.jpg 300w, https:\/\/podkarpacka.iarp.pl\/wp-content\/uploads\/2024\/01\/20240117_104929-scaled-1024x768.jpg 1024w, https:\/\/podkarpacka.iarp.pl\/wp-content\/uploads\/2024\/01\/20240117_104929-768x576.jpg 768w, https:\/\/podkarpacka.iarp.pl\/wp-content\/uploads\/2024\/01\/20240117_104929-1536x1152.jpg 1536w, https:\/\/podkarpacka.iarp.pl\/wp-content\/uploads\/2024\/01\/20240117_104929-2048x1536.jpg 2048w\" sizes=\"auto, (max-width: 300px) 100vw, 300px\" \/><\/a>\n\t\t\t<\/dt><\/dl><dl class='gallery-item'>\n\t\t\t<dt class='gallery-icon portrait'>\n\t\t\t\t<a href='https:\/\/podkarpacka.iarp.pl\/wp-content\/uploads\/2024\/01\/IMG-20240118-WA0002.jpg'><img loading=\"lazy\" decoding=\"async\" width=\"225\" height=\"300\" src=\"https:\/\/podkarpacka.iarp.pl\/wp-content\/uploads\/2024\/01\/IMG-20240118-WA0002-225x300.jpg\" class=\"attachment-medium size-medium\" alt=\"\" srcset=\"https:\/\/podkarpacka.iarp.pl\/wp-content\/uploads\/2024\/01\/IMG-20240118-WA0002-225x300.jpg 225w, https:\/\/podkarpacka.iarp.pl\/wp-content\/uploads\/2024\/01\/IMG-20240118-WA0002-768x1024.jpg 768w, https:\/\/podkarpacka.iarp.pl\/wp-content\/uploads\/2024\/01\/IMG-20240118-WA0002-1152x1536.jpg 1152w, https:\/\/podkarpacka.iarp.pl\/wp-content\/uploads\/2024\/01\/IMG-20240118-WA0002.jpg 1536w\" sizes=\"auto, (max-width: 225px) 100vw, 225px\" \/><\/a>\n\t\t\t<\/dt><\/dl><br style=\"clear: both\" \/><dl class='gallery-item'>\n\t\t\t<dt class='gallery-icon portrait'>\n\t\t\t\t<a href='https:\/\/podkarpacka.iarp.pl\/wp-content\/uploads\/2024\/01\/IMG-20240118-WA0004.jpg'><img loading=\"lazy\" decoding=\"async\" width=\"225\" height=\"300\" src=\"https:\/\/podkarpacka.iarp.pl\/wp-content\/uploads\/2024\/01\/IMG-20240118-WA0004-225x300.jpg\" class=\"attachment-medium size-medium\" alt=\"\" srcset=\"https:\/\/podkarpacka.iarp.pl\/wp-content\/uploads\/2024\/01\/IMG-20240118-WA0004-225x300.jpg 225w, https:\/\/podkarpacka.iarp.pl\/wp-content\/uploads\/2024\/01\/IMG-20240118-WA0004-768x1024.jpg 768w, https:\/\/podkarpacka.iarp.pl\/wp-content\/uploads\/2024\/01\/IMG-20240118-WA0004-1152x1536.jpg 1152w, https:\/\/podkarpacka.iarp.pl\/wp-content\/uploads\/2024\/01\/IMG-20240118-WA0004.jpg 1536w\" sizes=\"auto, (max-width: 225px) 100vw, 225px\" \/><\/a>\n\t\t\t<\/dt><\/dl><dl class='gallery-item'>\n\t\t\t<dt class='gallery-icon portrait'>\n\t\t\t\t<a href='https:\/\/podkarpacka.iarp.pl\/wp-content\/uploads\/2024\/01\/IMG-20240118-WA0005.jpg'><img loading=\"lazy\" decoding=\"async\" width=\"225\" height=\"300\" src=\"https:\/\/podkarpacka.iarp.pl\/wp-content\/uploads\/2024\/01\/IMG-20240118-WA0005-225x300.jpg\" class=\"attachment-medium size-medium\" alt=\"\" srcset=\"https:\/\/podkarpacka.iarp.pl\/wp-content\/uploads\/2024\/01\/IMG-20240118-WA0005-225x300.jpg 225w, https:\/\/podkarpacka.iarp.pl\/wp-content\/uploads\/2024\/01\/IMG-20240118-WA0005-768x1024.jpg 768w, https:\/\/podkarpacka.iarp.pl\/wp-content\/uploads\/2024\/01\/IMG-20240118-WA0005-1152x1536.jpg 1152w, https:\/\/podkarpacka.iarp.pl\/wp-content\/uploads\/2024\/01\/IMG-20240118-WA0005.jpg 1536w\" sizes=\"auto, (max-width: 225px) 100vw, 225px\" \/><\/a>\n\t\t\t<\/dt><\/dl><br style=\"clear: both\" \/><dl class='gallery-item'>\n\t\t\t<dt class='gallery-icon landscape'>\n\t\t\t\t<a href='https:\/\/podkarpacka.iarp.pl\/wp-content\/uploads\/2024\/01\/IMG-20240118-WA0007.jpg'><img loading=\"lazy\" decoding=\"async\" width=\"300\" height=\"225\" src=\"https:\/\/podkarpacka.iarp.pl\/wp-content\/uploads\/2024\/01\/IMG-20240118-WA0007-300x225.jpg\" class=\"attachment-medium size-medium\" alt=\"\" srcset=\"https:\/\/podkarpacka.iarp.pl\/wp-content\/uploads\/2024\/01\/IMG-20240118-WA0007-300x225.jpg 300w, https:\/\/podkarpacka.iarp.pl\/wp-content\/uploads\/2024\/01\/IMG-20240118-WA0007-1024x768.jpg 1024w, https:\/\/podkarpacka.iarp.pl\/wp-content\/uploads\/2024\/01\/IMG-20240118-WA0007-768x576.jpg 768w, https:\/\/podkarpacka.iarp.pl\/wp-content\/uploads\/2024\/01\/IMG-20240118-WA0007-1536x1152.jpg 1536w, https:\/\/podkarpacka.iarp.pl\/wp-content\/uploads\/2024\/01\/IMG-20240118-WA0007-600x450.jpg 600w, https:\/\/podkarpacka.iarp.pl\/wp-content\/uploads\/2024\/01\/IMG-20240118-WA0007.jpg 2048w\" sizes=\"auto, (max-width: 300px) 100vw, 300px\" \/><\/a>\n\t\t\t<\/dt><\/dl><dl class='gallery-item'>\n\t\t\t<dt class='gallery-icon portrait'>\n\t\t\t\t<a href='https:\/\/podkarpacka.iarp.pl\/wp-content\/uploads\/2024\/01\/IMG-20240118-WA0008.jpg'><img loading=\"lazy\" decoding=\"async\" width=\"225\" height=\"300\" src=\"https:\/\/podkarpacka.iarp.pl\/wp-content\/uploads\/2024\/01\/IMG-20240118-WA0008-225x300.jpg\" class=\"attachment-medium size-medium\" alt=\"\" srcset=\"https:\/\/podkarpacka.iarp.pl\/wp-content\/uploads\/2024\/01\/IMG-20240118-WA0008-225x300.jpg 225w, https:\/\/podkarpacka.iarp.pl\/wp-content\/uploads\/2024\/01\/IMG-20240118-WA0008-768x1024.jpg 768w, https:\/\/podkarpacka.iarp.pl\/wp-content\/uploads\/2024\/01\/IMG-20240118-WA0008-1152x1536.jpg 1152w, https:\/\/podkarpacka.iarp.pl\/wp-content\/uploads\/2024\/01\/IMG-20240118-WA0008.jpg 1536w\" sizes=\"auto, (max-width: 225px) 100vw, 225px\" \/><\/a>\n\t\t\t<\/dt><\/dl><br style=\"clear: both\" \/><dl class='gallery-item'>\n\t\t\t<dt class='gallery-icon portrait'>\n\t\t\t\t<a href='https:\/\/podkarpacka.iarp.pl\/wp-content\/uploads\/2024\/01\/IMG-20240118-WA0009.jpg'><img loading=\"lazy\" decoding=\"async\" width=\"225\" height=\"300\" src=\"https:\/\/podkarpacka.iarp.pl\/wp-content\/uploads\/2024\/01\/IMG-20240118-WA0009-225x300.jpg\" class=\"attachment-medium size-medium\" alt=\"\" srcset=\"https:\/\/podkarpacka.iarp.pl\/wp-content\/uploads\/2024\/01\/IMG-20240118-WA0009-225x300.jpg 225w, https:\/\/podkarpacka.iarp.pl\/wp-content\/uploads\/2024\/01\/IMG-20240118-WA0009-768x1024.jpg 768w, https:\/\/podkarpacka.iarp.pl\/wp-content\/uploads\/2024\/01\/IMG-20240118-WA0009-1152x1536.jpg 1152w, https:\/\/podkarpacka.iarp.pl\/wp-content\/uploads\/2024\/01\/IMG-20240118-WA0009.jpg 1536w\" sizes=\"auto, (max-width: 225px) 100vw, 225px\" \/><\/a>\n\t\t\t<\/dt><\/dl><dl class='gallery-item'>\n\t\t\t<dt class='gallery-icon portrait'>\n\t\t\t\t<a href='https:\/\/podkarpacka.iarp.pl\/wp-content\/uploads\/2024\/01\/IMG-20240118-WA0010.jpg'><img loading=\"lazy\" decoding=\"async\" width=\"225\" height=\"300\" src=\"https:\/\/podkarpacka.iarp.pl\/wp-content\/uploads\/2024\/01\/IMG-20240118-WA0010-225x300.jpg\" class=\"attachment-medium size-medium\" alt=\"\" srcset=\"https:\/\/podkarpacka.iarp.pl\/wp-content\/uploads\/2024\/01\/IMG-20240118-WA0010-225x300.jpg 225w, https:\/\/podkarpacka.iarp.pl\/wp-content\/uploads\/2024\/01\/IMG-20240118-WA0010-768x1024.jpg 768w, https:\/\/podkarpacka.iarp.pl\/wp-content\/uploads\/2024\/01\/IMG-20240118-WA0010-1152x1536.jpg 1152w, https:\/\/podkarpacka.iarp.pl\/wp-content\/uploads\/2024\/01\/IMG-20240118-WA0010.jpg 1536w\" sizes=\"auto, (max-width: 225px) 100vw, 225px\" \/><\/a>\n\t\t\t<\/dt><\/dl><br style=\"clear: both\" \/><dl class='gallery-item'>\n\t\t\t<dt class='gallery-icon portrait'>\n\t\t\t\t<a href='https:\/\/podkarpacka.iarp.pl\/wp-content\/uploads\/2024\/01\/IMG-20240118-WA0011.jpg'><img loading=\"lazy\" decoding=\"async\" width=\"225\" height=\"300\" src=\"https:\/\/podkarpacka.iarp.pl\/wp-content\/uploads\/2024\/01\/IMG-20240118-WA0011-225x300.jpg\" class=\"attachment-medium size-medium\" alt=\"\" srcset=\"https:\/\/podkarpacka.iarp.pl\/wp-content\/uploads\/2024\/01\/IMG-20240118-WA0011-225x300.jpg 225w, https:\/\/podkarpacka.iarp.pl\/wp-content\/uploads\/2024\/01\/IMG-20240118-WA0011-768x1024.jpg 768w, https:\/\/podkarpacka.iarp.pl\/wp-content\/uploads\/2024\/01\/IMG-20240118-WA0011-1152x1536.jpg 1152w, https:\/\/podkarpacka.iarp.pl\/wp-content\/uploads\/2024\/01\/IMG-20240118-WA0011.jpg 1536w\" sizes=\"auto, (max-width: 225px) 100vw, 225px\" \/><\/a>\n\t\t\t<\/dt><\/dl><dl class='gallery-item'>\n\t\t\t<dt class='gallery-icon portrait'>\n\t\t\t\t<a href='https:\/\/podkarpacka.iarp.pl\/wp-content\/uploads\/2024\/01\/IMG-20240118-WA0012.jpg'><img loading=\"lazy\" decoding=\"async\" width=\"225\" height=\"300\" src=\"https:\/\/podkarpacka.iarp.pl\/wp-content\/uploads\/2024\/01\/IMG-20240118-WA0012-225x300.jpg\" class=\"attachment-medium size-medium\" alt=\"\" srcset=\"https:\/\/podkarpacka.iarp.pl\/wp-content\/uploads\/2024\/01\/IMG-20240118-WA0012-225x300.jpg 225w, https:\/\/podkarpacka.iarp.pl\/wp-content\/uploads\/2024\/01\/IMG-20240118-WA0012-768x1024.jpg 768w, https:\/\/podkarpacka.iarp.pl\/wp-content\/uploads\/2024\/01\/IMG-20240118-WA0012-1152x1536.jpg 1152w, https:\/\/podkarpacka.iarp.pl\/wp-content\/uploads\/2024\/01\/IMG-20240118-WA0012.jpg 1536w\" sizes=\"auto, (max-width: 225px) 100vw, 225px\" \/><\/a>\n\t\t\t<\/dt><\/dl><br style=\"clear: both\" \/><dl class='gallery-item'>\n\t\t\t<dt class='gallery-icon landscape'>\n\t\t\t\t<a href='https:\/\/podkarpacka.iarp.pl\/wp-content\/uploads\/2024\/01\/IMG-20240118-WA0014.jpg'><img loading=\"lazy\" decoding=\"async\" width=\"300\" height=\"225\" src=\"https:\/\/podkarpacka.iarp.pl\/wp-content\/uploads\/2024\/01\/IMG-20240118-WA0014-300x225.jpg\" class=\"attachment-medium size-medium\" alt=\"\" srcset=\"https:\/\/podkarpacka.iarp.pl\/wp-content\/uploads\/2024\/01\/IMG-20240118-WA0014-300x225.jpg 300w, https:\/\/podkarpacka.iarp.pl\/wp-content\/uploads\/2024\/01\/IMG-20240118-WA0014-1024x768.jpg 1024w, https:\/\/podkarpacka.iarp.pl\/wp-content\/uploads\/2024\/01\/IMG-20240118-WA0014-768x576.jpg 768w, https:\/\/podkarpacka.iarp.pl\/wp-content\/uploads\/2024\/01\/IMG-20240118-WA0014-1536x1152.jpg 1536w, https:\/\/podkarpacka.iarp.pl\/wp-content\/uploads\/2024\/01\/IMG-20240118-WA0014.jpg 2048w\" sizes=\"auto, (max-width: 300px) 100vw, 300px\" \/><\/a>\n\t\t\t<\/dt><\/dl><dl class='gallery-item'>\n\t\t\t<dt class='gallery-icon portrait'>\n\t\t\t\t<a href='https:\/\/podkarpacka.iarp.pl\/wp-content\/uploads\/2024\/01\/IMG-20240118-WA0017.jpg'><img loading=\"lazy\" decoding=\"async\" width=\"225\" height=\"300\" src=\"https:\/\/podkarpacka.iarp.pl\/wp-content\/uploads\/2024\/01\/IMG-20240118-WA0017-225x300.jpg\" class=\"attachment-medium size-medium\" alt=\"\" srcset=\"https:\/\/podkarpacka.iarp.pl\/wp-content\/uploads\/2024\/01\/IMG-20240118-WA0017-225x300.jpg 225w, https:\/\/podkarpacka.iarp.pl\/wp-content\/uploads\/2024\/01\/IMG-20240118-WA0017-768x1024.jpg 768w, https:\/\/podkarpacka.iarp.pl\/wp-content\/uploads\/2024\/01\/IMG-20240118-WA0017-1152x1536.jpg 1152w, https:\/\/podkarpacka.iarp.pl\/wp-content\/uploads\/2024\/01\/IMG-20240118-WA0017.jpg 1536w\" sizes=\"auto, (max-width: 225px) 100vw, 225px\" \/><\/a>\n\t\t\t<\/dt><\/dl><br style=\"clear: both\" \/><dl class='gallery-item'>\n\t\t\t<dt class='gallery-icon portrait'>\n\t\t\t\t<a href='https:\/\/podkarpacka.iarp.pl\/wp-content\/uploads\/2024\/01\/IMG-20240118-WA0018.jpg'><img loading=\"lazy\" decoding=\"async\" width=\"225\" height=\"300\" src=\"https:\/\/podkarpacka.iarp.pl\/wp-content\/uploads\/2024\/01\/IMG-20240118-WA0018-225x300.jpg\" class=\"attachment-medium size-medium\" alt=\"\" srcset=\"https:\/\/podkarpacka.iarp.pl\/wp-content\/uploads\/2024\/01\/IMG-20240118-WA0018-225x300.jpg 225w, https:\/\/podkarpacka.iarp.pl\/wp-content\/uploads\/2024\/01\/IMG-20240118-WA0018-768x1024.jpg 768w, https:\/\/podkarpacka.iarp.pl\/wp-content\/uploads\/2024\/01\/IMG-20240118-WA0018-1152x1536.jpg 1152w, https:\/\/podkarpacka.iarp.pl\/wp-content\/uploads\/2024\/01\/IMG-20240118-WA0018.jpg 1536w\" sizes=\"auto, (max-width: 225px) 100vw, 225px\" \/><\/a>\n\t\t\t<\/dt><\/dl><dl class='gallery-item'>\n\t\t\t<dt class='gallery-icon landscape'>\n\t\t\t\t<a href='https:\/\/podkarpacka.iarp.pl\/wp-content\/uploads\/2024\/01\/IMG-20240118-WA0019.jpg'><img loading=\"lazy\" decoding=\"async\" width=\"300\" height=\"225\" src=\"https:\/\/podkarpacka.iarp.pl\/wp-content\/uploads\/2024\/01\/IMG-20240118-WA0019-300x225.jpg\" class=\"attachment-medium size-medium\" alt=\"\" srcset=\"https:\/\/podkarpacka.iarp.pl\/wp-content\/uploads\/2024\/01\/IMG-20240118-WA0019-300x225.jpg 300w, https:\/\/podkarpacka.iarp.pl\/wp-content\/uploads\/2024\/01\/IMG-20240118-WA0019-1024x768.jpg 1024w, https:\/\/podkarpacka.iarp.pl\/wp-content\/uploads\/2024\/01\/IMG-20240118-WA0019-768x576.jpg 768w, https:\/\/podkarpacka.iarp.pl\/wp-content\/uploads\/2024\/01\/IMG-20240118-WA0019-1536x1152.jpg 1536w, https:\/\/podkarpacka.iarp.pl\/wp-content\/uploads\/2024\/01\/IMG-20240118-WA0019.jpg 2048w\" sizes=\"auto, (max-width: 300px) 100vw, 300px\" \/><\/a>\n\t\t\t<\/dt><\/dl><br style=\"clear: both\" \/><dl class='gallery-item'>\n\t\t\t<dt class='gallery-icon portrait'>\n\t\t\t\t<a href='https:\/\/podkarpacka.iarp.pl\/wp-content\/uploads\/2024\/01\/IMG-20240118-WA0021.jpg'><img loading=\"lazy\" decoding=\"async\" width=\"225\" height=\"300\" src=\"https:\/\/podkarpacka.iarp.pl\/wp-content\/uploads\/2024\/01\/IMG-20240118-WA0021-225x300.jpg\" class=\"attachment-medium size-medium\" alt=\"\" srcset=\"https:\/\/podkarpacka.iarp.pl\/wp-content\/uploads\/2024\/01\/IMG-20240118-WA0021-225x300.jpg 225w, https:\/\/podkarpacka.iarp.pl\/wp-content\/uploads\/2024\/01\/IMG-20240118-WA0021-768x1024.jpg 768w, https:\/\/podkarpacka.iarp.pl\/wp-content\/uploads\/2024\/01\/IMG-20240118-WA0021-1152x1536.jpg 1152w, https:\/\/podkarpacka.iarp.pl\/wp-content\/uploads\/2024\/01\/IMG-20240118-WA0021.jpg 1536w\" sizes=\"auto, (max-width: 225px) 100vw, 225px\" \/><\/a>\n\t\t\t<\/dt><\/dl><dl class='gallery-item'>\n\t\t\t<dt class='gallery-icon landscape'>\n\t\t\t\t<a href='https:\/\/podkarpacka.iarp.pl\/wp-content\/uploads\/2024\/01\/IMG-20240118-WA0022.jpg'><img loading=\"lazy\" decoding=\"async\" width=\"300\" height=\"225\" src=\"https:\/\/podkarpacka.iarp.pl\/wp-content\/uploads\/2024\/01\/IMG-20240118-WA0022-300x225.jpg\" class=\"attachment-medium size-medium\" alt=\"\" srcset=\"https:\/\/podkarpacka.iarp.pl\/wp-content\/uploads\/2024\/01\/IMG-20240118-WA0022-300x225.jpg 300w, https:\/\/podkarpacka.iarp.pl\/wp-content\/uploads\/2024\/01\/IMG-20240118-WA0022-1024x768.jpg 1024w, https:\/\/podkarpacka.iarp.pl\/wp-content\/uploads\/2024\/01\/IMG-20240118-WA0022-768x576.jpg 768w, https:\/\/podkarpacka.iarp.pl\/wp-content\/uploads\/2024\/01\/IMG-20240118-WA0022-1536x1152.jpg 1536w, https:\/\/podkarpacka.iarp.pl\/wp-content\/uploads\/2024\/01\/IMG-20240118-WA0022.jpg 2048w\" sizes=\"auto, (max-width: 300px) 100vw, 300px\" \/><\/a>\n\t\t\t<\/dt><\/dl><br style=\"clear: both\" \/><dl class='gallery-item'>\n\t\t\t<dt class='gallery-icon landscape'>\n\t\t\t\t<a href='https:\/\/podkarpacka.iarp.pl\/wp-content\/uploads\/2024\/01\/IMG-20240118-WA0039.jpg'><img loading=\"lazy\" decoding=\"async\" width=\"300\" height=\"225\" src=\"https:\/\/podkarpacka.iarp.pl\/wp-content\/uploads\/2024\/01\/IMG-20240118-WA0039-300x225.jpg\" class=\"attachment-medium size-medium\" alt=\"\" srcset=\"https:\/\/podkarpacka.iarp.pl\/wp-content\/uploads\/2024\/01\/IMG-20240118-WA0039-300x225.jpg 300w, https:\/\/podkarpacka.iarp.pl\/wp-content\/uploads\/2024\/01\/IMG-20240118-WA0039-1024x768.jpg 1024w, https:\/\/podkarpacka.iarp.pl\/wp-content\/uploads\/2024\/01\/IMG-20240118-WA0039-768x576.jpg 768w, https:\/\/podkarpacka.iarp.pl\/wp-content\/uploads\/2024\/01\/IMG-20240118-WA0039-1536x1152.jpg 1536w, https:\/\/podkarpacka.iarp.pl\/wp-content\/uploads\/2024\/01\/IMG-20240118-WA0039.jpg 2048w\" sizes=\"auto, (max-width: 300px) 100vw, 300px\" \/><\/a>\n\t\t\t<\/dt><\/dl><dl class='gallery-item'>\n\t\t\t<dt class='gallery-icon portrait'>\n\t\t\t\t<a href='https:\/\/podkarpacka.iarp.pl\/wp-content\/uploads\/2024\/01\/IMG-20240118-WA0042.jpg'><img loading=\"lazy\" decoding=\"async\" width=\"225\" height=\"300\" src=\"https:\/\/podkarpacka.iarp.pl\/wp-content\/uploads\/2024\/01\/IMG-20240118-WA0042-225x300.jpg\" class=\"attachment-medium size-medium\" alt=\"\" srcset=\"https:\/\/podkarpacka.iarp.pl\/wp-content\/uploads\/2024\/01\/IMG-20240118-WA0042-225x300.jpg 225w, https:\/\/podkarpacka.iarp.pl\/wp-content\/uploads\/2024\/01\/IMG-20240118-WA0042-768x1024.jpg 768w, https:\/\/podkarpacka.iarp.pl\/wp-content\/uploads\/2024\/01\/IMG-20240118-WA0042-1152x1536.jpg 1152w, https:\/\/podkarpacka.iarp.pl\/wp-content\/uploads\/2024\/01\/IMG-20240118-WA0042.jpg 1536w\" sizes=\"auto, (max-width: 225px) 100vw, 225px\" \/><\/a>\n\t\t\t<\/dt><\/dl><br style=\"clear: both\" \/><dl class='gallery-item'>\n\t\t\t<dt class='gallery-icon portrait'>\n\t\t\t\t<a href='https:\/\/podkarpacka.iarp.pl\/wp-content\/uploads\/2024\/01\/IMG-20240118-WA0043.jpg'><img loading=\"lazy\" decoding=\"async\" width=\"225\" height=\"300\" src=\"https:\/\/podkarpacka.iarp.pl\/wp-content\/uploads\/2024\/01\/IMG-20240118-WA0043-225x300.jpg\" class=\"attachment-medium size-medium\" alt=\"\" srcset=\"https:\/\/podkarpacka.iarp.pl\/wp-content\/uploads\/2024\/01\/IMG-20240118-WA0043-225x300.jpg 225w, https:\/\/podkarpacka.iarp.pl\/wp-content\/uploads\/2024\/01\/IMG-20240118-WA0043-768x1024.jpg 768w, https:\/\/podkarpacka.iarp.pl\/wp-content\/uploads\/2024\/01\/IMG-20240118-WA0043-1152x1536.jpg 1152w, https:\/\/podkarpacka.iarp.pl\/wp-content\/uploads\/2024\/01\/IMG-20240118-WA0043.jpg 1536w\" sizes=\"auto, (max-width: 225px) 100vw, 225px\" \/><\/a>\n\t\t\t<\/dt><\/dl>\n\t\t\t<br style='clear: both' \/>\n\t\t<\/div>\n\n<p><strong>\u00a0<\/strong><\/p>\n","protected":false},"excerpt":{"rendered":"<p>PODSUMOWANIE XIII EDYCJI KONKURSU \u201eDOM MOICH MARZE\u0143\u201d PRZYGODA Z ARCHITEKTUR\u0104. \u00a0 \u00a0 \u00a0 \u00a0 \u00a0 17 stycznia 2024 roku w siedzibie Podkarpackiej Izby Architekt\u00f3w w Rzeszowie odby\u0142o si\u0119 otwarcie\u00a0 wystawy oraz wr\u0119czenie nagr\u00f3d laureatom XIII edycji konkursu \u201e Dom moich marze\u0144\u201d \u2013 Przygoda z architektur\u0105. W Dniu Edukacji Architektonicznej w tej edycji wzi\u0119\u0142o udzia\u0142 1447 [&hellip;]<\/p>\n","protected":false},"author":6,"featured_media":6501,"comment_status":"closed","ping_status":"open","sticky":false,"template":"","format":"standard","meta":{"footnotes":""},"categories":[62],"tags":[],"class_list":["post-6485","post","type-post","status-publish","format-standard","has-post-thumbnail","hentry","category-konkursy"],"publishpress_future_action":{"enabled":false,"date":"2026-05-05 04:46:39","action":"change-status","newStatus":"draft","terms":[],"taxonomy":"category","extraData":[]},"publishpress_future_workflow_manual_trigger":{"enabledWorkflows":[]},"_links":{"self":[{"href":"https:\/\/podkarpacka.iarp.pl\/index.php?rest_route=\/wp\/v2\/posts\/6485","targetHints":{"allow":["GET"]}}],"collection":[{"href":"https:\/\/podkarpacka.iarp.pl\/index.php?rest_route=\/wp\/v2\/posts"}],"about":[{"href":"https:\/\/podkarpacka.iarp.pl\/index.php?rest_route=\/wp\/v2\/types\/post"}],"author":[{"embeddable":true,"href":"https:\/\/podkarpacka.iarp.pl\/index.php?rest_route=\/wp\/v2\/users\/6"}],"replies":[{"embeddable":true,"href":"https:\/\/podkarpacka.iarp.pl\/index.php?rest_route=%2Fwp%2Fv2%2Fcomments&post=6485"}],"version-history":[{"count":7,"href":"https:\/\/podkarpacka.iarp.pl\/index.php?rest_route=\/wp\/v2\/posts\/6485\/revisions"}],"predecessor-version":[{"id":6550,"href":"https:\/\/podkarpacka.iarp.pl\/index.php?rest_route=\/wp\/v2\/posts\/6485\/revisions\/6550"}],"wp:featuredmedia":[{"embeddable":true,"href":"https:\/\/podkarpacka.iarp.pl\/index.php?rest_route=\/wp\/v2\/media\/6501"}],"wp:attachment":[{"href":"https:\/\/podkarpacka.iarp.pl\/index.php?rest_route=%2Fwp%2Fv2%2Fmedia&parent=6485"}],"wp:term":[{"taxonomy":"category","embeddable":true,"href":"https:\/\/podkarpacka.iarp.pl\/index.php?rest_route=%2Fwp%2Fv2%2Fcategories&post=6485"},{"taxonomy":"post_tag","embeddable":true,"href":"https:\/\/podkarpacka.iarp.pl\/index.php?rest_route=%2Fwp%2Fv2%2Ftags&post=6485"}],"curies":[{"name":"wp","href":"https:\/\/api.w.org\/{rel}","templated":true}]}}