{"id":6543,"date":"2024-01-26T14:40:18","date_gmt":"2024-01-26T12:40:18","guid":{"rendered":"https:\/\/podkarpacka.iarp.pl\/?p=6543"},"modified":"2024-01-26T14:40:18","modified_gmt":"2024-01-26T12:40:18","slug":"wyrok-sadu-apelacyjnego-odwolanie-od-orzeczenia-krajowego-sadu-dyscyplinarnego-izby-architektow-rp","status":"publish","type":"post","link":"https:\/\/podkarpacka.iarp.pl\/?p=6543","title":{"rendered":"Wyrok s\u0105du apelacyjnego &#8211; odwo\u0142anie od orzeczenia Krajowego S\u0105du Dyscyplinarnego Izby Architekt\u00f3w RP"},"content":{"rendered":"<div>Szanowne Kole\u017canki i Koledzy,<\/div>\n<div>Przekazujemy zanonimizowany wyrok S\u0105du Apelacyjnego w Rzeszowie o sygnaturze akt. III APo 3\/23.<\/div>\n<div> &nbsp;<\/div>\n<div> &nbsp;<\/div>\n<div><\/div>\n<div><div class='w3eden'><!-- WPDM Link Template: Default Template -->\n\n<div class=\"link-template-default card mb-2\">\n    <div class=\"card-body\">\n        <div class=\"media\">\n            <div class=\"mr-3 img-48\"><img decoding=\"async\" class=\"wpdm_icon\" alt=\"Ikonka\" src=\"https:\/\/podkarpacka.iarp.pl\/wp-content\/plugins\/download-manager\/assets\/file-type-icons\/pdf.svg\" \/><\/div>\n            <div class=\"media-body\">\n                <h3 class=\"package-title\"><a href='https:\/\/podkarpacka.iarp.pl\/?wpdmpro=wyrok-sadu-apelacyjnego'>Wyrok s\u0105du apelacyjnego<\/a><\/h3>\n                <div class=\"text-muted text-small\"><i class=\"fas fa-copy\"><\/i> 1 plik(i) <i class=\"fas fa-hdd ml-3\"><\/i> 4.03 MB<\/div>\n            <\/div>\n            <div class=\"ml-3\">\n                <a class='wpdm-download-link download-on-click btn btn-primary ' rel='nofollow' href='#' data-downloadurl=\"https:\/\/podkarpacka.iarp.pl\/?wpdmpro=wyrok-sadu-apelacyjnego&wpdmdl=6545&refresh=69f4157b219f01777603963\">Pobierz<\/a>\n            <\/div>\n        <\/div>\n    <\/div>\n<\/div>\n\n<\/div><\/div>\n","protected":false},"excerpt":{"rendered":"<p>Szanowne Kole\u017canki i Koledzy, Przekazujemy zanonimizowany wyrok S\u0105du Apelacyjnego w Rzeszowie o sygnaturze akt. III APo 3\/23. &nbsp; &nbsp;<\/p>\n","protected":false},"author":6,"featured_media":4555,"comment_status":"closed","ping_status":"open","sticky":false,"template":"","format":"standard","meta":{"footnotes":""},"categories":[56],"tags":[],"class_list":["post-6543","post","type-post","status-publish","format-standard","has-post-thumbnail","hentry","category-informacje-rady"],"publishpress_future_action":{"enabled":false,"date":"2026-05-08 03:52:43","action":"change-status","newStatus":"draft","terms":[],"taxonomy":"category","extraData":[]},"publishpress_future_workflow_manual_trigger":{"enabledWorkflows":[]},"_links":{"self":[{"href":"https:\/\/podkarpacka.iarp.pl\/index.php?rest_route=\/wp\/v2\/posts\/6543","targetHints":{"allow":["GET"]}}],"collection":[{"href":"https:\/\/podkarpacka.iarp.pl\/index.php?rest_route=\/wp\/v2\/posts"}],"about":[{"href":"https:\/\/podkarpacka.iarp.pl\/index.php?rest_route=\/wp\/v2\/types\/post"}],"author":[{"embeddable":true,"href":"https:\/\/podkarpacka.iarp.pl\/index.php?rest_route=\/wp\/v2\/users\/6"}],"replies":[{"embeddable":true,"href":"https:\/\/podkarpacka.iarp.pl\/index.php?rest_route=%2Fwp%2Fv2%2Fcomments&post=6543"}],"version-history":[{"count":4,"href":"https:\/\/podkarpacka.iarp.pl\/index.php?rest_route=\/wp\/v2\/posts\/6543\/revisions"}],"predecessor-version":[{"id":6549,"href":"https:\/\/podkarpacka.iarp.pl\/index.php?rest_route=\/wp\/v2\/posts\/6543\/revisions\/6549"}],"wp:featuredmedia":[{"embeddable":true,"href":"https:\/\/podkarpacka.iarp.pl\/index.php?rest_route=\/wp\/v2\/media\/4555"}],"wp:attachment":[{"href":"https:\/\/podkarpacka.iarp.pl\/index.php?rest_route=%2Fwp%2Fv2%2Fmedia&parent=6543"}],"wp:term":[{"taxonomy":"category","embeddable":true,"href":"https:\/\/podkarpacka.iarp.pl\/index.php?rest_route=%2Fwp%2Fv2%2Fcategories&post=6543"},{"taxonomy":"post_tag","embeddable":true,"href":"https:\/\/podkarpacka.iarp.pl\/index.php?rest_route=%2Fwp%2Fv2%2Ftags&post=6543"}],"curies":[{"name":"wp","href":"https:\/\/api.w.org\/{rel}","templated":true}]}}