{"id":6566,"date":"2024-02-20T15:44:49","date_gmt":"2024-02-20T13:44:49","guid":{"rendered":"https:\/\/podkarpacka.iarp.pl\/?p=6566"},"modified":"2024-03-07T16:10:51","modified_gmt":"2024-03-07T14:10:51","slug":"xvii-sprawozdawczy-zjazd-podkarpackiej-okregowej-izby-architektow-rp","status":"publish","type":"post","link":"https:\/\/podkarpacka.iarp.pl\/?p=6566","title":{"rendered":"XVII Sprawozdawczy Zjazd  Podkarpackiej  Okr\u0119gowej Izby Architekt\u00f3w RP"},"content":{"rendered":"<p style=\"font-weight: 400;\">Szanowni Delegaci,<\/p>\n<p style=\"font-weight: 400;\">Informujemy o zwo\u0142aniu XVII Sprawozdawczego Okr\u0119gowego Zjazdu Podkarpackiej \u00a0Okr\u0119gowej Izby Architekt\u00f3w RP, kt\u00f3ry odb\u0119dzie si\u0119 w dniu 22 marca 2024 roku ,o godz 15:00 w Hotelu Metropolitan przy ul. S\u0142owackiego 16 w Rzeszowie.<\/p>\n<p><a href=\"https:\/\/podkarpacka.iarp.pl\/wp-content\/uploads\/2024\/03\/zawiadomienie-o-XVII-Sprawozdawczym-Zjezdzie-PKOIA-RP.pdf\" target=\"_blank\" rel=\"noopener\">PISMO<\/a><\/p>\n<p>&nbsp;<\/p>\n","protected":false},"excerpt":{"rendered":"<p>Szanowni Delegaci, Informujemy o zwo\u0142aniu XVII Sprawozdawczego Okr\u0119gowego Zjazdu Podkarpackiej \u00a0Okr\u0119gowej Izby Architekt\u00f3w RP, kt\u00f3ry odb\u0119dzie si\u0119 w dniu 22 marca 2024 roku ,o godz 15:00 w Hotelu Metropolitan przy ul. S\u0142owackiego 16 w Rzeszowie. PISMO &nbsp;<\/p>\n","protected":false},"author":6,"featured_media":4549,"comment_status":"closed","ping_status":"open","sticky":false,"template":"","format":"standard","meta":{"footnotes":""},"categories":[71,56],"tags":[],"class_list":["post-6566","post","type-post","status-publish","format-standard","has-post-thumbnail","hentry","category-slider-strona-glowna","category-informacje-rady"],"publishpress_future_action":{"enabled":false,"date":"2026-05-08 03:31:37","action":"change-status","newStatus":"draft","terms":[],"taxonomy":"category","extraData":[]},"publishpress_future_workflow_manual_trigger":{"enabledWorkflows":[]},"_links":{"self":[{"href":"https:\/\/podkarpacka.iarp.pl\/index.php?rest_route=\/wp\/v2\/posts\/6566","targetHints":{"allow":["GET"]}}],"collection":[{"href":"https:\/\/podkarpacka.iarp.pl\/index.php?rest_route=\/wp\/v2\/posts"}],"about":[{"href":"https:\/\/podkarpacka.iarp.pl\/index.php?rest_route=\/wp\/v2\/types\/post"}],"author":[{"embeddable":true,"href":"https:\/\/podkarpacka.iarp.pl\/index.php?rest_route=\/wp\/v2\/users\/6"}],"replies":[{"embeddable":true,"href":"https:\/\/podkarpacka.iarp.pl\/index.php?rest_route=%2Fwp%2Fv2%2Fcomments&post=6566"}],"version-history":[{"count":3,"href":"https:\/\/podkarpacka.iarp.pl\/index.php?rest_route=\/wp\/v2\/posts\/6566\/revisions"}],"predecessor-version":[{"id":6577,"href":"https:\/\/podkarpacka.iarp.pl\/index.php?rest_route=\/wp\/v2\/posts\/6566\/revisions\/6577"}],"wp:featuredmedia":[{"embeddable":true,"href":"https:\/\/podkarpacka.iarp.pl\/index.php?rest_route=\/wp\/v2\/media\/4549"}],"wp:attachment":[{"href":"https:\/\/podkarpacka.iarp.pl\/index.php?rest_route=%2Fwp%2Fv2%2Fmedia&parent=6566"}],"wp:term":[{"taxonomy":"category","embeddable":true,"href":"https:\/\/podkarpacka.iarp.pl\/index.php?rest_route=%2Fwp%2Fv2%2Fcategories&post=6566"},{"taxonomy":"post_tag","embeddable":true,"href":"https:\/\/podkarpacka.iarp.pl\/index.php?rest_route=%2Fwp%2Fv2%2Ftags&post=6566"}],"curies":[{"name":"wp","href":"https:\/\/api.w.org\/{rel}","templated":true}]}}