{"id":6597,"date":"2024-03-25T20:08:49","date_gmt":"2024-03-25T18:08:49","guid":{"rendered":"https:\/\/podkarpacka.iarp.pl\/?p=6597"},"modified":"2024-03-26T11:44:46","modified_gmt":"2024-03-26T09:44:46","slug":"fotorelacja-xvii-sprawozdawczy-zjazd-podkarpackiej-okregowej-izby-architektow-rp","status":"publish","type":"post","link":"https:\/\/podkarpacka.iarp.pl\/?p=6597","title":{"rendered":"Fotorelacja &#8211; XVII Sprawozdawczy Zjazd Podkarpackiej Okr\u0119gowej Izby Architekt\u00f3w RP."},"content":{"rendered":"<div>\n<div>\n<p dir=\"auto\">Dnia 22 marca 2024 r., w Hotelu Metropolitan w Rzeszowie odby\u0142 si\u0119 XVII Sprawozdawczy Zjazd Podkarpackiej Okr\u0119gowej Izby Architekt\u00f3w RP.<\/p>\n<\/div>\n<p dir=\"auto\">Podczas zjazdu zosta\u0142y wr\u0119czone nagrody z okazji 20-lecia Izby Architekt\u00f3w RP przyznane przez Krajow\u0105 Rad\u0119 Izby Architekt\u00f3w za ca\u0142okszta\u0142t dzia\u0142alno\u015b\u0107 w Izbie Architekt\u00f3w RP dla kolegi Kazimierza Ferenca pierwszego prezesa Krajowej Izby Architekt\u00f3w RP i kolegi Krzysztofa Deg\u00f3rskiego pierwszego przewodnicz\u0105cego PKOIA.<\/p>\n<p dir=\"auto\">T\u0119 sam\u0105 nagrod\u0119 za ca\u0142okszta\u0142t dzia\u0142alno\u015bci otrzyma\u0142 i odebra\u0142 osobi\u015bcie, podczas zjazdu krajowego w czerwcu 2023 roku kolega Andrzej Depa przewodnicz\u0105cy III i IV kadencji Rady PKOIA.<\/p>\n<p dir=\"auto\">Ponadto zosta\u0142y wr\u0119czone srebrne odznaki I stopnia, kt\u00f3re otrzymali:<\/p>\n<p dir=\"auto\">kol. Jan Bulsza<\/p>\n<p dir=\"auto\">kol. Ewa Kopyci\u0144ska<\/p>\n<p dir=\"auto\">kol. Ryszard Witek<\/p>\n<p dir=\"auto\">Kole\u017canka Beata Walicka G\u00f3ral otrzyma\u0142a dyplom i podzi\u0119kowania za pomoc przy organizacji \u015awiatowego Dnia Architektury oraz konkursu \u201eDom moich marze\u0144\u201d, w kt\u00f3rych przygotowaniu aktywnie uczestniczy\u0142a wraz ze swoimi studentami, cz\u0142onkami ko\u0142a naukowego AMS.<\/p>\n<p dir=\"auto\">Serdecznie dzi\u0119kujemy za przybycie i wyst\u0105pienia zaproszonym go\u015bciom: przedstawicielowi Krajowej Izby Architekt\u00f3w RP koledze Januszowi G\u0105siorowskiemu, Panu Grzegorzowi Dubikowi Przewodnicz\u0105cemu Podkarpackiej Okr\u0119gowej Izby In\u017cynier\u00f3w Budownictwa, Dziekanowi Wydzia\u0142u Budownictwa, In\u017cynierii \u015arodowiska i Architektury Panu Prof. dr hab. in\u017c. Lechowi Licho\u0142ajowi i koledze Piotrowi Rze\u017awickiemu Prezesowi SARP Oddzia\u0142 Rzesz\u00f3w.<\/p>\n<div>\n<p dir=\"auto\">Dzi\u0119kujemy, tak\u017ce Kole\u017cankom i Kolegom Delegatom Podkarpackiej Okr\u0119gowej Izby Architekt\u00f3w za wzi\u0119cie udzia\u0142u w zje\u017adzie. Szczeg\u00f3\u0142owe informacje odno\u015bnie wynik\u00f3w g\u0142osowa\u0144 i przyj\u0119tych uchwa\u0142 zostan\u0105 opublikowane na stronie PKOIA.<\/p>\n<\/div>\n\n\t\t<style type=\"text\/css\">\n\t\t\t#gallery-1 {\n\t\t\t\tmargin: auto;\n\t\t\t}\n\t\t\t#gallery-1 .gallery-item {\n\t\t\t\tfloat: left;\n\t\t\t\tmargin-top: 10px;\n\t\t\t\ttext-align: center;\n\t\t\t\twidth: 33%;\n\t\t\t}\n\t\t\t#gallery-1 img {\n\t\t\t\tborder: 2px solid #cfcfcf;\n\t\t\t}\n\t\t\t#gallery-1 .gallery-caption {\n\t\t\t\tmargin-left: 0;\n\t\t\t}\n\t\t\t\/* see gallery_shortcode() in wp-includes\/media.php *\/\n\t\t<\/style>\n\t\t<div id='gallery-1' class='gallery galleryid-6597 gallery-columns-3 gallery-size-medium'><dl class='gallery-item'>\n\t\t\t<dt class='gallery-icon landscape'>\n\t\t\t\t<a href='https:\/\/podkarpacka.iarp.pl\/?attachment_id=6603'><img loading=\"lazy\" decoding=\"async\" width=\"300\" height=\"225\" src=\"https:\/\/podkarpacka.iarp.pl\/wp-content\/uploads\/2024\/03\/Zdjecie-WhatsApp-2024-03-22-o-22.58.23_fd0b8cc8-300x225.jpg\" class=\"attachment-medium size-medium\" alt=\"\" srcset=\"https:\/\/podkarpacka.iarp.pl\/wp-content\/uploads\/2024\/03\/Zdjecie-WhatsApp-2024-03-22-o-22.58.23_fd0b8cc8-300x225.jpg 300w, https:\/\/podkarpacka.iarp.pl\/wp-content\/uploads\/2024\/03\/Zdjecie-WhatsApp-2024-03-22-o-22.58.23_fd0b8cc8-1024x768.jpg 1024w, https:\/\/podkarpacka.iarp.pl\/wp-content\/uploads\/2024\/03\/Zdjecie-WhatsApp-2024-03-22-o-22.58.23_fd0b8cc8-768x576.jpg 768w, https:\/\/podkarpacka.iarp.pl\/wp-content\/uploads\/2024\/03\/Zdjecie-WhatsApp-2024-03-22-o-22.58.23_fd0b8cc8-1536x1152.jpg 1536w, https:\/\/podkarpacka.iarp.pl\/wp-content\/uploads\/2024\/03\/Zdjecie-WhatsApp-2024-03-22-o-22.58.23_fd0b8cc8-600x450.jpg 600w, https:\/\/podkarpacka.iarp.pl\/wp-content\/uploads\/2024\/03\/Zdjecie-WhatsApp-2024-03-22-o-22.58.23_fd0b8cc8.jpg 2048w\" sizes=\"auto, (max-width: 300px) 100vw, 300px\" \/><\/a>\n\t\t\t<\/dt><\/dl><dl class='gallery-item'>\n\t\t\t<dt class='gallery-icon landscape'>\n\t\t\t\t<a href='https:\/\/podkarpacka.iarp.pl\/?attachment_id=6604'><img loading=\"lazy\" decoding=\"async\" width=\"300\" height=\"225\" src=\"https:\/\/podkarpacka.iarp.pl\/wp-content\/uploads\/2024\/03\/Zdjecie-WhatsApp-2024-03-22-o-22.58.30_98d70af9-300x225.jpg\" class=\"attachment-medium size-medium\" alt=\"\" srcset=\"https:\/\/podkarpacka.iarp.pl\/wp-content\/uploads\/2024\/03\/Zdjecie-WhatsApp-2024-03-22-o-22.58.30_98d70af9-300x225.jpg 300w, https:\/\/podkarpacka.iarp.pl\/wp-content\/uploads\/2024\/03\/Zdjecie-WhatsApp-2024-03-22-o-22.58.30_98d70af9-1024x768.jpg 1024w, https:\/\/podkarpacka.iarp.pl\/wp-content\/uploads\/2024\/03\/Zdjecie-WhatsApp-2024-03-22-o-22.58.30_98d70af9-768x576.jpg 768w, https:\/\/podkarpacka.iarp.pl\/wp-content\/uploads\/2024\/03\/Zdjecie-WhatsApp-2024-03-22-o-22.58.30_98d70af9-1536x1152.jpg 1536w, https:\/\/podkarpacka.iarp.pl\/wp-content\/uploads\/2024\/03\/Zdjecie-WhatsApp-2024-03-22-o-22.58.30_98d70af9-600x450.jpg 600w, https:\/\/podkarpacka.iarp.pl\/wp-content\/uploads\/2024\/03\/Zdjecie-WhatsApp-2024-03-22-o-22.58.30_98d70af9.jpg 2048w\" sizes=\"auto, (max-width: 300px) 100vw, 300px\" \/><\/a>\n\t\t\t<\/dt><\/dl><dl class='gallery-item'>\n\t\t\t<dt class='gallery-icon landscape'>\n\t\t\t\t<a href='https:\/\/podkarpacka.iarp.pl\/?attachment_id=6605'><img loading=\"lazy\" decoding=\"async\" width=\"300\" height=\"225\" src=\"https:\/\/podkarpacka.iarp.pl\/wp-content\/uploads\/2024\/03\/Zdjecie-WhatsApp-2024-03-22-o-22.58.38_39a72c95-300x225.jpg\" class=\"attachment-medium size-medium\" alt=\"\" srcset=\"https:\/\/podkarpacka.iarp.pl\/wp-content\/uploads\/2024\/03\/Zdjecie-WhatsApp-2024-03-22-o-22.58.38_39a72c95-300x225.jpg 300w, https:\/\/podkarpacka.iarp.pl\/wp-content\/uploads\/2024\/03\/Zdjecie-WhatsApp-2024-03-22-o-22.58.38_39a72c95-1024x768.jpg 1024w, https:\/\/podkarpacka.iarp.pl\/wp-content\/uploads\/2024\/03\/Zdjecie-WhatsApp-2024-03-22-o-22.58.38_39a72c95-768x576.jpg 768w, https:\/\/podkarpacka.iarp.pl\/wp-content\/uploads\/2024\/03\/Zdjecie-WhatsApp-2024-03-22-o-22.58.38_39a72c95-1536x1152.jpg 1536w, https:\/\/podkarpacka.iarp.pl\/wp-content\/uploads\/2024\/03\/Zdjecie-WhatsApp-2024-03-22-o-22.58.38_39a72c95-600x450.jpg 600w, https:\/\/podkarpacka.iarp.pl\/wp-content\/uploads\/2024\/03\/Zdjecie-WhatsApp-2024-03-22-o-22.58.38_39a72c95.jpg 2048w\" sizes=\"auto, (max-width: 300px) 100vw, 300px\" \/><\/a>\n\t\t\t<\/dt><\/dl><br style=\"clear: both\" \/><dl class='gallery-item'>\n\t\t\t<dt class='gallery-icon landscape'>\n\t\t\t\t<a href='https:\/\/podkarpacka.iarp.pl\/?attachment_id=6606'><img loading=\"lazy\" decoding=\"async\" width=\"300\" height=\"225\" src=\"https:\/\/podkarpacka.iarp.pl\/wp-content\/uploads\/2024\/03\/Zdjecie-WhatsApp-2024-03-22-o-22.58.45_a516d77e-300x225.jpg\" class=\"attachment-medium size-medium\" alt=\"\" srcset=\"https:\/\/podkarpacka.iarp.pl\/wp-content\/uploads\/2024\/03\/Zdjecie-WhatsApp-2024-03-22-o-22.58.45_a516d77e-300x225.jpg 300w, https:\/\/podkarpacka.iarp.pl\/wp-content\/uploads\/2024\/03\/Zdjecie-WhatsApp-2024-03-22-o-22.58.45_a516d77e-1024x768.jpg 1024w, https:\/\/podkarpacka.iarp.pl\/wp-content\/uploads\/2024\/03\/Zdjecie-WhatsApp-2024-03-22-o-22.58.45_a516d77e-768x576.jpg 768w, https:\/\/podkarpacka.iarp.pl\/wp-content\/uploads\/2024\/03\/Zdjecie-WhatsApp-2024-03-22-o-22.58.45_a516d77e-1536x1152.jpg 1536w, https:\/\/podkarpacka.iarp.pl\/wp-content\/uploads\/2024\/03\/Zdjecie-WhatsApp-2024-03-22-o-22.58.45_a516d77e-600x450.jpg 600w, https:\/\/podkarpacka.iarp.pl\/wp-content\/uploads\/2024\/03\/Zdjecie-WhatsApp-2024-03-22-o-22.58.45_a516d77e.jpg 2048w\" sizes=\"auto, (max-width: 300px) 100vw, 300px\" \/><\/a>\n\t\t\t<\/dt><\/dl><dl class='gallery-item'>\n\t\t\t<dt class='gallery-icon landscape'>\n\t\t\t\t<a href='https:\/\/podkarpacka.iarp.pl\/?attachment_id=6607'><img loading=\"lazy\" decoding=\"async\" width=\"300\" height=\"225\" src=\"https:\/\/podkarpacka.iarp.pl\/wp-content\/uploads\/2024\/03\/Zdjecie-WhatsApp-2024-03-22-o-22.58.52_54650f5c-300x225.jpg\" class=\"attachment-medium size-medium\" alt=\"\" srcset=\"https:\/\/podkarpacka.iarp.pl\/wp-content\/uploads\/2024\/03\/Zdjecie-WhatsApp-2024-03-22-o-22.58.52_54650f5c-300x225.jpg 300w, https:\/\/podkarpacka.iarp.pl\/wp-content\/uploads\/2024\/03\/Zdjecie-WhatsApp-2024-03-22-o-22.58.52_54650f5c-1024x768.jpg 1024w, https:\/\/podkarpacka.iarp.pl\/wp-content\/uploads\/2024\/03\/Zdjecie-WhatsApp-2024-03-22-o-22.58.52_54650f5c-768x576.jpg 768w, https:\/\/podkarpacka.iarp.pl\/wp-content\/uploads\/2024\/03\/Zdjecie-WhatsApp-2024-03-22-o-22.58.52_54650f5c-1536x1152.jpg 1536w, https:\/\/podkarpacka.iarp.pl\/wp-content\/uploads\/2024\/03\/Zdjecie-WhatsApp-2024-03-22-o-22.58.52_54650f5c-600x450.jpg 600w, https:\/\/podkarpacka.iarp.pl\/wp-content\/uploads\/2024\/03\/Zdjecie-WhatsApp-2024-03-22-o-22.58.52_54650f5c.jpg 2048w\" sizes=\"auto, (max-width: 300px) 100vw, 300px\" \/><\/a>\n\t\t\t<\/dt><\/dl><dl class='gallery-item'>\n\t\t\t<dt class='gallery-icon landscape'>\n\t\t\t\t<a href='https:\/\/podkarpacka.iarp.pl\/?attachment_id=6608'><img loading=\"lazy\" decoding=\"async\" width=\"300\" height=\"225\" src=\"https:\/\/podkarpacka.iarp.pl\/wp-content\/uploads\/2024\/03\/Zdjecie-WhatsApp-2024-03-22-o-22.58.58_213d856b-300x225.jpg\" class=\"attachment-medium size-medium\" alt=\"\" srcset=\"https:\/\/podkarpacka.iarp.pl\/wp-content\/uploads\/2024\/03\/Zdjecie-WhatsApp-2024-03-22-o-22.58.58_213d856b-300x225.jpg 300w, https:\/\/podkarpacka.iarp.pl\/wp-content\/uploads\/2024\/03\/Zdjecie-WhatsApp-2024-03-22-o-22.58.58_213d856b-1024x768.jpg 1024w, https:\/\/podkarpacka.iarp.pl\/wp-content\/uploads\/2024\/03\/Zdjecie-WhatsApp-2024-03-22-o-22.58.58_213d856b-768x576.jpg 768w, https:\/\/podkarpacka.iarp.pl\/wp-content\/uploads\/2024\/03\/Zdjecie-WhatsApp-2024-03-22-o-22.58.58_213d856b-1536x1152.jpg 1536w, https:\/\/podkarpacka.iarp.pl\/wp-content\/uploads\/2024\/03\/Zdjecie-WhatsApp-2024-03-22-o-22.58.58_213d856b-600x450.jpg 600w, https:\/\/podkarpacka.iarp.pl\/wp-content\/uploads\/2024\/03\/Zdjecie-WhatsApp-2024-03-22-o-22.58.58_213d856b.jpg 2048w\" sizes=\"auto, (max-width: 300px) 100vw, 300px\" \/><\/a>\n\t\t\t<\/dt><\/dl><br style=\"clear: both\" \/><dl class='gallery-item'>\n\t\t\t<dt class='gallery-icon landscape'>\n\t\t\t\t<a href='https:\/\/podkarpacka.iarp.pl\/?attachment_id=6609'><img loading=\"lazy\" decoding=\"async\" width=\"300\" height=\"225\" src=\"https:\/\/podkarpacka.iarp.pl\/wp-content\/uploads\/2024\/03\/Zdjecie-WhatsApp-2024-03-22-o-22.59.06_22bba006-300x225.jpg\" class=\"attachment-medium size-medium\" alt=\"\" srcset=\"https:\/\/podkarpacka.iarp.pl\/wp-content\/uploads\/2024\/03\/Zdjecie-WhatsApp-2024-03-22-o-22.59.06_22bba006-300x225.jpg 300w, https:\/\/podkarpacka.iarp.pl\/wp-content\/uploads\/2024\/03\/Zdjecie-WhatsApp-2024-03-22-o-22.59.06_22bba006-1024x768.jpg 1024w, https:\/\/podkarpacka.iarp.pl\/wp-content\/uploads\/2024\/03\/Zdjecie-WhatsApp-2024-03-22-o-22.59.06_22bba006-768x576.jpg 768w, https:\/\/podkarpacka.iarp.pl\/wp-content\/uploads\/2024\/03\/Zdjecie-WhatsApp-2024-03-22-o-22.59.06_22bba006-1536x1152.jpg 1536w, https:\/\/podkarpacka.iarp.pl\/wp-content\/uploads\/2024\/03\/Zdjecie-WhatsApp-2024-03-22-o-22.59.06_22bba006-600x450.jpg 600w, https:\/\/podkarpacka.iarp.pl\/wp-content\/uploads\/2024\/03\/Zdjecie-WhatsApp-2024-03-22-o-22.59.06_22bba006.jpg 2048w\" sizes=\"auto, (max-width: 300px) 100vw, 300px\" \/><\/a>\n\t\t\t<\/dt><\/dl><dl class='gallery-item'>\n\t\t\t<dt class='gallery-icon portrait'>\n\t\t\t\t<a href='https:\/\/podkarpacka.iarp.pl\/?attachment_id=6610'><img loading=\"lazy\" decoding=\"async\" width=\"225\" height=\"300\" src=\"https:\/\/podkarpacka.iarp.pl\/wp-content\/uploads\/2024\/03\/Zdjecie-WhatsApp-2024-03-25-o-13.42.40_2c0db9ff-225x300.jpg\" class=\"attachment-medium size-medium\" alt=\"\" srcset=\"https:\/\/podkarpacka.iarp.pl\/wp-content\/uploads\/2024\/03\/Zdjecie-WhatsApp-2024-03-25-o-13.42.40_2c0db9ff-225x300.jpg 225w, https:\/\/podkarpacka.iarp.pl\/wp-content\/uploads\/2024\/03\/Zdjecie-WhatsApp-2024-03-25-o-13.42.40_2c0db9ff-768x1024.jpg 768w, https:\/\/podkarpacka.iarp.pl\/wp-content\/uploads\/2024\/03\/Zdjecie-WhatsApp-2024-03-25-o-13.42.40_2c0db9ff-1152x1536.jpg 1152w, https:\/\/podkarpacka.iarp.pl\/wp-content\/uploads\/2024\/03\/Zdjecie-WhatsApp-2024-03-25-o-13.42.40_2c0db9ff-600x800.jpg 600w, https:\/\/podkarpacka.iarp.pl\/wp-content\/uploads\/2024\/03\/Zdjecie-WhatsApp-2024-03-25-o-13.42.40_2c0db9ff.jpg 1200w\" sizes=\"auto, (max-width: 225px) 100vw, 225px\" \/><\/a>\n\t\t\t<\/dt><\/dl><dl class='gallery-item'>\n\t\t\t<dt class='gallery-icon portrait'>\n\t\t\t\t<a href='https:\/\/podkarpacka.iarp.pl\/?attachment_id=6611'><img loading=\"lazy\" decoding=\"async\" width=\"225\" height=\"300\" src=\"https:\/\/podkarpacka.iarp.pl\/wp-content\/uploads\/2024\/03\/Zdjecie-WhatsApp-2024-03-25-o-13.42.40_9f70ff33-225x300.jpg\" class=\"attachment-medium size-medium\" alt=\"\" srcset=\"https:\/\/podkarpacka.iarp.pl\/wp-content\/uploads\/2024\/03\/Zdjecie-WhatsApp-2024-03-25-o-13.42.40_9f70ff33-225x300.jpg 225w, https:\/\/podkarpacka.iarp.pl\/wp-content\/uploads\/2024\/03\/Zdjecie-WhatsApp-2024-03-25-o-13.42.40_9f70ff33-768x1024.jpg 768w, https:\/\/podkarpacka.iarp.pl\/wp-content\/uploads\/2024\/03\/Zdjecie-WhatsApp-2024-03-25-o-13.42.40_9f70ff33-1152x1536.jpg 1152w, https:\/\/podkarpacka.iarp.pl\/wp-content\/uploads\/2024\/03\/Zdjecie-WhatsApp-2024-03-25-o-13.42.40_9f70ff33-600x800.jpg 600w, https:\/\/podkarpacka.iarp.pl\/wp-content\/uploads\/2024\/03\/Zdjecie-WhatsApp-2024-03-25-o-13.42.40_9f70ff33.jpg 1200w\" sizes=\"auto, (max-width: 225px) 100vw, 225px\" \/><\/a>\n\t\t\t<\/dt><\/dl><br style=\"clear: both\" \/><dl class='gallery-item'>\n\t\t\t<dt class='gallery-icon portrait'>\n\t\t\t\t<a href='https:\/\/podkarpacka.iarp.pl\/?attachment_id=6612'><img loading=\"lazy\" decoding=\"async\" width=\"225\" height=\"300\" src=\"https:\/\/podkarpacka.iarp.pl\/wp-content\/uploads\/2024\/03\/Zdjecie-WhatsApp-2024-03-25-o-13.42.40_5932e708-225x300.jpg\" class=\"attachment-medium size-medium\" alt=\"\" srcset=\"https:\/\/podkarpacka.iarp.pl\/wp-content\/uploads\/2024\/03\/Zdjecie-WhatsApp-2024-03-25-o-13.42.40_5932e708-225x300.jpg 225w, https:\/\/podkarpacka.iarp.pl\/wp-content\/uploads\/2024\/03\/Zdjecie-WhatsApp-2024-03-25-o-13.42.40_5932e708-768x1024.jpg 768w, https:\/\/podkarpacka.iarp.pl\/wp-content\/uploads\/2024\/03\/Zdjecie-WhatsApp-2024-03-25-o-13.42.40_5932e708-1152x1536.jpg 1152w, https:\/\/podkarpacka.iarp.pl\/wp-content\/uploads\/2024\/03\/Zdjecie-WhatsApp-2024-03-25-o-13.42.40_5932e708-600x800.jpg 600w, https:\/\/podkarpacka.iarp.pl\/wp-content\/uploads\/2024\/03\/Zdjecie-WhatsApp-2024-03-25-o-13.42.40_5932e708.jpg 1200w\" sizes=\"auto, (max-width: 225px) 100vw, 225px\" \/><\/a>\n\t\t\t<\/dt><\/dl><dl class='gallery-item'>\n\t\t\t<dt class='gallery-icon portrait'>\n\t\t\t\t<a href='https:\/\/podkarpacka.iarp.pl\/?attachment_id=6613'><img loading=\"lazy\" decoding=\"async\" width=\"225\" height=\"300\" src=\"https:\/\/podkarpacka.iarp.pl\/wp-content\/uploads\/2024\/03\/Zdjecie-WhatsApp-2024-03-25-o-13.42.40_f3b014ce-225x300.jpg\" class=\"attachment-medium size-medium\" alt=\"\" srcset=\"https:\/\/podkarpacka.iarp.pl\/wp-content\/uploads\/2024\/03\/Zdjecie-WhatsApp-2024-03-25-o-13.42.40_f3b014ce-225x300.jpg 225w, https:\/\/podkarpacka.iarp.pl\/wp-content\/uploads\/2024\/03\/Zdjecie-WhatsApp-2024-03-25-o-13.42.40_f3b014ce-768x1024.jpg 768w, https:\/\/podkarpacka.iarp.pl\/wp-content\/uploads\/2024\/03\/Zdjecie-WhatsApp-2024-03-25-o-13.42.40_f3b014ce-1152x1536.jpg 1152w, https:\/\/podkarpacka.iarp.pl\/wp-content\/uploads\/2024\/03\/Zdjecie-WhatsApp-2024-03-25-o-13.42.40_f3b014ce-600x800.jpg 600w, https:\/\/podkarpacka.iarp.pl\/wp-content\/uploads\/2024\/03\/Zdjecie-WhatsApp-2024-03-25-o-13.42.40_f3b014ce.jpg 1200w\" sizes=\"auto, (max-width: 225px) 100vw, 225px\" \/><\/a>\n\t\t\t<\/dt><\/dl><dl class='gallery-item'>\n\t\t\t<dt class='gallery-icon landscape'>\n\t\t\t\t<a href='https:\/\/podkarpacka.iarp.pl\/?attachment_id=6614'><img loading=\"lazy\" decoding=\"async\" width=\"300\" height=\"166\" src=\"https:\/\/podkarpacka.iarp.pl\/wp-content\/uploads\/2024\/03\/Zdjecie-WhatsApp-2024-03-25-o-15.24.02_37be870a-300x166.jpg\" class=\"attachment-medium size-medium\" alt=\"\" srcset=\"https:\/\/podkarpacka.iarp.pl\/wp-content\/uploads\/2024\/03\/Zdjecie-WhatsApp-2024-03-25-o-15.24.02_37be870a-300x166.jpg 300w, https:\/\/podkarpacka.iarp.pl\/wp-content\/uploads\/2024\/03\/Zdjecie-WhatsApp-2024-03-25-o-15.24.02_37be870a-1024x568.jpg 1024w, https:\/\/podkarpacka.iarp.pl\/wp-content\/uploads\/2024\/03\/Zdjecie-WhatsApp-2024-03-25-o-15.24.02_37be870a-768x426.jpg 768w, https:\/\/podkarpacka.iarp.pl\/wp-content\/uploads\/2024\/03\/Zdjecie-WhatsApp-2024-03-25-o-15.24.02_37be870a-819x452.jpg 819w, https:\/\/podkarpacka.iarp.pl\/wp-content\/uploads\/2024\/03\/Zdjecie-WhatsApp-2024-03-25-o-15.24.02_37be870a-600x333.jpg 600w, https:\/\/podkarpacka.iarp.pl\/wp-content\/uploads\/2024\/03\/Zdjecie-WhatsApp-2024-03-25-o-15.24.02_37be870a.jpg 1530w\" sizes=\"auto, (max-width: 300px) 100vw, 300px\" \/><\/a>\n\t\t\t<\/dt><\/dl><br style=\"clear: both\" \/><dl class='gallery-item'>\n\t\t\t<dt class='gallery-icon portrait'>\n\t\t\t\t<a href='https:\/\/podkarpacka.iarp.pl\/?attachment_id=6615'><img loading=\"lazy\" decoding=\"async\" width=\"230\" height=\"300\" src=\"https:\/\/podkarpacka.iarp.pl\/wp-content\/uploads\/2024\/03\/Zdjecie-WhatsApp-2024-03-25-o-15.24.02_55eef539-230x300.jpg\" class=\"attachment-medium size-medium\" alt=\"\" srcset=\"https:\/\/podkarpacka.iarp.pl\/wp-content\/uploads\/2024\/03\/Zdjecie-WhatsApp-2024-03-25-o-15.24.02_55eef539-230x300.jpg 230w, https:\/\/podkarpacka.iarp.pl\/wp-content\/uploads\/2024\/03\/Zdjecie-WhatsApp-2024-03-25-o-15.24.02_55eef539-784x1024.jpg 784w, https:\/\/podkarpacka.iarp.pl\/wp-content\/uploads\/2024\/03\/Zdjecie-WhatsApp-2024-03-25-o-15.24.02_55eef539-768x1003.jpg 768w, https:\/\/podkarpacka.iarp.pl\/wp-content\/uploads\/2024\/03\/Zdjecie-WhatsApp-2024-03-25-o-15.24.02_55eef539-1176x1536.jpg 1176w, https:\/\/podkarpacka.iarp.pl\/wp-content\/uploads\/2024\/03\/Zdjecie-WhatsApp-2024-03-25-o-15.24.02_55eef539-600x784.jpg 600w, https:\/\/podkarpacka.iarp.pl\/wp-content\/uploads\/2024\/03\/Zdjecie-WhatsApp-2024-03-25-o-15.24.02_55eef539.jpg 1225w\" sizes=\"auto, (max-width: 230px) 100vw, 230px\" \/><\/a>\n\t\t\t<\/dt><\/dl><dl class='gallery-item'>\n\t\t\t<dt class='gallery-icon portrait'>\n\t\t\t\t<a href='https:\/\/podkarpacka.iarp.pl\/?attachment_id=6616'><img loading=\"lazy\" decoding=\"async\" width=\"227\" height=\"300\" src=\"https:\/\/podkarpacka.iarp.pl\/wp-content\/uploads\/2024\/03\/Zdjecie-WhatsApp-2024-03-25-o-15.24.02_a02b78f4-227x300.jpg\" class=\"attachment-medium size-medium\" alt=\"\" srcset=\"https:\/\/podkarpacka.iarp.pl\/wp-content\/uploads\/2024\/03\/Zdjecie-WhatsApp-2024-03-25-o-15.24.02_a02b78f4-227x300.jpg 227w, https:\/\/podkarpacka.iarp.pl\/wp-content\/uploads\/2024\/03\/Zdjecie-WhatsApp-2024-03-25-o-15.24.02_a02b78f4-774x1024.jpg 774w, https:\/\/podkarpacka.iarp.pl\/wp-content\/uploads\/2024\/03\/Zdjecie-WhatsApp-2024-03-25-o-15.24.02_a02b78f4-768x1016.jpg 768w, https:\/\/podkarpacka.iarp.pl\/wp-content\/uploads\/2024\/03\/Zdjecie-WhatsApp-2024-03-25-o-15.24.02_a02b78f4-1162x1536.jpg 1162w, https:\/\/podkarpacka.iarp.pl\/wp-content\/uploads\/2024\/03\/Zdjecie-WhatsApp-2024-03-25-o-15.24.02_a02b78f4-600x793.jpg 600w, https:\/\/podkarpacka.iarp.pl\/wp-content\/uploads\/2024\/03\/Zdjecie-WhatsApp-2024-03-25-o-15.24.02_a02b78f4.jpg 1210w\" sizes=\"auto, (max-width: 227px) 100vw, 227px\" \/><\/a>\n\t\t\t<\/dt><\/dl><dl class='gallery-item'>\n\t\t\t<dt class='gallery-icon portrait'>\n\t\t\t\t<a href='https:\/\/podkarpacka.iarp.pl\/?attachment_id=6617'><img loading=\"lazy\" decoding=\"async\" width=\"225\" height=\"300\" src=\"https:\/\/podkarpacka.iarp.pl\/wp-content\/uploads\/2024\/03\/Zdjecie-WhatsApp-2024-03-25-o-15.24.03_bdfa5a23-225x300.jpg\" class=\"attachment-medium size-medium\" alt=\"\" srcset=\"https:\/\/podkarpacka.iarp.pl\/wp-content\/uploads\/2024\/03\/Zdjecie-WhatsApp-2024-03-25-o-15.24.03_bdfa5a23-225x300.jpg 225w, https:\/\/podkarpacka.iarp.pl\/wp-content\/uploads\/2024\/03\/Zdjecie-WhatsApp-2024-03-25-o-15.24.03_bdfa5a23-767x1024.jpg 767w, https:\/\/podkarpacka.iarp.pl\/wp-content\/uploads\/2024\/03\/Zdjecie-WhatsApp-2024-03-25-o-15.24.03_bdfa5a23-768x1025.jpg 768w, https:\/\/podkarpacka.iarp.pl\/wp-content\/uploads\/2024\/03\/Zdjecie-WhatsApp-2024-03-25-o-15.24.03_bdfa5a23-1151x1536.jpg 1151w, https:\/\/podkarpacka.iarp.pl\/wp-content\/uploads\/2024\/03\/Zdjecie-WhatsApp-2024-03-25-o-15.24.03_bdfa5a23-600x801.jpg 600w, https:\/\/podkarpacka.iarp.pl\/wp-content\/uploads\/2024\/03\/Zdjecie-WhatsApp-2024-03-25-o-15.24.03_bdfa5a23.jpg 1199w\" sizes=\"auto, (max-width: 225px) 100vw, 225px\" \/><\/a>\n\t\t\t<\/dt><\/dl><br style=\"clear: both\" \/><dl class='gallery-item'>\n\t\t\t<dt class='gallery-icon portrait'>\n\t\t\t\t<a href='https:\/\/podkarpacka.iarp.pl\/?attachment_id=6618'><img loading=\"lazy\" decoding=\"async\" width=\"222\" height=\"300\" src=\"https:\/\/podkarpacka.iarp.pl\/wp-content\/uploads\/2024\/03\/Zdjecie-WhatsApp-2024-03-25-o-15.24.03_d4bfe87b-222x300.jpg\" class=\"attachment-medium size-medium\" alt=\"\" srcset=\"https:\/\/podkarpacka.iarp.pl\/wp-content\/uploads\/2024\/03\/Zdjecie-WhatsApp-2024-03-25-o-15.24.03_d4bfe87b-222x300.jpg 222w, https:\/\/podkarpacka.iarp.pl\/wp-content\/uploads\/2024\/03\/Zdjecie-WhatsApp-2024-03-25-o-15.24.03_d4bfe87b-757x1024.jpg 757w, https:\/\/podkarpacka.iarp.pl\/wp-content\/uploads\/2024\/03\/Zdjecie-WhatsApp-2024-03-25-o-15.24.03_d4bfe87b-768x1039.jpg 768w, https:\/\/podkarpacka.iarp.pl\/wp-content\/uploads\/2024\/03\/Zdjecie-WhatsApp-2024-03-25-o-15.24.03_d4bfe87b-600x812.jpg 600w, https:\/\/podkarpacka.iarp.pl\/wp-content\/uploads\/2024\/03\/Zdjecie-WhatsApp-2024-03-25-o-15.24.03_d4bfe87b.jpg 964w\" sizes=\"auto, (max-width: 222px) 100vw, 222px\" \/><\/a>\n\t\t\t<\/dt><\/dl><dl class='gallery-item'>\n\t\t\t<dt class='gallery-icon landscape'>\n\t\t\t\t<a href='https:\/\/podkarpacka.iarp.pl\/?attachment_id=6619'><img loading=\"lazy\" decoding=\"async\" width=\"300\" height=\"161\" src=\"https:\/\/podkarpacka.iarp.pl\/wp-content\/uploads\/2024\/03\/Zdjecie-WhatsApp-2024-03-25-o-15.24.03_e3270578-300x161.jpg\" class=\"attachment-medium size-medium\" alt=\"\" srcset=\"https:\/\/podkarpacka.iarp.pl\/wp-content\/uploads\/2024\/03\/Zdjecie-WhatsApp-2024-03-25-o-15.24.03_e3270578-300x161.jpg 300w, https:\/\/podkarpacka.iarp.pl\/wp-content\/uploads\/2024\/03\/Zdjecie-WhatsApp-2024-03-25-o-15.24.03_e3270578-1024x551.jpg 1024w, https:\/\/podkarpacka.iarp.pl\/wp-content\/uploads\/2024\/03\/Zdjecie-WhatsApp-2024-03-25-o-15.24.03_e3270578-768x413.jpg 768w, https:\/\/podkarpacka.iarp.pl\/wp-content\/uploads\/2024\/03\/Zdjecie-WhatsApp-2024-03-25-o-15.24.03_e3270578-1536x827.jpg 1536w, https:\/\/podkarpacka.iarp.pl\/wp-content\/uploads\/2024\/03\/Zdjecie-WhatsApp-2024-03-25-o-15.24.03_e3270578-600x323.jpg 600w, https:\/\/podkarpacka.iarp.pl\/wp-content\/uploads\/2024\/03\/Zdjecie-WhatsApp-2024-03-25-o-15.24.03_e3270578.jpg 1600w\" sizes=\"auto, (max-width: 300px) 100vw, 300px\" \/><\/a>\n\t\t\t<\/dt><\/dl>\n\t\t\t<br style='clear: both' \/>\n\t\t<\/div>\n\n<\/div>\n","protected":false},"excerpt":{"rendered":"<p>Dnia 22 marca 2024 r., w Hotelu Metropolitan w Rzeszowie odby\u0142 si\u0119 XVII Sprawozdawczy Zjazd Podkarpackiej Okr\u0119gowej Izby Architekt\u00f3w RP. Podczas zjazdu zosta\u0142y wr\u0119czone nagrody z okazji 20-lecia Izby Architekt\u00f3w RP przyznane przez Krajow\u0105 Rad\u0119 Izby Architekt\u00f3w za ca\u0142okszta\u0142t dzia\u0142alno\u015b\u0107 w Izbie Architekt\u00f3w RP dla kolegi Kazimierza Ferenca pierwszego prezesa Krajowej Izby Architekt\u00f3w RP i [&hellip;]<\/p>\n","protected":false},"author":6,"featured_media":6619,"comment_status":"closed","ping_status":"open","sticky":false,"template":"","format":"standard","meta":{"footnotes":""},"categories":[55],"tags":[],"class_list":["post-6597","post","type-post","status-publish","format-standard","has-post-thumbnail","hentry","category-wydarzenia"],"publishpress_future_action":{"enabled":false,"date":"2026-05-05 15:23:25","action":"change-status","newStatus":"draft","terms":[],"taxonomy":"category","extraData":[]},"publishpress_future_workflow_manual_trigger":{"enabledWorkflows":[]},"_links":{"self":[{"href":"https:\/\/podkarpacka.iarp.pl\/index.php?rest_route=\/wp\/v2\/posts\/6597","targetHints":{"allow":["GET"]}}],"collection":[{"href":"https:\/\/podkarpacka.iarp.pl\/index.php?rest_route=\/wp\/v2\/posts"}],"about":[{"href":"https:\/\/podkarpacka.iarp.pl\/index.php?rest_route=\/wp\/v2\/types\/post"}],"author":[{"embeddable":true,"href":"https:\/\/podkarpacka.iarp.pl\/index.php?rest_route=\/wp\/v2\/users\/6"}],"replies":[{"embeddable":true,"href":"https:\/\/podkarpacka.iarp.pl\/index.php?rest_route=%2Fwp%2Fv2%2Fcomments&post=6597"}],"version-history":[{"count":7,"href":"https:\/\/podkarpacka.iarp.pl\/index.php?rest_route=\/wp\/v2\/posts\/6597\/revisions"}],"predecessor-version":[{"id":6622,"href":"https:\/\/podkarpacka.iarp.pl\/index.php?rest_route=\/wp\/v2\/posts\/6597\/revisions\/6622"}],"wp:featuredmedia":[{"embeddable":true,"href":"https:\/\/podkarpacka.iarp.pl\/index.php?rest_route=\/wp\/v2\/media\/6619"}],"wp:attachment":[{"href":"https:\/\/podkarpacka.iarp.pl\/index.php?rest_route=%2Fwp%2Fv2%2Fmedia&parent=6597"}],"wp:term":[{"taxonomy":"category","embeddable":true,"href":"https:\/\/podkarpacka.iarp.pl\/index.php?rest_route=%2Fwp%2Fv2%2Fcategories&post=6597"},{"taxonomy":"post_tag","embeddable":true,"href":"https:\/\/podkarpacka.iarp.pl\/index.php?rest_route=%2Fwp%2Fv2%2Ftags&post=6597"}],"curies":[{"name":"wp","href":"https:\/\/api.w.org\/{rel}","templated":true}]}}