{"id":6628,"date":"2024-03-29T18:28:06","date_gmt":"2024-03-29T16:28:06","guid":{"rendered":"https:\/\/podkarpacka.iarp.pl\/?p=6628"},"modified":"2024-03-29T18:28:06","modified_gmt":"2024-03-29T16:28:06","slug":"zyczenia-swiateczne-podkarpackiej-okregowej-izby-architektow-rp-2","status":"publish","type":"post","link":"https:\/\/podkarpacka.iarp.pl\/?p=6628","title":{"rendered":"\u017byczenia \u015awi\u0105teczne Podkarpackiej Okr\u0119gowej Izby Architekt\u00f3w RP"},"content":{"rendered":"<p><a href=\"https:\/\/podkarpacka.iarp.pl\/wp-content\/uploads\/2024\/03\/PKOIA-RP-zyczenia-Wielkanoc-Post-Facebook-v5.jpg\"><img loading=\"lazy\" decoding=\"async\" class=\"aligncenter size-full wp-image-6629\" src=\"https:\/\/podkarpacka.iarp.pl\/wp-content\/uploads\/2024\/03\/PKOIA-RP-zyczenia-Wielkanoc-Post-Facebook-v5.jpg\" alt=\"\" width=\"940\" height=\"788\" srcset=\"https:\/\/podkarpacka.iarp.pl\/wp-content\/uploads\/2024\/03\/PKOIA-RP-zyczenia-Wielkanoc-Post-Facebook-v5.jpg 940w, https:\/\/podkarpacka.iarp.pl\/wp-content\/uploads\/2024\/03\/PKOIA-RP-zyczenia-Wielkanoc-Post-Facebook-v5-300x251.jpg 300w, https:\/\/podkarpacka.iarp.pl\/wp-content\/uploads\/2024\/03\/PKOIA-RP-zyczenia-Wielkanoc-Post-Facebook-v5-768x644.jpg 768w, https:\/\/podkarpacka.iarp.pl\/wp-content\/uploads\/2024\/03\/PKOIA-RP-zyczenia-Wielkanoc-Post-Facebook-v5-600x503.jpg 600w\" sizes=\"auto, (max-width: 940px) 100vw, 940px\" \/><\/a><\/p>\n","protected":false},"excerpt":{"rendered":"","protected":false},"author":6,"featured_media":6629,"comment_status":"closed","ping_status":"open","sticky":false,"template":"","format":"standard","meta":{"footnotes":""},"categories":[56],"tags":[],"class_list":["post-6628","post","type-post","status-publish","format-standard","has-post-thumbnail","hentry","category-informacje-rady"],"publishpress_future_action":{"enabled":false,"date":"2026-05-08 03:49:04","action":"change-status","newStatus":"draft","terms":[],"taxonomy":"category","extraData":[]},"publishpress_future_workflow_manual_trigger":{"enabledWorkflows":[]},"_links":{"self":[{"href":"https:\/\/podkarpacka.iarp.pl\/index.php?rest_route=\/wp\/v2\/posts\/6628","targetHints":{"allow":["GET"]}}],"collection":[{"href":"https:\/\/podkarpacka.iarp.pl\/index.php?rest_route=\/wp\/v2\/posts"}],"about":[{"href":"https:\/\/podkarpacka.iarp.pl\/index.php?rest_route=\/wp\/v2\/types\/post"}],"author":[{"embeddable":true,"href":"https:\/\/podkarpacka.iarp.pl\/index.php?rest_route=\/wp\/v2\/users\/6"}],"replies":[{"embeddable":true,"href":"https:\/\/podkarpacka.iarp.pl\/index.php?rest_route=%2Fwp%2Fv2%2Fcomments&post=6628"}],"version-history":[{"count":1,"href":"https:\/\/podkarpacka.iarp.pl\/index.php?rest_route=\/wp\/v2\/posts\/6628\/revisions"}],"predecessor-version":[{"id":6630,"href":"https:\/\/podkarpacka.iarp.pl\/index.php?rest_route=\/wp\/v2\/posts\/6628\/revisions\/6630"}],"wp:featuredmedia":[{"embeddable":true,"href":"https:\/\/podkarpacka.iarp.pl\/index.php?rest_route=\/wp\/v2\/media\/6629"}],"wp:attachment":[{"href":"https:\/\/podkarpacka.iarp.pl\/index.php?rest_route=%2Fwp%2Fv2%2Fmedia&parent=6628"}],"wp:term":[{"taxonomy":"category","embeddable":true,"href":"https:\/\/podkarpacka.iarp.pl\/index.php?rest_route=%2Fwp%2Fv2%2Fcategories&post=6628"},{"taxonomy":"post_tag","embeddable":true,"href":"https:\/\/podkarpacka.iarp.pl\/index.php?rest_route=%2Fwp%2Fv2%2Ftags&post=6628"}],"curies":[{"name":"wp","href":"https:\/\/api.w.org\/{rel}","templated":true}]}}