{"id":6656,"date":"2024-04-19T12:51:52","date_gmt":"2024-04-19T10:51:52","guid":{"rendered":"https:\/\/podkarpacka.iarp.pl\/?p=6656"},"modified":"2024-04-19T12:51:52","modified_gmt":"2024-04-19T10:51:52","slug":"zawarcie-umowy-o-realizacje-studenckich-praktyk-zawodowych-iarp-pomiedzy-podkarpacka-okregowa-izba-architektow-rp-i-politechnika-rzeszowska","status":"publish","type":"post","link":"https:\/\/podkarpacka.iarp.pl\/?p=6656","title":{"rendered":"Zawarcie umowy o realizacj\u0119 Studenckich Praktyk Zawodowych IARP pomi\u0119dzy Podkarpack\u0105 Okr\u0119gow\u0105 Izb\u0105 Architekt\u00f3w RP i Politechnik\u0105 Rzeszowsk\u0105."},"content":{"rendered":"<p>Dnia 4 kwietnia 2024 r. Politechnika Rzeszowska zawar\u0142a umow\u0119 o realizacj\u0119 studenckich praktyk zawodowych IARP z Podkarpack\u0105 Okr\u0119gow\u0105 Izb\u0105 Architekt\u00f3w RP.<br \/>\nReprezentuj\u0105c PKOIA RP umow\u0119 podpisali przewodnicz\u0105ca kol. Renata \u015awieci\u0144ska i sekretarz kol. Grzegorz Ruszel.<\/p>\n<p>Wi\u0119cej szczeg\u00f3\u0142\u00f3w na temat studenckich praktyk zawodowych znajduje si\u0119 w za\u0142\u0105czonym linku:\u00a0<a href=\"https:\/\/wbisia.prz.edu.pl\/aktualnosci\/zawarcie-umowy-z-podkarpacka-okregowa-izba-architektow-rp-780.html?fbclid=IwZXh0bgNhZW0CMTAAAR05VQx2mHi4X8FhhAwusZHluhGb04d-kFeJz_BYylepF8NqLKO4Av2jVac_aem_AaAjOFXqdn9kUNo2ihKeVGJop3Izn21WdeARxrInBhRbNXI4XsZBJAxLoMYOqvkpMq588IovXnAj_gnyT8xWds0U\" target=\"_blank\" rel=\"noopener\" data-saferedirecturl=\"https:\/\/www.google.com\/url?q=https:\/\/wbisia.prz.edu.pl\/aktualnosci\/zawarcie-umowy-z-podkarpacka-okregowa-izba-architektow-rp-780.html?fbclid%3DIwZXh0bgNhZW0CMTAAAR05VQx2mHi4X8FhhAwusZHluhGb04d-kFeJz_BYylepF8NqLKO4Av2jVac_aem_AaAjOFXqdn9kUNo2ihKeVGJop3Izn21WdeARxrInBhRbNXI4XsZBJAxLoMYOqvkpMq588IovXnAj_gnyT8xWds0U&amp;source=gmail&amp;ust=1713592117425000&amp;usg=AOvVaw3Zqy0KBPXyPuM4QEfxa_oz\">https:\/\/wbisia.prz.edu.pl\/<wbr \/>aktualnosci\/zawarcie-umowy-z-<wbr \/>podkarpacka-okregowa-izba-<wbr \/>architektow-rp-780.html?<wbr \/>fbclid=<wbr \/>IwZXh0bgNhZW0CMTAAAR05VQx2mHi4<wbr \/>X8FhhAwusZHluhGb04d-kFeJz_<wbr \/>BYylepF8NqLKO4Av2jVac_aem_<wbr \/>AaAjOFXqdn9kUNo2ihKeVGJop3Izn2<wbr \/>1WdeARxrInBhRbNXI4XsZBJAxLoMYO<wbr \/>qvkpMq588IovXnAj_gnyT8xWds0U<\/a><\/p>\n","protected":false},"excerpt":{"rendered":"<p>Dnia 4 kwietnia 2024 r. Politechnika Rzeszowska zawar\u0142a umow\u0119 o realizacj\u0119 studenckich praktyk zawodowych IARP z Podkarpack\u0105 Okr\u0119gow\u0105 Izb\u0105 Architekt\u00f3w RP. Reprezentuj\u0105c PKOIA RP umow\u0119 podpisali przewodnicz\u0105ca kol. Renata \u015awieci\u0144ska i sekretarz kol. Grzegorz Ruszel. Wi\u0119cej szczeg\u00f3\u0142\u00f3w na temat studenckich praktyk zawodowych znajduje si\u0119 w za\u0142\u0105czonym linku:\u00a0https:\/\/wbisia.prz.edu.pl\/aktualnosci\/zawarcie-umowy-z-podkarpacka-okregowa-izba-architektow-rp-780.html?fbclid=IwZXh0bgNhZW0CMTAAAR05VQx2mHi4X8FhhAwusZHluhGb04d-kFeJz_BYylepF8NqLKO4Av2jVac_aem_AaAjOFXqdn9kUNo2ihKeVGJop3Izn21WdeARxrInBhRbNXI4XsZBJAxLoMYOqvkpMq588IovXnAj_gnyT8xWds0U<\/p>\n","protected":false},"author":6,"featured_media":4549,"comment_status":"closed","ping_status":"open","sticky":false,"template":"","format":"standard","meta":{"footnotes":""},"categories":[56],"tags":[],"class_list":["post-6656","post","type-post","status-publish","format-standard","has-post-thumbnail","hentry","category-informacje-rady"],"publishpress_future_action":{"enabled":false,"date":"2026-05-08 03:31:37","action":"change-status","newStatus":"draft","terms":[],"taxonomy":"category","extraData":[]},"publishpress_future_workflow_manual_trigger":{"enabledWorkflows":[]},"_links":{"self":[{"href":"https:\/\/podkarpacka.iarp.pl\/index.php?rest_route=\/wp\/v2\/posts\/6656","targetHints":{"allow":["GET"]}}],"collection":[{"href":"https:\/\/podkarpacka.iarp.pl\/index.php?rest_route=\/wp\/v2\/posts"}],"about":[{"href":"https:\/\/podkarpacka.iarp.pl\/index.php?rest_route=\/wp\/v2\/types\/post"}],"author":[{"embeddable":true,"href":"https:\/\/podkarpacka.iarp.pl\/index.php?rest_route=\/wp\/v2\/users\/6"}],"replies":[{"embeddable":true,"href":"https:\/\/podkarpacka.iarp.pl\/index.php?rest_route=%2Fwp%2Fv2%2Fcomments&post=6656"}],"version-history":[{"count":1,"href":"https:\/\/podkarpacka.iarp.pl\/index.php?rest_route=\/wp\/v2\/posts\/6656\/revisions"}],"predecessor-version":[{"id":6657,"href":"https:\/\/podkarpacka.iarp.pl\/index.php?rest_route=\/wp\/v2\/posts\/6656\/revisions\/6657"}],"wp:featuredmedia":[{"embeddable":true,"href":"https:\/\/podkarpacka.iarp.pl\/index.php?rest_route=\/wp\/v2\/media\/4549"}],"wp:attachment":[{"href":"https:\/\/podkarpacka.iarp.pl\/index.php?rest_route=%2Fwp%2Fv2%2Fmedia&parent=6656"}],"wp:term":[{"taxonomy":"category","embeddable":true,"href":"https:\/\/podkarpacka.iarp.pl\/index.php?rest_route=%2Fwp%2Fv2%2Fcategories&post=6656"},{"taxonomy":"post_tag","embeddable":true,"href":"https:\/\/podkarpacka.iarp.pl\/index.php?rest_route=%2Fwp%2Fv2%2Ftags&post=6656"}],"curies":[{"name":"wp","href":"https:\/\/api.w.org\/{rel}","templated":true}]}}