{"id":6659,"date":"2024-04-29T12:09:52","date_gmt":"2024-04-29T10:09:52","guid":{"rendered":"https:\/\/podkarpacka.iarp.pl\/?p=6659"},"modified":"2024-04-29T12:09:52","modified_gmt":"2024-04-29T10:09:52","slug":"dodatkowy-termin-szkolenia-pt-analiza-czasu-naslonecznienia-07-05-2024","status":"publish","type":"post","link":"https:\/\/podkarpacka.iarp.pl\/?p=6659","title":{"rendered":"Dodatkowy termin szkolenia pt. &#8220;Analiza czasu nas\u0142onecznienia&#8221; &#8211; 07.05.2024"},"content":{"rendered":"<p>Ju\u017c 7\u00a0maja ponownie odb\u0119dzie si\u0119 szkolenie z analizy czasu nas\u0142onecznienia, zorganizowane dla os\u00f3b z listy rezerwowej, kt\u00f3rym nie uda\u0142o si\u0119 wzi\u0105\u0107 udzia\u0142u w pierwszym terminie. B\u0119d\u0105 r\u00f3wnie\u017c dodatkowe zapisy, kt\u00f3re rusz\u0105 na pocz\u0105tku przysz\u0142ego tygodnia. Wszystkich zainteresowanych zach\u0119camy do \u015bledzenia\u00a0informacji!<\/p>\n","protected":false},"excerpt":{"rendered":"<p>Ju\u017c 7\u00a0maja ponownie odb\u0119dzie si\u0119 szkolenie z analizy czasu nas\u0142onecznienia, zorganizowane dla os\u00f3b z listy rezerwowej, kt\u00f3rym nie uda\u0142o si\u0119 wzi\u0105\u0107 udzia\u0142u w pierwszym terminie. B\u0119d\u0105 r\u00f3wnie\u017c dodatkowe zapisy, kt\u00f3re rusz\u0105 na pocz\u0105tku przysz\u0142ego tygodnia. Wszystkich zainteresowanych zach\u0119camy do \u015bledzenia\u00a0informacji!<\/p>\n","protected":false},"author":6,"featured_media":6660,"comment_status":"closed","ping_status":"open","sticky":false,"template":"","format":"standard","meta":{"footnotes":""},"categories":[57],"tags":[],"class_list":["post-6659","post","type-post","status-publish","format-standard","has-post-thumbnail","hentry","category-szkolenia"],"publishpress_future_action":{"enabled":false,"date":"2026-05-04 22:47:53","action":"change-status","newStatus":"draft","terms":[],"taxonomy":"category","extraData":[]},"publishpress_future_workflow_manual_trigger":{"enabledWorkflows":[]},"_links":{"self":[{"href":"https:\/\/podkarpacka.iarp.pl\/index.php?rest_route=\/wp\/v2\/posts\/6659","targetHints":{"allow":["GET"]}}],"collection":[{"href":"https:\/\/podkarpacka.iarp.pl\/index.php?rest_route=\/wp\/v2\/posts"}],"about":[{"href":"https:\/\/podkarpacka.iarp.pl\/index.php?rest_route=\/wp\/v2\/types\/post"}],"author":[{"embeddable":true,"href":"https:\/\/podkarpacka.iarp.pl\/index.php?rest_route=\/wp\/v2\/users\/6"}],"replies":[{"embeddable":true,"href":"https:\/\/podkarpacka.iarp.pl\/index.php?rest_route=%2Fwp%2Fv2%2Fcomments&post=6659"}],"version-history":[{"count":2,"href":"https:\/\/podkarpacka.iarp.pl\/index.php?rest_route=\/wp\/v2\/posts\/6659\/revisions"}],"predecessor-version":[{"id":6662,"href":"https:\/\/podkarpacka.iarp.pl\/index.php?rest_route=\/wp\/v2\/posts\/6659\/revisions\/6662"}],"wp:featuredmedia":[{"embeddable":true,"href":"https:\/\/podkarpacka.iarp.pl\/index.php?rest_route=\/wp\/v2\/media\/6660"}],"wp:attachment":[{"href":"https:\/\/podkarpacka.iarp.pl\/index.php?rest_route=%2Fwp%2Fv2%2Fmedia&parent=6659"}],"wp:term":[{"taxonomy":"category","embeddable":true,"href":"https:\/\/podkarpacka.iarp.pl\/index.php?rest_route=%2Fwp%2Fv2%2Fcategories&post=6659"},{"taxonomy":"post_tag","embeddable":true,"href":"https:\/\/podkarpacka.iarp.pl\/index.php?rest_route=%2Fwp%2Fv2%2Ftags&post=6659"}],"curies":[{"name":"wp","href":"https:\/\/api.w.org\/{rel}","templated":true}]}}