{"id":6665,"date":"2024-05-08T09:10:22","date_gmt":"2024-05-08T07:10:22","guid":{"rendered":"https:\/\/podkarpacka.iarp.pl\/?p=6665"},"modified":"2024-05-08T09:10:22","modified_gmt":"2024-05-08T07:10:22","slug":"szkolenie-pt-planowanie-przestrzenne-rewolucja-17-05-2024","status":"publish","type":"post","link":"https:\/\/podkarpacka.iarp.pl\/?p=6665","title":{"rendered":"Szkolenie pt. &#8220;Planowanie przestrzenne &#8211; rewolucja&#8221; &#8211; 17.05.2024"},"content":{"rendered":"<div>Kole\u017canki i Koledzy,<\/div>\n<div>Podkarpacka Okr\u0119gowa Izba Architekt\u00f3w RP serdecznie zaprasza swoich cz\u0142onk\u00f3w na nadchodz\u0105ce szkolenie certyfikowane. Szkolenie b\u0119dzie dotyczy\u0142o rewolucji w planowaniu przestrzennym w zwi\u0105zku z nowelizacj\u0105 Ustawy o planowaniu i zagospodarowaniu przestrzennym i wp\u0142ywem wprowadzonych zmian na procesy inwestycyjne.<\/p>\n<p><img decoding=\"async\" class=\"an1\" draggable=\"false\" src=\"https:\/\/fonts.gstatic.com\/s\/e\/notoemoji\/15.0\/1f4cd\/32.png\" alt=\"\ud83d\udccd\" data-emoji=\"\ud83d\udccd\" aria-label=\"\ud83d\udccd\" \/>Miejsce szkolenia: WA\u017bNA INFORMACJA &#8211; Szkolenie odb\u0119dzie si\u0119 tym razem w Zespole Plac\u00f3wek O\u015bwiatowych w \u0141a\u0144cucie przy ul. Armii Krajowej 51D.<br \/>\n<img decoding=\"async\" class=\"an1\" draggable=\"false\" src=\"https:\/\/fonts.gstatic.com\/s\/e\/notoemoji\/15.0\/1f4c5\/32.png\" alt=\"\ud83d\udcc5\" data-emoji=\"\ud83d\udcc5\" aria-label=\"\ud83d\udcc5\" \/>\u00a0Termin szkolenia: 17 maja,\u00a0godzina:\u00a013:40.<\/div>\n<div>Zach\u0119camy do zapis\u00f3w!<\/div>\n","protected":false},"excerpt":{"rendered":"<p>Kole\u017canki i Koledzy, Podkarpacka Okr\u0119gowa Izba Architekt\u00f3w RP serdecznie zaprasza swoich cz\u0142onk\u00f3w na nadchodz\u0105ce szkolenie certyfikowane. Szkolenie b\u0119dzie dotyczy\u0142o rewolucji w planowaniu przestrzennym w zwi\u0105zku z nowelizacj\u0105 Ustawy o planowaniu i zagospodarowaniu przestrzennym i wp\u0142ywem wprowadzonych zmian na procesy inwestycyjne. Miejsce szkolenia: WA\u017bNA INFORMACJA &#8211; Szkolenie odb\u0119dzie si\u0119 tym razem w Zespole Plac\u00f3wek O\u015bwiatowych w [&hellip;]<\/p>\n","protected":false},"author":6,"featured_media":4551,"comment_status":"closed","ping_status":"open","sticky":false,"template":"","format":"standard","meta":{"footnotes":""},"categories":[57],"tags":[],"class_list":["post-6665","post","type-post","status-publish","format-standard","has-post-thumbnail","hentry","category-szkolenia"],"publishpress_future_action":{"enabled":false,"date":"2026-05-04 22:47:34","action":"change-status","newStatus":"draft","terms":[],"taxonomy":"category","extraData":[]},"publishpress_future_workflow_manual_trigger":{"enabledWorkflows":[]},"_links":{"self":[{"href":"https:\/\/podkarpacka.iarp.pl\/index.php?rest_route=\/wp\/v2\/posts\/6665","targetHints":{"allow":["GET"]}}],"collection":[{"href":"https:\/\/podkarpacka.iarp.pl\/index.php?rest_route=\/wp\/v2\/posts"}],"about":[{"href":"https:\/\/podkarpacka.iarp.pl\/index.php?rest_route=\/wp\/v2\/types\/post"}],"author":[{"embeddable":true,"href":"https:\/\/podkarpacka.iarp.pl\/index.php?rest_route=\/wp\/v2\/users\/6"}],"replies":[{"embeddable":true,"href":"https:\/\/podkarpacka.iarp.pl\/index.php?rest_route=%2Fwp%2Fv2%2Fcomments&post=6665"}],"version-history":[{"count":1,"href":"https:\/\/podkarpacka.iarp.pl\/index.php?rest_route=\/wp\/v2\/posts\/6665\/revisions"}],"predecessor-version":[{"id":6666,"href":"https:\/\/podkarpacka.iarp.pl\/index.php?rest_route=\/wp\/v2\/posts\/6665\/revisions\/6666"}],"wp:featuredmedia":[{"embeddable":true,"href":"https:\/\/podkarpacka.iarp.pl\/index.php?rest_route=\/wp\/v2\/media\/4551"}],"wp:attachment":[{"href":"https:\/\/podkarpacka.iarp.pl\/index.php?rest_route=%2Fwp%2Fv2%2Fmedia&parent=6665"}],"wp:term":[{"taxonomy":"category","embeddable":true,"href":"https:\/\/podkarpacka.iarp.pl\/index.php?rest_route=%2Fwp%2Fv2%2Fcategories&post=6665"},{"taxonomy":"post_tag","embeddable":true,"href":"https:\/\/podkarpacka.iarp.pl\/index.php?rest_route=%2Fwp%2Fv2%2Ftags&post=6665"}],"curies":[{"name":"wp","href":"https:\/\/api.w.org\/{rel}","templated":true}]}}