{"id":6668,"date":"2024-05-16T12:29:39","date_gmt":"2024-05-16T10:29:39","guid":{"rendered":"https:\/\/podkarpacka.iarp.pl\/?p=6668"},"modified":"2024-05-16T12:33:55","modified_gmt":"2024-05-16T10:33:55","slug":"szkolenie-pt-planowanie-przestrzenne-rewolucja-przypomnienie-o-zapisach","status":"publish","type":"post","link":"https:\/\/podkarpacka.iarp.pl\/?p=6668","title":{"rendered":"Szkolenie pt. &#8220;Planowanie przestrzenne &#8211; rewolucja&#8221; &#8211; przypomnienie o zapisach"},"content":{"rendered":"<p>Kole\u017canki i Koledzy!<br \/>\nPrzypominamy o zapisach na organizowane w najbli\u017cszy pi\u0105tek &#8211; 17 maja szkolenie pn. Planowanie przestrzenne &#8211; rewolucja. Wci\u0105\u017c s\u0105 jeszcze wolne miejsca na to wydarzenie. Szkolenie rozpocznie si\u0119 o godzinie 13.40 w Zespole Plac\u00f3wek O\u015bwiatowych w \u0141a\u0144cucie przy ul. Armii Krajowej 51D.<\/p>\n","protected":false},"excerpt":{"rendered":"<p>Kole\u017canki i Koledzy! Przypominamy o zapisach na organizowane w najbli\u017cszy pi\u0105tek &#8211; 17 maja szkolenie pn. Planowanie przestrzenne &#8211; rewolucja. Wci\u0105\u017c s\u0105 jeszcze wolne miejsca na to wydarzenie. Szkolenie rozpocznie si\u0119 o godzinie 13.40 w Zespole Plac\u00f3wek O\u015bwiatowych w \u0141a\u0144cucie przy ul. Armii Krajowej 51D.<\/p>\n","protected":false},"author":6,"featured_media":4551,"comment_status":"closed","ping_status":"open","sticky":false,"template":"","format":"standard","meta":{"footnotes":""},"categories":[57],"tags":[],"class_list":["post-6668","post","type-post","status-publish","format-standard","has-post-thumbnail","hentry","category-szkolenia"],"publishpress_future_action":{"enabled":false,"date":"2026-05-04 22:47:33","action":"change-status","newStatus":"draft","terms":[],"taxonomy":"category","extraData":[]},"publishpress_future_workflow_manual_trigger":{"enabledWorkflows":[]},"_links":{"self":[{"href":"https:\/\/podkarpacka.iarp.pl\/index.php?rest_route=\/wp\/v2\/posts\/6668","targetHints":{"allow":["GET"]}}],"collection":[{"href":"https:\/\/podkarpacka.iarp.pl\/index.php?rest_route=\/wp\/v2\/posts"}],"about":[{"href":"https:\/\/podkarpacka.iarp.pl\/index.php?rest_route=\/wp\/v2\/types\/post"}],"author":[{"embeddable":true,"href":"https:\/\/podkarpacka.iarp.pl\/index.php?rest_route=\/wp\/v2\/users\/6"}],"replies":[{"embeddable":true,"href":"https:\/\/podkarpacka.iarp.pl\/index.php?rest_route=%2Fwp%2Fv2%2Fcomments&post=6668"}],"version-history":[{"count":1,"href":"https:\/\/podkarpacka.iarp.pl\/index.php?rest_route=\/wp\/v2\/posts\/6668\/revisions"}],"predecessor-version":[{"id":6669,"href":"https:\/\/podkarpacka.iarp.pl\/index.php?rest_route=\/wp\/v2\/posts\/6668\/revisions\/6669"}],"wp:featuredmedia":[{"embeddable":true,"href":"https:\/\/podkarpacka.iarp.pl\/index.php?rest_route=\/wp\/v2\/media\/4551"}],"wp:attachment":[{"href":"https:\/\/podkarpacka.iarp.pl\/index.php?rest_route=%2Fwp%2Fv2%2Fmedia&parent=6668"}],"wp:term":[{"taxonomy":"category","embeddable":true,"href":"https:\/\/podkarpacka.iarp.pl\/index.php?rest_route=%2Fwp%2Fv2%2Fcategories&post=6668"},{"taxonomy":"post_tag","embeddable":true,"href":"https:\/\/podkarpacka.iarp.pl\/index.php?rest_route=%2Fwp%2Fv2%2Ftags&post=6668"}],"curies":[{"name":"wp","href":"https:\/\/api.w.org\/{rel}","templated":true}]}}