{"id":6671,"date":"2024-06-04T16:42:27","date_gmt":"2024-06-04T14:42:27","guid":{"rendered":"https:\/\/podkarpacka.iarp.pl\/?p=6671"},"modified":"2024-06-04T16:42:27","modified_gmt":"2024-06-04T14:42:27","slug":"debata-na-temat-nowelizacji-warunkow-technicznych","status":"publish","type":"post","link":"https:\/\/podkarpacka.iarp.pl\/?p=6671","title":{"rendered":"Debata na temat nowelizacji warunk\u00f3w technicznych"},"content":{"rendered":"<p>Zapraszam serdecznie Kole\u017canki i Koleg\u00f3w do przyj\u015bcia i wzi\u0119cia udzia\u0142u w dyskusji!<\/p>\n<p>&nbsp;<\/p>\n<p><a href=\"https:\/\/podkarpacka.iarp.pl\/wp-content\/uploads\/2024\/06\/plakat-2-scaled.jpg\"><img loading=\"lazy\" decoding=\"async\" class=\"aligncenter size-large wp-image-6672\" src=\"https:\/\/podkarpacka.iarp.pl\/wp-content\/uploads\/2024\/06\/plakat-2-scaled-1024x724.jpg\" alt=\"\" width=\"770\" height=\"544\" srcset=\"https:\/\/podkarpacka.iarp.pl\/wp-content\/uploads\/2024\/06\/plakat-2-scaled-1024x724.jpg 1024w, https:\/\/podkarpacka.iarp.pl\/wp-content\/uploads\/2024\/06\/plakat-2-scaled-300x212.jpg 300w, https:\/\/podkarpacka.iarp.pl\/wp-content\/uploads\/2024\/06\/plakat-2-768x543.jpg 768w, https:\/\/podkarpacka.iarp.pl\/wp-content\/uploads\/2024\/06\/plakat-2-1536x1086.jpg 1536w, https:\/\/podkarpacka.iarp.pl\/wp-content\/uploads\/2024\/06\/plakat-2-2048x1448.jpg 2048w, https:\/\/podkarpacka.iarp.pl\/wp-content\/uploads\/2024\/06\/plakat-2-scaled-600x424.jpg 600w\" sizes=\"auto, (max-width: 770px) 100vw, 770px\" \/><\/a><\/p>\n","protected":false},"excerpt":{"rendered":"<p>Zapraszam serdecznie Kole\u017canki i Koleg\u00f3w do przyj\u015bcia i wzi\u0119cia udzia\u0142u w dyskusji! &nbsp;<\/p>\n","protected":false},"author":6,"featured_media":6672,"comment_status":"closed","ping_status":"open","sticky":false,"template":"","format":"standard","meta":{"footnotes":""},"categories":[55],"tags":[],"class_list":["post-6671","post","type-post","status-publish","format-standard","has-post-thumbnail","hentry","category-wydarzenia"],"publishpress_future_action":{"enabled":false,"date":"2026-05-05 16:49:40","action":"change-status","newStatus":"draft","terms":[],"taxonomy":"category","extraData":[]},"publishpress_future_workflow_manual_trigger":{"enabledWorkflows":[]},"_links":{"self":[{"href":"https:\/\/podkarpacka.iarp.pl\/index.php?rest_route=\/wp\/v2\/posts\/6671","targetHints":{"allow":["GET"]}}],"collection":[{"href":"https:\/\/podkarpacka.iarp.pl\/index.php?rest_route=\/wp\/v2\/posts"}],"about":[{"href":"https:\/\/podkarpacka.iarp.pl\/index.php?rest_route=\/wp\/v2\/types\/post"}],"author":[{"embeddable":true,"href":"https:\/\/podkarpacka.iarp.pl\/index.php?rest_route=\/wp\/v2\/users\/6"}],"replies":[{"embeddable":true,"href":"https:\/\/podkarpacka.iarp.pl\/index.php?rest_route=%2Fwp%2Fv2%2Fcomments&post=6671"}],"version-history":[{"count":1,"href":"https:\/\/podkarpacka.iarp.pl\/index.php?rest_route=\/wp\/v2\/posts\/6671\/revisions"}],"predecessor-version":[{"id":6673,"href":"https:\/\/podkarpacka.iarp.pl\/index.php?rest_route=\/wp\/v2\/posts\/6671\/revisions\/6673"}],"wp:featuredmedia":[{"embeddable":true,"href":"https:\/\/podkarpacka.iarp.pl\/index.php?rest_route=\/wp\/v2\/media\/6672"}],"wp:attachment":[{"href":"https:\/\/podkarpacka.iarp.pl\/index.php?rest_route=%2Fwp%2Fv2%2Fmedia&parent=6671"}],"wp:term":[{"taxonomy":"category","embeddable":true,"href":"https:\/\/podkarpacka.iarp.pl\/index.php?rest_route=%2Fwp%2Fv2%2Fcategories&post=6671"},{"taxonomy":"post_tag","embeddable":true,"href":"https:\/\/podkarpacka.iarp.pl\/index.php?rest_route=%2Fwp%2Fv2%2Ftags&post=6671"}],"curies":[{"name":"wp","href":"https:\/\/api.w.org\/{rel}","templated":true}]}}