{"id":6675,"date":"2024-06-21T17:13:38","date_gmt":"2024-06-21T15:13:38","guid":{"rendered":"https:\/\/podkarpacka.iarp.pl\/?p=6675"},"modified":"2024-06-21T17:13:38","modified_gmt":"2024-06-21T15:13:38","slug":"rejestracja-na-szkolenie-debata-iarp-dotyczaca-nowelizacji-rozporzadzenia-w-sprawie-warunkow-technicznych-jakim-powinny-odpowiadac-budynki-i-ich-usytuowanie","status":"publish","type":"post","link":"https:\/\/podkarpacka.iarp.pl\/?p=6675","title":{"rendered":"REJESTRACJA na szkolenie: Debata IARP dotycz\u0105ca nowelizacji rozporz\u0105dzenia w sprawie warunk\u00f3w technicznych, jakim powinny odpowiada\u0107 budynki i ich usytuowanie."},"content":{"rendered":"<p>Kole\u017canki i Koledzy!<\/p>\n<p>przypominamy i serdecznie zapraszamy wszystkich swoich cz\u0142onk\u00f3w na debat\u0119 IARP dotycz\u0105c\u0105 nowelizacji rozporz\u0105dzenia w sprawie warunk\u00f3w technicznych, jakim powinny odpowiada\u0107 budynki i ich usytuowanie.<\/p>\n<p><img decoding=\"async\" class=\"an1\" draggable=\"false\" src=\"https:\/\/fonts.gstatic.com\/s\/e\/notoemoji\/15.0\/1f4cd\/32.png\" alt=\"\ud83d\udccd\" data-emoji=\"\ud83d\udccd\" aria-label=\"\ud83d\udccd\" \/>\u00a027 czerwca o godzinie 16:00,<br \/>\n<img decoding=\"async\" class=\"an1\" draggable=\"false\" src=\"https:\/\/fonts.gstatic.com\/s\/e\/notoemoji\/15.0\/1f4cd\/32.png\" alt=\"\ud83d\udccd\" data-emoji=\"\ud83d\udccd\" aria-label=\"\ud83d\udccd\" \/>\u00a0w siedzibie PKOIA RP, Rynek 8 w Rzeszowie<\/p>\n<p><img decoding=\"async\" class=\"an1\" draggable=\"false\" src=\"https:\/\/fonts.gstatic.com\/s\/e\/notoemoji\/15.0\/1f449\/32.png\" alt=\"\ud83d\udc49\" data-emoji=\"\ud83d\udc49\" aria-label=\"\ud83d\udc49\" \/>\u00a0Program szkolenia oraz link do rejestracji:<br \/>\n<a href=\"https:\/\/szkolenia.iarp.pl\/szkolenie\/1434\" target=\"_blank\" rel=\"noopener\" data-saferedirecturl=\"https:\/\/www.google.com\/url?q=https:\/\/szkolenia.iarp.pl\/szkolenie\/1434&amp;source=gmail&amp;ust=1719037308238000&amp;usg=AOvVaw3p2LWEiwA2EJWh0JBoFCjS\">https:\/\/szkolenia.iarp.pl\/<wbr \/>szkolenie\/1434<\/a><\/p>\n<p>Spotkanie jest dedykowane dla wszystkich architekt\u00f3w IARP, dotykaj\u0105cych problematyki projektowej, chc\u0105cych pozna\u0107 do\u015bwiadczenia innych, a tak\u017ce przedstawi\u0107 w\u0142asne przemy\u015blenia.<\/p>\n<p>P.S. Owoce pracy podrzeszowskiej ekologicznej winnicy Winnice Pradoliny nie tylko dodadz\u0105 smaku naszemu spotkaniu, ale tak\u017ce pos\u0142u\u017c\u0105 u\u0142atwieniu konwersacji, wp\u0142yn\u0105 na jako\u015b\u0107 przep\u0142ywu my\u015bli oraz otworz\u0105 oczy na merytoryczne kwestie omawianych temat\u00f3w. Dodatkowo, b\u0119d\u0105 stanowi\u0142y solidn\u0105 podstaw\u0119 integracyjnego charakteru spotkania, sprzyjaj\u0105c atmosferze wsp\u00f3\u0142pracy i porozumienia.&#8221;\u00a0<img decoding=\"async\" class=\"an1\" draggable=\"false\" src=\"https:\/\/fonts.gstatic.com\/s\/e\/notoemoji\/15.0\/1f377\/32.png\" alt=\"\ud83c\udf77\" data-emoji=\"\ud83c\udf77\" aria-label=\"\ud83c\udf77\" \/><img decoding=\"async\" class=\"an1\" draggable=\"false\" src=\"https:\/\/fonts.gstatic.com\/s\/e\/notoemoji\/15.0\/1f377\/32.png\" alt=\"\ud83c\udf77\" data-emoji=\"\ud83c\udf77\" aria-label=\"\ud83c\udf77\" \/><img decoding=\"async\" class=\"an1\" draggable=\"false\" src=\"https:\/\/fonts.gstatic.com\/s\/e\/notoemoji\/15.0\/1f377\/32.png\" alt=\"\ud83c\udf77\" data-emoji=\"\ud83c\udf77\" aria-label=\"\ud83c\udf77\" \/><\/p>\n","protected":false},"excerpt":{"rendered":"<p>Kole\u017canki i Koledzy! przypominamy i serdecznie zapraszamy wszystkich swoich cz\u0142onk\u00f3w na debat\u0119 IARP dotycz\u0105c\u0105 nowelizacji rozporz\u0105dzenia w sprawie warunk\u00f3w technicznych, jakim powinny odpowiada\u0107 budynki i ich usytuowanie. \u00a027 czerwca o godzinie 16:00, \u00a0w siedzibie PKOIA RP, Rynek 8 w Rzeszowie \u00a0Program szkolenia oraz link do rejestracji: https:\/\/szkolenia.iarp.pl\/szkolenie\/1434 Spotkanie jest dedykowane dla wszystkich architekt\u00f3w IARP, dotykaj\u0105cych [&hellip;]<\/p>\n","protected":false},"author":6,"featured_media":6672,"comment_status":"closed","ping_status":"open","sticky":false,"template":"","format":"standard","meta":{"footnotes":""},"categories":[57],"tags":[],"class_list":["post-6675","post","type-post","status-publish","format-standard","has-post-thumbnail","hentry","category-szkolenia"],"publishpress_future_action":{"enabled":false,"date":"2026-05-04 22:47:20","action":"change-status","newStatus":"draft","terms":[],"taxonomy":"category","extraData":[]},"publishpress_future_workflow_manual_trigger":{"enabledWorkflows":[]},"_links":{"self":[{"href":"https:\/\/podkarpacka.iarp.pl\/index.php?rest_route=\/wp\/v2\/posts\/6675","targetHints":{"allow":["GET"]}}],"collection":[{"href":"https:\/\/podkarpacka.iarp.pl\/index.php?rest_route=\/wp\/v2\/posts"}],"about":[{"href":"https:\/\/podkarpacka.iarp.pl\/index.php?rest_route=\/wp\/v2\/types\/post"}],"author":[{"embeddable":true,"href":"https:\/\/podkarpacka.iarp.pl\/index.php?rest_route=\/wp\/v2\/users\/6"}],"replies":[{"embeddable":true,"href":"https:\/\/podkarpacka.iarp.pl\/index.php?rest_route=%2Fwp%2Fv2%2Fcomments&post=6675"}],"version-history":[{"count":1,"href":"https:\/\/podkarpacka.iarp.pl\/index.php?rest_route=\/wp\/v2\/posts\/6675\/revisions"}],"predecessor-version":[{"id":6676,"href":"https:\/\/podkarpacka.iarp.pl\/index.php?rest_route=\/wp\/v2\/posts\/6675\/revisions\/6676"}],"wp:featuredmedia":[{"embeddable":true,"href":"https:\/\/podkarpacka.iarp.pl\/index.php?rest_route=\/wp\/v2\/media\/6672"}],"wp:attachment":[{"href":"https:\/\/podkarpacka.iarp.pl\/index.php?rest_route=%2Fwp%2Fv2%2Fmedia&parent=6675"}],"wp:term":[{"taxonomy":"category","embeddable":true,"href":"https:\/\/podkarpacka.iarp.pl\/index.php?rest_route=%2Fwp%2Fv2%2Fcategories&post=6675"},{"taxonomy":"post_tag","embeddable":true,"href":"https:\/\/podkarpacka.iarp.pl\/index.php?rest_route=%2Fwp%2Fv2%2Ftags&post=6675"}],"curies":[{"name":"wp","href":"https:\/\/api.w.org\/{rel}","templated":true}]}}