{"id":6694,"date":"2024-07-23T12:56:48","date_gmt":"2024-07-23T10:56:48","guid":{"rendered":"https:\/\/podkarpacka.iarp.pl\/?p=6694"},"modified":"2024-07-23T12:57:23","modified_gmt":"2024-07-23T10:57:23","slug":"archicafe-26-07-2024-r","status":"publish","type":"post","link":"https:\/\/podkarpacka.iarp.pl\/?p=6694","title":{"rendered":"&#8220;ArchiCafe&#8221; 26.07.2024 r."},"content":{"rendered":"<div dir=\"auto\">Drogie Kole\u017canki i Drodzy Koledzy Architekci!<\/div>\n<div dir=\"auto\"><\/div>\n<div dir=\"auto\">Razem z\u00a0<a role=\"link\" href=\"https:\/\/www.facebook.com\/pkoia.rp?__cft__[0]=AZW8o50En2x_BgDihcKIk6Z7YoVJjpcNEdXN666DGNgL6Pf4GJl7JPj4LCRVH05m1uB1Tzbp6zZwicbo0WqOAb3PKBgVwmPt3qBSVDG4koRC0ReWJei49BjuDT0P5N5oImIEwkcjf-JUCROPR2CsUbNJqgFgLc3HteECXp58f9zKcVHWA0ki1sS9Sw3HbuKLQ4nKEJNxPgVgqWRNFc1F972IKHB6ZTPRzgnvGE2XmANmzlrCYMD2FGv1ByHwG8m4OOo&amp;__tn__=-]K-y-R\" target=\"_blank\" rel=\"noopener\" data-saferedirecturl=\"https:\/\/www.google.com\/url?q=https:\/\/www.facebook.com\/pkoia.rp?__cft__%5B0%5D%3DAZW8o50En2x_BgDihcKIk6Z7YoVJjpcNEdXN666DGNgL6Pf4GJl7JPj4LCRVH05m1uB1Tzbp6zZwicbo0WqOAb3PKBgVwmPt3qBSVDG4koRC0ReWJei49BjuDT0P5N5oImIEwkcjf-JUCROPR2CsUbNJqgFgLc3HteECXp58f9zKcVHWA0ki1sS9Sw3HbuKLQ4nKEJNxPgVgqWRNFc1F972IKHB6ZTPRzgnvGE2XmANmzlrCYMD2FGv1ByHwG8m4OOo%26__tn__%3D-%5DK-y-R&amp;source=gmail&amp;ust=1721817323110000&amp;usg=AOvVaw2DYNxhGt2q8PurJezKZfPl\">S<\/a>ARP Rzesz\u00f3w\u00a0zapraszamy na &#8220;ArchiCafe&#8221;, czyli cykl comiesi\u0119cznych spotka\u0144 integracyjnych dla\u00a0cz\u0142onk\u00f3w SARP i IARP. &#8220;ArchiCafe&#8221; b\u0119dzie doskona\u0142\u0105 okazj\u0105 do budowania spo\u0142eczno\u015bci, wymiany pomys\u0142\u00f3w i nawi\u0105zywania nowych kontakt\u00f3w w bardziej nieformalnej atmosferze. Na pierwsze spotkanie zapraszamy 26.07.2024 r. (pi\u0105tek) na godzin\u0119 18.00 do siedziby SARP O\/Rzesz\u00f3w i PKOIA RP: Rynek 8, 35-064 Rzesz\u00f3w. Podczas pierwszego &#8220;ArchiCafe&#8221; Kolega Maciej Trybus podzieli si\u0119 z nami wra\u017ceniami i fotorelacj\u0105 z wyprawy do Japonii.<\/div>\n<div dir=\"auto\"><\/div>\n<div dir=\"auto\"><a href=\"https:\/\/podkarpacka.iarp.pl\/wp-content\/uploads\/2024\/07\/Archi-Cafe-Grafika-w-tle-wydarzenia.png\" target=\"_blank\" rel=\"noopener\"><img loading=\"lazy\" decoding=\"async\" class=\"aligncenter wp-image-6695 size-large\" src=\"https:\/\/podkarpacka.iarp.pl\/wp-content\/uploads\/2024\/07\/Archi-Cafe-Grafika-w-tle-wydarzenia-1024x536.png\" alt=\"\" width=\"770\" height=\"403\" srcset=\"https:\/\/podkarpacka.iarp.pl\/wp-content\/uploads\/2024\/07\/Archi-Cafe-Grafika-w-tle-wydarzenia-1024x536.png 1024w, https:\/\/podkarpacka.iarp.pl\/wp-content\/uploads\/2024\/07\/Archi-Cafe-Grafika-w-tle-wydarzenia-300x157.png 300w, https:\/\/podkarpacka.iarp.pl\/wp-content\/uploads\/2024\/07\/Archi-Cafe-Grafika-w-tle-wydarzenia-768x402.png 768w, https:\/\/podkarpacka.iarp.pl\/wp-content\/uploads\/2024\/07\/Archi-Cafe-Grafika-w-tle-wydarzenia-1536x804.png 1536w, https:\/\/podkarpacka.iarp.pl\/wp-content\/uploads\/2024\/07\/Archi-Cafe-Grafika-w-tle-wydarzenia-2048x1072.png 2048w, https:\/\/podkarpacka.iarp.pl\/wp-content\/uploads\/2024\/07\/Archi-Cafe-Grafika-w-tle-wydarzenia-600x314.png 600w\" sizes=\"auto, (max-width: 770px) 100vw, 770px\" \/><\/a><\/div>\n","protected":false},"excerpt":{"rendered":"<p>Drogie Kole\u017canki i Drodzy Koledzy Architekci! Razem z\u00a0SARP Rzesz\u00f3w\u00a0zapraszamy na &#8220;ArchiCafe&#8221;, czyli cykl comiesi\u0119cznych spotka\u0144 integracyjnych dla\u00a0cz\u0142onk\u00f3w SARP i IARP. &#8220;ArchiCafe&#8221; b\u0119dzie doskona\u0142\u0105 okazj\u0105 do budowania spo\u0142eczno\u015bci, wymiany pomys\u0142\u00f3w i nawi\u0105zywania nowych kontakt\u00f3w w bardziej nieformalnej atmosferze. Na pierwsze spotkanie zapraszamy 26.07.2024 r. (pi\u0105tek) na godzin\u0119 18.00 do siedziby SARP O\/Rzesz\u00f3w i PKOIA RP: Rynek [&hellip;]<\/p>\n","protected":false},"author":6,"featured_media":6695,"comment_status":"closed","ping_status":"open","sticky":false,"template":"","format":"standard","meta":{"footnotes":""},"categories":[1,55],"tags":[],"class_list":["post-6694","post","type-post","status-publish","format-standard","has-post-thumbnail","hentry","category-bez-kategorii","category-wydarzenia"],"publishpress_future_action":{"enabled":false,"date":"2026-05-05 15:38:30","action":"change-status","newStatus":"draft","terms":[],"taxonomy":"category","extraData":[]},"publishpress_future_workflow_manual_trigger":{"enabledWorkflows":[]},"_links":{"self":[{"href":"https:\/\/podkarpacka.iarp.pl\/index.php?rest_route=\/wp\/v2\/posts\/6694","targetHints":{"allow":["GET"]}}],"collection":[{"href":"https:\/\/podkarpacka.iarp.pl\/index.php?rest_route=\/wp\/v2\/posts"}],"about":[{"href":"https:\/\/podkarpacka.iarp.pl\/index.php?rest_route=\/wp\/v2\/types\/post"}],"author":[{"embeddable":true,"href":"https:\/\/podkarpacka.iarp.pl\/index.php?rest_route=\/wp\/v2\/users\/6"}],"replies":[{"embeddable":true,"href":"https:\/\/podkarpacka.iarp.pl\/index.php?rest_route=%2Fwp%2Fv2%2Fcomments&post=6694"}],"version-history":[{"count":3,"href":"https:\/\/podkarpacka.iarp.pl\/index.php?rest_route=\/wp\/v2\/posts\/6694\/revisions"}],"predecessor-version":[{"id":6698,"href":"https:\/\/podkarpacka.iarp.pl\/index.php?rest_route=\/wp\/v2\/posts\/6694\/revisions\/6698"}],"wp:featuredmedia":[{"embeddable":true,"href":"https:\/\/podkarpacka.iarp.pl\/index.php?rest_route=\/wp\/v2\/media\/6695"}],"wp:attachment":[{"href":"https:\/\/podkarpacka.iarp.pl\/index.php?rest_route=%2Fwp%2Fv2%2Fmedia&parent=6694"}],"wp:term":[{"taxonomy":"category","embeddable":true,"href":"https:\/\/podkarpacka.iarp.pl\/index.php?rest_route=%2Fwp%2Fv2%2Fcategories&post=6694"},{"taxonomy":"post_tag","embeddable":true,"href":"https:\/\/podkarpacka.iarp.pl\/index.php?rest_route=%2Fwp%2Fv2%2Ftags&post=6694"}],"curies":[{"name":"wp","href":"https:\/\/api.w.org\/{rel}","templated":true}]}}