{"id":6699,"date":"2024-07-29T14:52:41","date_gmt":"2024-07-29T12:52:41","guid":{"rendered":"https:\/\/podkarpacka.iarp.pl\/?p=6699"},"modified":"2024-07-29T14:52:41","modified_gmt":"2024-07-29T12:52:41","slug":"zmarl-nasz-kolega-architekt-bartosz-sekowski","status":"publish","type":"post","link":"https:\/\/podkarpacka.iarp.pl\/?p=6699","title":{"rendered":"Zmar\u0142 Nasz Kolega Architekt Bartosz S\u0119kowski"},"content":{"rendered":"<p style=\"font-weight: 400;\">Dzie\u0144 dobry,<\/p>\n<p style=\"font-weight: 400;\">\n<p style=\"font-weight: 400;\">z przykro\u015bci\u0105 zawiadamiamy, \u017ce w pi\u0105tek 26.07.2024 r. w wieku 34 lat zmar\u0142 cz\u0142onek Podkarpackiej Izby Architekt\u00f3w &#8211; mgr in\u017c. arch. Bartosz S\u0119kowski.<\/p>\n<p style=\"font-weight: 400;\">\n<p style=\"font-weight: 400;\">Pogrzeb odb\u0119dzie si\u0119 we wtorek 30.07.2024 w Ko\u015bciele Parafialnym pw. \u015aw. J\u00f3zefa Rzemie\u015blnika w Pustkowie (39-205 Pustk\u00f3w).<\/p>\n<p>&nbsp;<\/p>\n<p><a href=\"https:\/\/podkarpacka.iarp.pl\/wp-content\/uploads\/2024\/07\/bartosz-sekowski-klepsydra.jpg\"><img loading=\"lazy\" decoding=\"async\" class=\"aligncenter size-large wp-image-6700\" src=\"https:\/\/podkarpacka.iarp.pl\/wp-content\/uploads\/2024\/07\/bartosz-sekowski-klepsydra-1024x727.jpg\" alt=\"\" width=\"770\" height=\"547\" srcset=\"https:\/\/podkarpacka.iarp.pl\/wp-content\/uploads\/2024\/07\/bartosz-sekowski-klepsydra-1024x727.jpg 1024w, https:\/\/podkarpacka.iarp.pl\/wp-content\/uploads\/2024\/07\/bartosz-sekowski-klepsydra-300x213.jpg 300w, https:\/\/podkarpacka.iarp.pl\/wp-content\/uploads\/2024\/07\/bartosz-sekowski-klepsydra-768x545.jpg 768w, https:\/\/podkarpacka.iarp.pl\/wp-content\/uploads\/2024\/07\/bartosz-sekowski-klepsydra-1536x1090.jpg 1536w, https:\/\/podkarpacka.iarp.pl\/wp-content\/uploads\/2024\/07\/bartosz-sekowski-klepsydra.jpg 2048w\" sizes=\"auto, (max-width: 770px) 100vw, 770px\" \/><\/a><\/p>\n","protected":false},"excerpt":{"rendered":"<p>Dzie\u0144 dobry, z przykro\u015bci\u0105 zawiadamiamy, \u017ce w pi\u0105tek 26.07.2024 r. w wieku 34 lat zmar\u0142 cz\u0142onek Podkarpackiej Izby Architekt\u00f3w &#8211; mgr in\u017c. arch. Bartosz S\u0119kowski. Pogrzeb odb\u0119dzie si\u0119 we wtorek 30.07.2024 w Ko\u015bciele Parafialnym pw. \u015aw. J\u00f3zefa Rzemie\u015blnika w Pustkowie (39-205 Pustk\u00f3w). &nbsp;<\/p>\n","protected":false},"author":6,"featured_media":4554,"comment_status":"closed","ping_status":"open","sticky":false,"template":"","format":"standard","meta":{"footnotes":""},"categories":[56],"tags":[],"class_list":["post-6699","post","type-post","status-publish","format-standard","has-post-thumbnail","hentry","category-informacje-rady"],"publishpress_future_action":{"enabled":false,"date":"2026-05-08 02:02:22","action":"change-status","newStatus":"draft","terms":[],"taxonomy":"category","extraData":[]},"publishpress_future_workflow_manual_trigger":{"enabledWorkflows":[]},"_links":{"self":[{"href":"https:\/\/podkarpacka.iarp.pl\/index.php?rest_route=\/wp\/v2\/posts\/6699","targetHints":{"allow":["GET"]}}],"collection":[{"href":"https:\/\/podkarpacka.iarp.pl\/index.php?rest_route=\/wp\/v2\/posts"}],"about":[{"href":"https:\/\/podkarpacka.iarp.pl\/index.php?rest_route=\/wp\/v2\/types\/post"}],"author":[{"embeddable":true,"href":"https:\/\/podkarpacka.iarp.pl\/index.php?rest_route=\/wp\/v2\/users\/6"}],"replies":[{"embeddable":true,"href":"https:\/\/podkarpacka.iarp.pl\/index.php?rest_route=%2Fwp%2Fv2%2Fcomments&post=6699"}],"version-history":[{"count":1,"href":"https:\/\/podkarpacka.iarp.pl\/index.php?rest_route=\/wp\/v2\/posts\/6699\/revisions"}],"predecessor-version":[{"id":6701,"href":"https:\/\/podkarpacka.iarp.pl\/index.php?rest_route=\/wp\/v2\/posts\/6699\/revisions\/6701"}],"wp:featuredmedia":[{"embeddable":true,"href":"https:\/\/podkarpacka.iarp.pl\/index.php?rest_route=\/wp\/v2\/media\/4554"}],"wp:attachment":[{"href":"https:\/\/podkarpacka.iarp.pl\/index.php?rest_route=%2Fwp%2Fv2%2Fmedia&parent=6699"}],"wp:term":[{"taxonomy":"category","embeddable":true,"href":"https:\/\/podkarpacka.iarp.pl\/index.php?rest_route=%2Fwp%2Fv2%2Fcategories&post=6699"},{"taxonomy":"post_tag","embeddable":true,"href":"https:\/\/podkarpacka.iarp.pl\/index.php?rest_route=%2Fwp%2Fv2%2Ftags&post=6699"}],"curies":[{"name":"wp","href":"https:\/\/api.w.org\/{rel}","templated":true}]}}