{"id":6709,"date":"2024-08-28T16:28:57","date_gmt":"2024-08-28T14:28:57","guid":{"rendered":"https:\/\/podkarpacka.iarp.pl\/?p=6709"},"modified":"2024-08-28T16:30:31","modified_gmt":"2024-08-28T14:30:31","slug":"archi-cafe-30-08-2024-r","status":"publish","type":"post","link":"https:\/\/podkarpacka.iarp.pl\/?p=6709","title":{"rendered":"\u201eArchi Cafe\u201d 30.08.2024 r."},"content":{"rendered":"<p style=\"font-weight: 400;\">Drodzy Kole\u017canki i Koledzy Architekci!<\/p>\n<p style=\"font-weight: 400;\">Przypominamy o zbli\u017caj\u0105cym si\u0119 spotkaniu z cyklu &#8220;Archi Caf\u00e9&#8221;, kt\u00f3re organizuje Stowarzyszenie Architekt\u00f3w Polskich Oddzia\u0142 Rzesz\u00f3w wraz z Podkarpack\u0105 Okr\u0119gow\u0105 Izb\u0105 Architekt\u00f3w\u00a0 RP, odb\u0119dzie si\u0119 ono w dniu 30.08.2024, o godzinie 17.00 przy\u00a0<a href=\"https:\/\/www.google.com\/maps\/search\/ul.+Rynek+8,+35-064+Rzesz%C3%B3w?entry=gmail&amp;source=g\" data-saferedirecturl=\"https:\/\/www.google.com\/url?q=https:\/\/www.google.com\/maps\/search\/ul.%2BRynek%2B8,%2B35-064%2BRzesz%25C3%25B3w?entry%3Dgmail%26source%3Dg&amp;source=gmail&amp;ust=1724939195569000&amp;usg=AOvVaw0DT3208pqYsCsucsqjhn0p\">ul. Rynek 8, 35-064 Rzesz\u00f3w<\/a>.<\/p>\n<p style=\"font-weight: 400;\">Tym, kt\u00f3rym nie uda\u0142o si\u0119 uczestniczy\u0107 w inauguracyjnym spotkaniu 26 \u2013 lipca przypominamy, \u017ce &#8220;Archi Caf\u00e9&#8221; to cykl comiesi\u0119cznych spotka\u0144 integracyjnych dla cz\u0142onk\u00f3w SARP i IARP,\u00a0pod czas kt\u00f3rych zach\u0119camy uczestnik\u00f3w do wymiany do\u015bwiadcze\u0144, lu\u017anych my\u015bli i spostrze\u017ce\u0144 w bardziej nieformalnej atmosferze. Pierwsze spotkanie by\u0142o bardzo owocne, dlatego liczymy ponownie\u00a0na wysoka frekwencj\u0119.<\/p>\n<p style=\"font-weight: 400;\">Tym razem spotkanie zyska szczeg\u00f3lny charakter, gdy\u017c b\u0119dziemy mieli zaszczyt \u015bwi\u0119towa\u0107\u00a0 90 urodziny naszego najstarszego cz\u0142onka architekta W\u0142adys\u0142awa Boczkaja.<\/p>\n<p style=\"font-weight: 400;\">To wyj\u0105tkowa okazja, aby podzi\u0119kowa\u0107 Mu za wk\u0142ad w rozw\u00f3j architektury oraz za inspiracj\u0119 jaka przez te wszystkie lata stanowi\u0142 dla nas wszystkich.<\/p>\n<p style=\"font-weight: 400;\">Serdecznie zapraszamy!<\/p>\n<p>&nbsp;<\/p>\n<p><a href=\"https:\/\/podkarpacka.iarp.pl\/wp-content\/uploads\/2024\/08\/Archi-Cafe-Post-4x5-Edycja-2.png\"><img loading=\"lazy\" decoding=\"async\" class=\"aligncenter size-large wp-image-6710\" src=\"https:\/\/podkarpacka.iarp.pl\/wp-content\/uploads\/2024\/08\/Archi-Cafe-Post-4x5-Edycja-2-820x1024.png\" alt=\"\" width=\"770\" height=\"962\" srcset=\"https:\/\/podkarpacka.iarp.pl\/wp-content\/uploads\/2024\/08\/Archi-Cafe-Post-4x5-Edycja-2-820x1024.png 820w, https:\/\/podkarpacka.iarp.pl\/wp-content\/uploads\/2024\/08\/Archi-Cafe-Post-4x5-Edycja-2-240x300.png 240w, https:\/\/podkarpacka.iarp.pl\/wp-content\/uploads\/2024\/08\/Archi-Cafe-Post-4x5-Edycja-2-768x960.png 768w, https:\/\/podkarpacka.iarp.pl\/wp-content\/uploads\/2024\/08\/Archi-Cafe-Post-4x5-Edycja-2-1229x1536.png 1229w, https:\/\/podkarpacka.iarp.pl\/wp-content\/uploads\/2024\/08\/Archi-Cafe-Post-4x5-Edycja-2-1639x2048.png 1639w\" sizes=\"auto, (max-width: 770px) 100vw, 770px\" \/><\/a><\/p>\n","protected":false},"excerpt":{"rendered":"<p>Drodzy Kole\u017canki i Koledzy Architekci! Przypominamy o zbli\u017caj\u0105cym si\u0119 spotkaniu z cyklu &#8220;Archi Caf\u00e9&#8221;, kt\u00f3re organizuje Stowarzyszenie Architekt\u00f3w Polskich Oddzia\u0142 Rzesz\u00f3w wraz z Podkarpack\u0105 Okr\u0119gow\u0105 Izb\u0105 Architekt\u00f3w\u00a0 RP, odb\u0119dzie si\u0119 ono w dniu 30.08.2024, o godzinie 17.00 przy\u00a0ul. Rynek 8, 35-064 Rzesz\u00f3w. Tym, kt\u00f3rym nie uda\u0142o si\u0119 uczestniczy\u0107 w inauguracyjnym spotkaniu 26 \u2013 lipca przypominamy, [&hellip;]<\/p>\n","protected":false},"author":6,"featured_media":6712,"comment_status":"closed","ping_status":"open","sticky":false,"template":"","format":"standard","meta":{"footnotes":""},"categories":[55],"tags":[],"class_list":["post-6709","post","type-post","status-publish","format-standard","has-post-thumbnail","hentry","category-wydarzenia"],"publishpress_future_action":{"enabled":false,"date":"2026-05-05 15:38:31","action":"change-status","newStatus":"draft","terms":[],"taxonomy":"category","extraData":[]},"publishpress_future_workflow_manual_trigger":{"enabledWorkflows":[]},"_links":{"self":[{"href":"https:\/\/podkarpacka.iarp.pl\/index.php?rest_route=\/wp\/v2\/posts\/6709","targetHints":{"allow":["GET"]}}],"collection":[{"href":"https:\/\/podkarpacka.iarp.pl\/index.php?rest_route=\/wp\/v2\/posts"}],"about":[{"href":"https:\/\/podkarpacka.iarp.pl\/index.php?rest_route=\/wp\/v2\/types\/post"}],"author":[{"embeddable":true,"href":"https:\/\/podkarpacka.iarp.pl\/index.php?rest_route=\/wp\/v2\/users\/6"}],"replies":[{"embeddable":true,"href":"https:\/\/podkarpacka.iarp.pl\/index.php?rest_route=%2Fwp%2Fv2%2Fcomments&post=6709"}],"version-history":[{"count":3,"href":"https:\/\/podkarpacka.iarp.pl\/index.php?rest_route=\/wp\/v2\/posts\/6709\/revisions"}],"predecessor-version":[{"id":6714,"href":"https:\/\/podkarpacka.iarp.pl\/index.php?rest_route=\/wp\/v2\/posts\/6709\/revisions\/6714"}],"wp:featuredmedia":[{"embeddable":true,"href":"https:\/\/podkarpacka.iarp.pl\/index.php?rest_route=\/wp\/v2\/media\/6712"}],"wp:attachment":[{"href":"https:\/\/podkarpacka.iarp.pl\/index.php?rest_route=%2Fwp%2Fv2%2Fmedia&parent=6709"}],"wp:term":[{"taxonomy":"category","embeddable":true,"href":"https:\/\/podkarpacka.iarp.pl\/index.php?rest_route=%2Fwp%2Fv2%2Fcategories&post=6709"},{"taxonomy":"post_tag","embeddable":true,"href":"https:\/\/podkarpacka.iarp.pl\/index.php?rest_route=%2Fwp%2Fv2%2Ftags&post=6709"}],"curies":[{"name":"wp","href":"https:\/\/api.w.org\/{rel}","templated":true}]}}