{"id":6752,"date":"2024-09-18T10:54:06","date_gmt":"2024-09-18T08:54:06","guid":{"rendered":"https:\/\/podkarpacka.iarp.pl\/?p=6752"},"modified":"2024-09-18T10:54:26","modified_gmt":"2024-09-18T08:54:26","slug":"xiv-edycja-konkursu-dom-moich-marzen","status":"publish","type":"post","link":"https:\/\/podkarpacka.iarp.pl\/?p=6752","title":{"rendered":"XIV EDYCJA KONKURSU &#8220;DOM MOICH MARZE\u0143&#8221;"},"content":{"rendered":"<p>Podkarpacka Okr\u0119gowa Rada Izby Architekt\u00f3w RP serdecznie zaprasza uczni\u00f3w klas IV szk\u00f3\u0142 podstawowych wojew\u00f3dztwa Podkarpackiego do wzi\u0119cia udzia\u0142u w XIV EDYCJI DNIA EDUKACJI ARCHITEKTONICZNEJ!<\/p>\n<p>W miesi\u0105cu pa\u017adzierniku, architekci, cz\u0142onkowie Podkarpackiej Okr\u0119gowej Izby Architekt\u00f3w RP lub prowadz\u0105cy zaj\u0119cia w Szko\u0142ach Podstawowych wojew\u00f3dztwa Podkarpackiego przeprowadz\u0105 prelekcje po\u015bwi\u0119cone architekturze i otaczaj\u0105cej nas przestrzeni.<\/p>\n<p>Uczniowie tych szk\u00f3\u0142 wezm\u0105 udzia\u0142 w organizowanym przez Podkarpack\u0105 Okr\u0119gow\u0105 Rad\u0119 Izby Architekt\u00f3w konkursie DOM MOICH MARZE\u0143, przygotowuj\u0105c podczas zaj\u0119\u0107 plastycznych w\u0142asne rysunki i projekty dom\u00f3w. Wszystkie prace zostan\u0105 ocenione przez s\u0105d konkursowy, z\u0142o\u017cony z architekt\u00f3w wyg\u0142aszaj\u0105cych prelekcje.<br \/>\nNajlepsze prace zostan\u0105 uhonorowane nagrodami!<\/p>\n<p>Organizowane przez nas przedsi\u0119wzi\u0119cie ma na celu edukacj\u0119 najm\u0142odszego pokolenia w zakresie kszta\u0142towania w\u0142a\u015bciwego odbioru otaczaj\u0105cej nas przestrzeni i architektury.<\/p>\n<p>Formularze zg\u0142oszeniowe znajduj\u0105 si\u0119 na dole strony.<\/p>\n<p>Ostateczny termin zg\u0142oszenia szk\u00f3\u0142 do konkursu up\u0142ywa 30 wrze\u015bnia 2024r.<\/p>\n<p>Szczeg\u00f3\u0142owych informacji na temat wydarzenia udziela<\/p>\n<p>Biuro Podkarpackiej Okr\u0119gowej Izby Architekt\u00f3w RP<br \/>\nczynne: od poniedzia\u0142ku do pi\u0105tku od godz. 9:00 do 16:00;<br \/>\ntel. 17 862 28 89.<\/p>\n<div class='w3eden'><!-- WPDM Link Template: Default Template -->\n\n<div class=\"link-template-default card mb-2\">\n    <div class=\"card-body\">\n        <div class=\"media\">\n            <div class=\"mr-3 img-48\"><img decoding=\"async\" class=\"wpdm_icon\" alt=\"Ikonka\" src=\"https:\/\/podkarpacka.iarp.pl\/wp-content\/plugins\/download-manager\/assets\/file-type-icons\/doc.svg\" \/><\/div>\n            <div class=\"media-body\">\n                <h3 class=\"package-title\"><a href='https:\/\/podkarpacka.iarp.pl\/?wpdmpro=dom-moich-marzen-2024'>Dom moich marze\u0144 2024<\/a><\/h3>\n                <div class=\"text-muted text-small\"><i class=\"fas fa-copy\"><\/i> 1 plik(i) <i class=\"fas fa-hdd ml-3\"><\/i> 44.50 KB<\/div>\n            <\/div>\n            <div class=\"ml-3\">\n                <a class='wpdm-download-link download-on-click btn btn-primary ' rel='nofollow' href='#' data-downloadurl=\"https:\/\/podkarpacka.iarp.pl\/?wpdmpro=dom-moich-marzen-2024&wpdmdl=6759&refresh=69f01b1e1ed901777343262\">Pobierz<\/a>\n            <\/div>\n        <\/div>\n    <\/div>\n<\/div>\n\n<\/div>\n<div class='w3eden'><!-- WPDM Link Template: Default Template -->\n\n<div class=\"link-template-default card mb-2\">\n    <div class=\"card-body\">\n        <div class=\"media\">\n            <div class=\"mr-3 img-48\"><img decoding=\"async\" class=\"wpdm_icon\" alt=\"Ikonka\" src=\"https:\/\/podkarpacka.iarp.pl\/wp-content\/plugins\/download-manager\/assets\/file-type-icons\/doc.svg\" \/><\/div>\n            <div class=\"media-body\">\n                <h3 class=\"package-title\"><a href='https:\/\/podkarpacka.iarp.pl\/?wpdmpro=dzien-edukacji-architektonicznej-2024'>Dzie\u0144 Edukacji Architektonicznej 2024<\/a><\/h3>\n                <div class=\"text-muted text-small\"><i class=\"fas fa-copy\"><\/i> 1 plik(i) <i class=\"fas fa-hdd ml-3\"><\/i> 55.00 KB<\/div>\n            <\/div>\n            <div class=\"ml-3\">\n                <a class='wpdm-download-link download-on-click btn btn-primary ' rel='nofollow' href='#' data-downloadurl=\"https:\/\/podkarpacka.iarp.pl\/?wpdmpro=dzien-edukacji-architektonicznej-2024&wpdmdl=6760&refresh=69f01b1e22f001777343262\">Pobierz<\/a>\n            <\/div>\n        <\/div>\n    <\/div>\n<\/div>\n\n<\/div>\n<div class='w3eden'><!-- WPDM Link Template: Default Template -->\n\n<div class=\"link-template-default card mb-2\">\n    <div class=\"card-body\">\n        <div class=\"media\">\n            <div class=\"mr-3 img-48\"><img decoding=\"async\" class=\"wpdm_icon\" alt=\"Ikonka\" src=\"https:\/\/podkarpacka.iarp.pl\/wp-content\/plugins\/download-manager\/assets\/file-type-icons\/doc.svg\" \/><\/div>\n            <div class=\"media-body\">\n                <h3 class=\"package-title\"><a href='https:\/\/podkarpacka.iarp.pl\/?wpdmpro=karta-zgloszenia-2024'>Karta zg\u0142oszenia 2024<\/a><\/h3>\n                <div class=\"text-muted text-small\"><i class=\"fas fa-copy\"><\/i> 1 plik(i) <i class=\"fas fa-hdd ml-3\"><\/i> 39.50 KB<\/div>\n            <\/div>\n            <div class=\"ml-3\">\n                <a class='wpdm-download-link download-on-click btn btn-primary ' rel='nofollow' href='#' data-downloadurl=\"https:\/\/podkarpacka.iarp.pl\/?wpdmpro=karta-zgloszenia-2024&wpdmdl=6761&refresh=69f01b1e2601f1777343262\">Pobierz<\/a>\n            <\/div>\n        <\/div>\n    <\/div>\n<\/div>\n\n<\/div>\n<div class='w3eden'><!-- WPDM Link Template: Default Template -->\n\n<div class=\"link-template-default card mb-2\">\n    <div class=\"card-body\">\n        <div class=\"media\">\n            <div class=\"mr-3 img-48\"><img decoding=\"async\" class=\"wpdm_icon\" alt=\"Ikonka\" src=\"https:\/\/podkarpacka.iarp.pl\/wp-content\/plugins\/download-manager\/assets\/file-type-icons\/doc.svg\" \/><\/div>\n            <div class=\"media-body\">\n                <h3 class=\"package-title\"><a href='https:\/\/podkarpacka.iarp.pl\/?wpdmpro=karta-zgloszenia-2024'>Karta zg\u0142oszenia 2024<\/a><\/h3>\n                <div class=\"text-muted text-small\"><i class=\"fas fa-copy\"><\/i> 1 plik(i) <i class=\"fas fa-hdd ml-3\"><\/i> 39.50 KB<\/div>\n            <\/div>\n            <div class=\"ml-3\">\n                <a class='wpdm-download-link download-on-click btn btn-primary ' rel='nofollow' href='#' data-downloadurl=\"https:\/\/podkarpacka.iarp.pl\/?wpdmpro=karta-zgloszenia-2024&wpdmdl=6761&refresh=69f01b1e283801777343262\">Pobierz<\/a>\n            <\/div>\n        <\/div>\n    <\/div>\n<\/div>\n\n<\/div>\n<div class='w3eden'><!-- WPDM Link Template: Default Template -->\n\n<div class=\"link-template-default card mb-2\">\n    <div class=\"card-body\">\n        <div class=\"media\">\n            <div class=\"mr-3 img-48\"><img decoding=\"async\" class=\"wpdm_icon\" alt=\"Ikonka\" src=\"https:\/\/podkarpacka.iarp.pl\/wp-content\/plugins\/download-manager\/assets\/file-type-icons\/doc.svg\" \/><\/div>\n            <div class=\"media-body\">\n                <h3 class=\"package-title\"><a href='https:\/\/podkarpacka.iarp.pl\/?wpdmpro=oswiadczenie-rodzicow-konkurs-dom-moich-marzen_2024-2'>O\u015bwiadczenie rodzic\u00f3w - konkurs Dom moich marze\u0144_2024<\/a><\/h3>\n                <div class=\"text-muted text-small\"><i class=\"fas fa-copy\"><\/i> 1 plik(i) <i class=\"fas fa-hdd ml-3\"><\/i> 30.50 KB<\/div>\n            <\/div>\n            <div class=\"ml-3\">\n                <a class='wpdm-download-link download-on-click btn btn-primary ' rel='nofollow' href='#' data-downloadurl=\"https:\/\/podkarpacka.iarp.pl\/?wpdmpro=oswiadczenie-rodzicow-konkurs-dom-moich-marzen_2024-2&wpdmdl=6764&refresh=69f01b1e2a80b1777343262\">Pobierz<\/a>\n            <\/div>\n        <\/div>\n    <\/div>\n<\/div>\n\n<\/div>\n<div class='w3eden'><!-- WPDM Link Template: Default Template -->\n\n<div class=\"link-template-default card mb-2\">\n    <div class=\"card-body\">\n        <div class=\"media\">\n            <div class=\"mr-3 img-48\"><img decoding=\"async\" class=\"wpdm_icon\" alt=\"Ikonka\" src=\"https:\/\/podkarpacka.iarp.pl\/wp-content\/plugins\/download-manager\/assets\/file-type-icons\/pdf.svg\" \/><\/div>\n            <div class=\"media-body\">\n                <h3 class=\"package-title\"><a href='https:\/\/podkarpacka.iarp.pl\/?wpdmpro=oswiadczenie-rodzicow-konkurs-dom-moich-marzen_2024'>Regulamin konkursu - Dzie\u0144 Edukacji Architektonicznej 2024<\/a><\/h3>\n                <div class=\"text-muted text-small\"><i class=\"fas fa-copy\"><\/i> 1 plik(i) <i class=\"fas fa-hdd ml-3\"><\/i> 126.75 KB<\/div>\n            <\/div>\n            <div class=\"ml-3\">\n                <a class='wpdm-download-link download-on-click btn btn-primary ' rel='nofollow' href='#' data-downloadurl=\"https:\/\/podkarpacka.iarp.pl\/?wpdmpro=oswiadczenie-rodzicow-konkurs-dom-moich-marzen_2024&wpdmdl=6762&refresh=69f01b1e358281777343262\">Pobierz<\/a>\n            <\/div>\n        <\/div>\n    <\/div>\n<\/div>\n\n<\/div>\n<p>&nbsp;<\/p>\n\n\t\t<style type=\"text\/css\">\n\t\t\t#gallery-1 {\n\t\t\t\tmargin: auto;\n\t\t\t}\n\t\t\t#gallery-1 .gallery-item {\n\t\t\t\tfloat: left;\n\t\t\t\tmargin-top: 10px;\n\t\t\t\ttext-align: center;\n\t\t\t\twidth: 33%;\n\t\t\t}\n\t\t\t#gallery-1 img {\n\t\t\t\tborder: 2px solid #cfcfcf;\n\t\t\t}\n\t\t\t#gallery-1 .gallery-caption {\n\t\t\t\tmargin-left: 0;\n\t\t\t}\n\t\t\t\/* see gallery_shortcode() in wp-includes\/media.php *\/\n\t\t<\/style>\n\t\t<div id='gallery-1' class='gallery galleryid-6752 gallery-columns-3 gallery-size-thumbnail'><dl class='gallery-item'>\n\t\t\t<dt class='gallery-icon landscape'>\n\t\t\t\t<a href='https:\/\/podkarpacka.iarp.pl\/?attachment_id=6754'><img loading=\"lazy\" decoding=\"async\" width=\"150\" height=\"150\" src=\"https:\/\/podkarpacka.iarp.pl\/wp-content\/uploads\/2024\/09\/Zdjecie-WhatsApp-2024-09-12-o-14.17.13_ce924617-150x150.jpg\" class=\"attachment-thumbnail size-thumbnail\" alt=\"\" \/><\/a>\n\t\t\t<\/dt><\/dl><dl class='gallery-item'>\n\t\t\t<dt class='gallery-icon landscape'>\n\t\t\t\t<a href='https:\/\/podkarpacka.iarp.pl\/?attachment_id=6753'><img loading=\"lazy\" decoding=\"async\" width=\"150\" height=\"150\" src=\"https:\/\/podkarpacka.iarp.pl\/wp-content\/uploads\/2024\/09\/Zdjecie-WhatsApp-2024-09-12-o-14.17.13_13679d01-150x150.jpg\" class=\"attachment-thumbnail size-thumbnail\" alt=\"\" srcset=\"https:\/\/podkarpacka.iarp.pl\/wp-content\/uploads\/2024\/09\/Zdjecie-WhatsApp-2024-09-12-o-14.17.13_13679d01-150x150.jpg 150w, https:\/\/podkarpacka.iarp.pl\/wp-content\/uploads\/2024\/09\/Zdjecie-WhatsApp-2024-09-12-o-14.17.13_13679d01-266x266.jpg 266w\" sizes=\"auto, (max-width: 150px) 100vw, 150px\" \/><\/a>\n\t\t\t<\/dt><\/dl><dl class='gallery-item'>\n\t\t\t<dt class='gallery-icon portrait'>\n\t\t\t\t<a href='https:\/\/podkarpacka.iarp.pl\/?attachment_id=6755'><img loading=\"lazy\" decoding=\"async\" width=\"150\" height=\"150\" src=\"https:\/\/podkarpacka.iarp.pl\/wp-content\/uploads\/2024\/09\/Zdjecie-WhatsApp-2024-09-12-o-14.17.14_11cb5c90-150x150.jpg\" class=\"attachment-thumbnail size-thumbnail\" alt=\"\" \/><\/a>\n\t\t\t<\/dt><\/dl><br style=\"clear: both\" \/><dl class='gallery-item'>\n\t\t\t<dt class='gallery-icon portrait'>\n\t\t\t\t<a href='https:\/\/podkarpacka.iarp.pl\/?attachment_id=6756'><img loading=\"lazy\" decoding=\"async\" width=\"150\" height=\"150\" src=\"https:\/\/podkarpacka.iarp.pl\/wp-content\/uploads\/2024\/09\/Zdjecie-WhatsApp-2024-09-12-o-14.17.15_94c3c7e2-150x150.jpg\" class=\"attachment-thumbnail size-thumbnail\" alt=\"\" \/><\/a>\n\t\t\t<\/dt><\/dl><dl class='gallery-item'>\n\t\t\t<dt class='gallery-icon landscape'>\n\t\t\t\t<a href='https:\/\/podkarpacka.iarp.pl\/?attachment_id=6757'><img loading=\"lazy\" decoding=\"async\" width=\"150\" height=\"150\" src=\"https:\/\/podkarpacka.iarp.pl\/wp-content\/uploads\/2024\/09\/Zdjecie-WhatsApp-2024-09-12-o-14.17.18_3fdf256e-150x150.jpg\" class=\"attachment-thumbnail size-thumbnail\" alt=\"\" \/><\/a>\n\t\t\t<\/dt><\/dl><dl class='gallery-item'>\n\t\t\t<dt class='gallery-icon portrait'>\n\t\t\t\t<a href='https:\/\/podkarpacka.iarp.pl\/?attachment_id=6758'><img loading=\"lazy\" decoding=\"async\" width=\"150\" height=\"150\" src=\"https:\/\/podkarpacka.iarp.pl\/wp-content\/uploads\/2024\/09\/Zdjecie-WhatsApp-2024-09-12-o-14.17.18_c4e52330-150x150.jpg\" class=\"attachment-thumbnail size-thumbnail\" alt=\"\" \/><\/a>\n\t\t\t<\/dt><\/dl><br style=\"clear: both\" \/>\n\t\t<\/div>\n\n<p>&nbsp;<\/p>\n","protected":false},"excerpt":{"rendered":"<p>Podkarpacka Okr\u0119gowa Rada Izby Architekt\u00f3w RP serdecznie zaprasza uczni\u00f3w klas IV szk\u00f3\u0142 podstawowych wojew\u00f3dztwa Podkarpackiego do wzi\u0119cia udzia\u0142u w XIV EDYCJI DNIA EDUKACJI ARCHITEKTONICZNEJ! W miesi\u0105cu pa\u017adzierniku, architekci, cz\u0142onkowie Podkarpackiej Okr\u0119gowej Izby Architekt\u00f3w RP lub prowadz\u0105cy zaj\u0119cia w Szko\u0142ach Podstawowych wojew\u00f3dztwa Podkarpackiego przeprowadz\u0105 prelekcje po\u015bwi\u0119cone architekturze i otaczaj\u0105cej nas przestrzeni. Uczniowie tych szk\u00f3\u0142 wezm\u0105 udzia\u0142 [&hellip;]<\/p>\n","protected":false},"author":6,"featured_media":6753,"comment_status":"closed","ping_status":"open","sticky":false,"template":"","format":"standard","meta":{"footnotes":""},"categories":[62],"tags":[],"class_list":["post-6752","post","type-post","status-publish","format-standard","has-post-thumbnail","hentry","category-konkursy"],"publishpress_future_action":{"enabled":false,"date":"2026-05-05 03:27:42","action":"change-status","newStatus":"draft","terms":[],"taxonomy":"category","extraData":[]},"publishpress_future_workflow_manual_trigger":{"enabledWorkflows":[]},"_links":{"self":[{"href":"https:\/\/podkarpacka.iarp.pl\/index.php?rest_route=\/wp\/v2\/posts\/6752","targetHints":{"allow":["GET"]}}],"collection":[{"href":"https:\/\/podkarpacka.iarp.pl\/index.php?rest_route=\/wp\/v2\/posts"}],"about":[{"href":"https:\/\/podkarpacka.iarp.pl\/index.php?rest_route=\/wp\/v2\/types\/post"}],"author":[{"embeddable":true,"href":"https:\/\/podkarpacka.iarp.pl\/index.php?rest_route=\/wp\/v2\/users\/6"}],"replies":[{"embeddable":true,"href":"https:\/\/podkarpacka.iarp.pl\/index.php?rest_route=%2Fwp%2Fv2%2Fcomments&post=6752"}],"version-history":[{"count":2,"href":"https:\/\/podkarpacka.iarp.pl\/index.php?rest_route=\/wp\/v2\/posts\/6752\/revisions"}],"predecessor-version":[{"id":6766,"href":"https:\/\/podkarpacka.iarp.pl\/index.php?rest_route=\/wp\/v2\/posts\/6752\/revisions\/6766"}],"wp:featuredmedia":[{"embeddable":true,"href":"https:\/\/podkarpacka.iarp.pl\/index.php?rest_route=\/wp\/v2\/media\/6753"}],"wp:attachment":[{"href":"https:\/\/podkarpacka.iarp.pl\/index.php?rest_route=%2Fwp%2Fv2%2Fmedia&parent=6752"}],"wp:term":[{"taxonomy":"category","embeddable":true,"href":"https:\/\/podkarpacka.iarp.pl\/index.php?rest_route=%2Fwp%2Fv2%2Fcategories&post=6752"},{"taxonomy":"post_tag","embeddable":true,"href":"https:\/\/podkarpacka.iarp.pl\/index.php?rest_route=%2Fwp%2Fv2%2Ftags&post=6752"}],"curies":[{"name":"wp","href":"https:\/\/api.w.org\/{rel}","templated":true}]}}