{"id":6768,"date":"2024-09-27T15:47:24","date_gmt":"2024-09-27T13:47:24","guid":{"rendered":"https:\/\/podkarpacka.iarp.pl\/?p=6768"},"modified":"2024-09-27T15:48:30","modified_gmt":"2024-09-27T13:48:30","slug":"fotorelacja-z-konferencji-pt-architekt-rynek-biznes-ludzie-placa-za-to-co-rozumieja-i-konwentu-przewodniczacych-oia-rp-w-gdansku","status":"publish","type":"post","link":"https:\/\/podkarpacka.iarp.pl\/?p=6768","title":{"rendered":"Fotorelacja z konferencji pt. \u201eArchitekt, rynek, biznes. Ludzie p\u0142ac\u0105 za to, co rozumiej\u0105\u201d i Konwentu przewodnicz\u0105cych OIA RP w Gda\u0144sku."},"content":{"rendered":"<p>W dniu 20 wrze\u015bnia 2024 roku, w Europejskim Centrum Solidarno\u015bci w Gda\u0144sku odby\u0142a si\u0119 konferencja pt. \u201eArchitekt, rynek, biznes. Ludzie p\u0142ac\u0105 za to, co rozumiej\u0105.\u201d zorganizowan\u0105 przez Pomorsk\u0105 Okr\u0119gow\u0105 Izb\u0119 Architekt\u00f3w RP.<\/p>\n<p>Europejskie Centrum Solidarno\u015bci, architektura \u015bwiatowej klasy, stanowi\u0142o znakomit\u0105, architektoniczn\u0105 opraw\u0105 wydarzenia oraz sk\u0142ania\u0142o do refleksji odwo\u0142uj\u0105c si\u0119 do historii Solidarno\u015bci.<\/p>\n<p>Konferencja trwa\u0142a ca\u0142y dzie\u0144 i podzielona by\u0142a na panele dyskusyjne poprzedzone prelekcj\u0105, eksperta prowadz\u0105cego nast\u0119pnie dany panel dyskusyjny. Zaproszeni go\u015bcie reprezentowali r\u00f3\u017cne \u015brodowiska zawodowe i r\u00f3\u017cne punkty widzenia. Na scenie opr\u00f3cz architekt\u00f3w pojawili si\u0119 ekspertki i eksperci ekonomi\u015bci, osoby zajmuj\u0105ce si\u0119 finansami, ksi\u0119gowo\u015bci\u0105, zarz\u0105dzaniem, komunikacj\u0105 i kreowaniem marki oraz przedstawiciele \u015brodowisk lekarzy i adwokat\u00f3w.<\/p>\n<p>Na konferencji Podkarpack\u0105 Okr\u0119gow\u0105 Izb\u0119 Architekt\u00f3w RP reprezentowa\u0142y kole\u017canki: przewodnicz\u0105ca Renata \u015awi\u0119ci\u0144ska oraz cz\u0142onkinie Rady PKOIA RP Iwona B\u0105k i Joanna Matraszek.<\/p>\n<p>Podczas konferencji, w panelu na temat \u201eRynku architekta\u201d w 15 minutowej formule TEDx, wyst\u0105pi\u0142a przewodnicz\u0105ca PKOIA RP kol. Renata \u015awieci\u0144ska. Z dystansem i lekkim \u201eprzymru\u017ceniem oka\u201d przedstawi\u0142a, jak kszta\u0142tuje si\u0119 architektoniczny rynek zlece\u0144 na przestrzeni ostatnich lat i jaka ilo\u015b\u0107 zlecanych projekt\u00f3w trafia do os\u00f3b nieb\u0119d\u0105cych architektami lub opracowuj\u0105cych projekty \u201ena skal\u0119 masow\u0105\u201d. Wyst\u0105pienie wywo\u0142a\u0142o, \u015bmiech, zdziwienie, trzykrotnie zebra\u0142o owacje, zmierza\u0142o do tego aby\u015bmy jako architekci byli solidarni i wzajemnie si\u0119 wspierali.<\/p>\n<p>Pomorska Okr\u0119gowa Izba Architekt\u00f3w RP zorganizowa\u0142a bardzo warto\u015bciowe i ciekawe wydarzenie, uczestnicy konferencji, wychodzili z niej zmotywowani, \u201ena\u0142adowani\u201d pomys\u0142ami i pozytywnym nastawieniem.<\/p>\n<p>Podczas Konwentu przewodnicz\u0105cych Izb Okr\u0119gowych Architekt\u00f3w RP, kt\u00f3ry odby\u0142 si\u0119 kolejnego dnia, po konferencji zosta\u0142y podj\u0119te decyzje zwi\u0105zane z prac\u0105 w celu podj\u0119cia niezb\u0119dnych krok\u00f3w, nad wizerunkiem architekta jako grupy zawodowej.<\/p>\n<p>Serdecznie dzi\u0119kujemy Pomorskiej Okr\u0119gowej Izbie Architekt\u00f3w RP \u00a0za zorganizowanie konferencji!<\/p>\n\n\t\t<style type=\"text\/css\">\n\t\t\t#gallery-1 {\n\t\t\t\tmargin: auto;\n\t\t\t}\n\t\t\t#gallery-1 .gallery-item {\n\t\t\t\tfloat: left;\n\t\t\t\tmargin-top: 10px;\n\t\t\t\ttext-align: center;\n\t\t\t\twidth: 25%;\n\t\t\t}\n\t\t\t#gallery-1 img {\n\t\t\t\tborder: 2px solid #cfcfcf;\n\t\t\t}\n\t\t\t#gallery-1 .gallery-caption {\n\t\t\t\tmargin-left: 0;\n\t\t\t}\n\t\t\t\/* see gallery_shortcode() in wp-includes\/media.php *\/\n\t\t<\/style>\n\t\t<div id='gallery-1' class='gallery galleryid-6768 gallery-columns-4 gallery-size-thumbnail'><dl class='gallery-item'>\n\t\t\t<dt class='gallery-icon portrait'>\n\t\t\t\t<a href='https:\/\/podkarpacka.iarp.pl\/?attachment_id=6770'><img loading=\"lazy\" decoding=\"async\" width=\"150\" height=\"150\" src=\"https:\/\/podkarpacka.iarp.pl\/wp-content\/uploads\/2024\/09\/Zdjecie-WhatsApp-2024-09-21-o-10.19.00_e3d32eb7-150x150.jpg\" class=\"attachment-thumbnail size-thumbnail\" alt=\"\" \/><\/a>\n\t\t\t<\/dt><\/dl><dl class='gallery-item'>\n\t\t\t<dt class='gallery-icon portrait'>\n\t\t\t\t<a href='https:\/\/podkarpacka.iarp.pl\/?attachment_id=6771'><img loading=\"lazy\" decoding=\"async\" width=\"150\" height=\"150\" src=\"https:\/\/podkarpacka.iarp.pl\/wp-content\/uploads\/2024\/09\/Zdjecie-WhatsApp-2024-09-21-o-10.19.01_ba485d88-150x150.jpg\" class=\"attachment-thumbnail size-thumbnail\" alt=\"\" \/><\/a>\n\t\t\t<\/dt><\/dl><dl class='gallery-item'>\n\t\t\t<dt class='gallery-icon portrait'>\n\t\t\t\t<a href='https:\/\/podkarpacka.iarp.pl\/?attachment_id=6772'><img loading=\"lazy\" decoding=\"async\" width=\"150\" height=\"150\" src=\"https:\/\/podkarpacka.iarp.pl\/wp-content\/uploads\/2024\/09\/Zdjecie-WhatsApp-2024-09-21-o-10.19.05_32da2f61-150x150.jpg\" class=\"attachment-thumbnail size-thumbnail\" alt=\"\" \/><\/a>\n\t\t\t<\/dt><\/dl><dl class='gallery-item'>\n\t\t\t<dt class='gallery-icon portrait'>\n\t\t\t\t<a href='https:\/\/podkarpacka.iarp.pl\/?attachment_id=6773'><img loading=\"lazy\" decoding=\"async\" width=\"150\" height=\"150\" src=\"https:\/\/podkarpacka.iarp.pl\/wp-content\/uploads\/2024\/09\/Zdjecie-WhatsApp-2024-09-22-o-14.31.12_2a6f1d79-150x150.jpg\" class=\"attachment-thumbnail size-thumbnail\" alt=\"\" \/><\/a>\n\t\t\t<\/dt><\/dl><br style=\"clear: both\" \/><dl class='gallery-item'>\n\t\t\t<dt class='gallery-icon portrait'>\n\t\t\t\t<a href='https:\/\/podkarpacka.iarp.pl\/?attachment_id=6774'><img loading=\"lazy\" decoding=\"async\" width=\"150\" height=\"150\" src=\"https:\/\/podkarpacka.iarp.pl\/wp-content\/uploads\/2024\/09\/Zdjecie-WhatsApp-2024-09-22-o-14.31.12_382ee477-150x150.jpg\" class=\"attachment-thumbnail size-thumbnail\" alt=\"\" \/><\/a>\n\t\t\t<\/dt><\/dl><dl class='gallery-item'>\n\t\t\t<dt class='gallery-icon portrait'>\n\t\t\t\t<a href='https:\/\/podkarpacka.iarp.pl\/?attachment_id=6775'><img loading=\"lazy\" decoding=\"async\" width=\"150\" height=\"150\" src=\"https:\/\/podkarpacka.iarp.pl\/wp-content\/uploads\/2024\/09\/Zdjecie-WhatsApp-2024-09-22-o-15.05.39_6b220350-150x150.jpg\" class=\"attachment-thumbnail size-thumbnail\" alt=\"\" \/><\/a>\n\t\t\t<\/dt><\/dl><dl class='gallery-item'>\n\t\t\t<dt class='gallery-icon portrait'>\n\t\t\t\t<a href='https:\/\/podkarpacka.iarp.pl\/?attachment_id=6776'><img loading=\"lazy\" decoding=\"async\" width=\"150\" height=\"150\" src=\"https:\/\/podkarpacka.iarp.pl\/wp-content\/uploads\/2024\/09\/Zdjecie-WhatsApp-2024-09-23-o-09.42.05_3e234cae-150x150.jpg\" class=\"attachment-thumbnail size-thumbnail\" alt=\"\" \/><\/a>\n\t\t\t<\/dt><\/dl><dl class='gallery-item'>\n\t\t\t<dt class='gallery-icon portrait'>\n\t\t\t\t<a href='https:\/\/podkarpacka.iarp.pl\/?attachment_id=6777'><img loading=\"lazy\" decoding=\"async\" width=\"150\" height=\"150\" src=\"https:\/\/podkarpacka.iarp.pl\/wp-content\/uploads\/2024\/09\/Zdjecie-WhatsApp-2024-09-23-o-09.42.05_5b0071a0-150x150.jpg\" class=\"attachment-thumbnail size-thumbnail\" alt=\"\" \/><\/a>\n\t\t\t<\/dt><\/dl><br style=\"clear: both\" \/><dl class='gallery-item'>\n\t\t\t<dt class='gallery-icon portrait'>\n\t\t\t\t<a href='https:\/\/podkarpacka.iarp.pl\/?attachment_id=6778'><img loading=\"lazy\" decoding=\"async\" width=\"150\" height=\"150\" src=\"https:\/\/podkarpacka.iarp.pl\/wp-content\/uploads\/2024\/09\/Zdjecie-WhatsApp-2024-09-23-o-09.42.05_53d65c2c-150x150.jpg\" class=\"attachment-thumbnail size-thumbnail\" alt=\"\" \/><\/a>\n\t\t\t<\/dt><\/dl><dl class='gallery-item'>\n\t\t\t<dt class='gallery-icon portrait'>\n\t\t\t\t<a href='https:\/\/podkarpacka.iarp.pl\/?attachment_id=6779'><img loading=\"lazy\" decoding=\"async\" width=\"150\" height=\"150\" src=\"https:\/\/podkarpacka.iarp.pl\/wp-content\/uploads\/2024\/09\/Zdjecie-WhatsApp-2024-09-23-o-09.42.05_61d35871-150x150.jpg\" class=\"attachment-thumbnail size-thumbnail\" alt=\"\" \/><\/a>\n\t\t\t<\/dt><\/dl><dl class='gallery-item'>\n\t\t\t<dt class='gallery-icon landscape'>\n\t\t\t\t<a href='https:\/\/podkarpacka.iarp.pl\/?attachment_id=6780'><img loading=\"lazy\" decoding=\"async\" width=\"150\" height=\"150\" src=\"https:\/\/podkarpacka.iarp.pl\/wp-content\/uploads\/2024\/09\/Zdjecie-WhatsApp-2024-09-23-o-09.42.05_443cdd38-150x150.jpg\" class=\"attachment-thumbnail size-thumbnail\" alt=\"\" \/><\/a>\n\t\t\t<\/dt><\/dl><dl class='gallery-item'>\n\t\t\t<dt class='gallery-icon portrait'>\n\t\t\t\t<a href='https:\/\/podkarpacka.iarp.pl\/?attachment_id=6781'><img loading=\"lazy\" decoding=\"async\" width=\"150\" height=\"150\" src=\"https:\/\/podkarpacka.iarp.pl\/wp-content\/uploads\/2024\/09\/Zdjecie-WhatsApp-2024-09-23-o-09.42.05_4673aa52-150x150.jpg\" class=\"attachment-thumbnail size-thumbnail\" alt=\"\" \/><\/a>\n\t\t\t<\/dt><\/dl><br style=\"clear: both\" \/><dl class='gallery-item'>\n\t\t\t<dt class='gallery-icon portrait'>\n\t\t\t\t<a href='https:\/\/podkarpacka.iarp.pl\/?attachment_id=6782'><img loading=\"lazy\" decoding=\"async\" width=\"150\" height=\"150\" src=\"https:\/\/podkarpacka.iarp.pl\/wp-content\/uploads\/2024\/09\/Zdjecie-WhatsApp-2024-09-23-o-09.42.05_375640a8-150x150.jpg\" class=\"attachment-thumbnail size-thumbnail\" alt=\"\" \/><\/a>\n\t\t\t<\/dt><\/dl><dl class='gallery-item'>\n\t\t\t<dt class='gallery-icon portrait'>\n\t\t\t\t<a href='https:\/\/podkarpacka.iarp.pl\/?attachment_id=6783'><img loading=\"lazy\" decoding=\"async\" width=\"150\" height=\"150\" src=\"https:\/\/podkarpacka.iarp.pl\/wp-content\/uploads\/2024\/09\/Zdjecie-WhatsApp-2024-09-23-o-09.42.05_0461714f-150x150.jpg\" class=\"attachment-thumbnail size-thumbnail\" alt=\"\" \/><\/a>\n\t\t\t<\/dt><\/dl><dl class='gallery-item'>\n\t\t\t<dt class='gallery-icon portrait'>\n\t\t\t\t<a href='https:\/\/podkarpacka.iarp.pl\/?attachment_id=6784'><img loading=\"lazy\" decoding=\"async\" width=\"150\" height=\"150\" src=\"https:\/\/podkarpacka.iarp.pl\/wp-content\/uploads\/2024\/09\/Zdjecie-WhatsApp-2024-09-23-o-09.42.05_746525b6-150x150.jpg\" class=\"attachment-thumbnail size-thumbnail\" alt=\"\" \/><\/a>\n\t\t\t<\/dt><\/dl><dl class='gallery-item'>\n\t\t\t<dt class='gallery-icon portrait'>\n\t\t\t\t<a href='https:\/\/podkarpacka.iarp.pl\/?attachment_id=6785'><img loading=\"lazy\" decoding=\"async\" width=\"150\" height=\"150\" src=\"https:\/\/podkarpacka.iarp.pl\/wp-content\/uploads\/2024\/09\/Zdjecie-WhatsApp-2024-09-23-o-09.42.05_aab0c40c-150x150.jpg\" class=\"attachment-thumbnail size-thumbnail\" alt=\"\" srcset=\"https:\/\/podkarpacka.iarp.pl\/wp-content\/uploads\/2024\/09\/Zdjecie-WhatsApp-2024-09-23-o-09.42.05_aab0c40c-150x150.jpg 150w, https:\/\/podkarpacka.iarp.pl\/wp-content\/uploads\/2024\/09\/Zdjecie-WhatsApp-2024-09-23-o-09.42.05_aab0c40c-266x266.jpg 266w\" sizes=\"auto, (max-width: 150px) 100vw, 150px\" \/><\/a>\n\t\t\t<\/dt><\/dl><br style=\"clear: both\" \/><dl class='gallery-item'>\n\t\t\t<dt class='gallery-icon portrait'>\n\t\t\t\t<a href='https:\/\/podkarpacka.iarp.pl\/?attachment_id=6786'><img loading=\"lazy\" decoding=\"async\" width=\"150\" height=\"150\" src=\"https:\/\/podkarpacka.iarp.pl\/wp-content\/uploads\/2024\/09\/Zdjecie-WhatsApp-2024-09-23-o-09.42.05_fe254985-150x150.jpg\" class=\"attachment-thumbnail size-thumbnail\" alt=\"\" \/><\/a>\n\t\t\t<\/dt><\/dl><dl class='gallery-item'>\n\t\t\t<dt class='gallery-icon portrait'>\n\t\t\t\t<a href='https:\/\/podkarpacka.iarp.pl\/?attachment_id=6787'><img loading=\"lazy\" decoding=\"async\" width=\"150\" height=\"150\" src=\"https:\/\/podkarpacka.iarp.pl\/wp-content\/uploads\/2024\/09\/Zdjecie-WhatsApp-2024-09-20-o-09.46.55_2f35e94e-150x150.jpg\" class=\"attachment-thumbnail size-thumbnail\" alt=\"\" \/><\/a>\n\t\t\t<\/dt><\/dl><dl class='gallery-item'>\n\t\t\t<dt class='gallery-icon portrait'>\n\t\t\t\t<a href='https:\/\/podkarpacka.iarp.pl\/?attachment_id=6788'><img loading=\"lazy\" decoding=\"async\" width=\"150\" height=\"150\" src=\"https:\/\/podkarpacka.iarp.pl\/wp-content\/uploads\/2024\/09\/Zdjecie-WhatsApp-2024-09-20-o-09.46.58_af3fe173-150x150.jpg\" class=\"attachment-thumbnail size-thumbnail\" alt=\"\" \/><\/a>\n\t\t\t<\/dt><\/dl>\n\t\t\t<br style='clear: both' \/>\n\t\t<\/div>\n\n","protected":false},"excerpt":{"rendered":"<p>W dniu 20 wrze\u015bnia 2024 roku, w Europejskim Centrum Solidarno\u015bci w Gda\u0144sku odby\u0142a si\u0119 konferencja pt. \u201eArchitekt, rynek, biznes. Ludzie p\u0142ac\u0105 za to, co rozumiej\u0105.\u201d zorganizowan\u0105 przez Pomorsk\u0105 Okr\u0119gow\u0105 Izb\u0119 Architekt\u00f3w RP. Europejskie Centrum Solidarno\u015bci, architektura \u015bwiatowej klasy, stanowi\u0142o znakomit\u0105, architektoniczn\u0105 opraw\u0105 wydarzenia oraz sk\u0142ania\u0142o do refleksji odwo\u0142uj\u0105c si\u0119 do historii Solidarno\u015bci. Konferencja trwa\u0142a ca\u0142y [&hellip;]<\/p>\n","protected":false},"author":6,"featured_media":6785,"comment_status":"closed","ping_status":"open","sticky":false,"template":"","format":"standard","meta":{"footnotes":""},"categories":[69],"tags":[],"class_list":["post-6768","post","type-post","status-publish","format-standard","has-post-thumbnail","hentry","category-aktualnosci"],"publishpress_future_action":{"enabled":false,"date":"2026-05-08 02:02:42","action":"change-status","newStatus":"draft","terms":[],"taxonomy":"category","extraData":[]},"publishpress_future_workflow_manual_trigger":{"enabledWorkflows":[]},"_links":{"self":[{"href":"https:\/\/podkarpacka.iarp.pl\/index.php?rest_route=\/wp\/v2\/posts\/6768","targetHints":{"allow":["GET"]}}],"collection":[{"href":"https:\/\/podkarpacka.iarp.pl\/index.php?rest_route=\/wp\/v2\/posts"}],"about":[{"href":"https:\/\/podkarpacka.iarp.pl\/index.php?rest_route=\/wp\/v2\/types\/post"}],"author":[{"embeddable":true,"href":"https:\/\/podkarpacka.iarp.pl\/index.php?rest_route=\/wp\/v2\/users\/6"}],"replies":[{"embeddable":true,"href":"https:\/\/podkarpacka.iarp.pl\/index.php?rest_route=%2Fwp%2Fv2%2Fcomments&post=6768"}],"version-history":[{"count":2,"href":"https:\/\/podkarpacka.iarp.pl\/index.php?rest_route=\/wp\/v2\/posts\/6768\/revisions"}],"predecessor-version":[{"id":6789,"href":"https:\/\/podkarpacka.iarp.pl\/index.php?rest_route=\/wp\/v2\/posts\/6768\/revisions\/6789"}],"wp:featuredmedia":[{"embeddable":true,"href":"https:\/\/podkarpacka.iarp.pl\/index.php?rest_route=\/wp\/v2\/media\/6785"}],"wp:attachment":[{"href":"https:\/\/podkarpacka.iarp.pl\/index.php?rest_route=%2Fwp%2Fv2%2Fmedia&parent=6768"}],"wp:term":[{"taxonomy":"category","embeddable":true,"href":"https:\/\/podkarpacka.iarp.pl\/index.php?rest_route=%2Fwp%2Fv2%2Fcategories&post=6768"},{"taxonomy":"post_tag","embeddable":true,"href":"https:\/\/podkarpacka.iarp.pl\/index.php?rest_route=%2Fwp%2Fv2%2Ftags&post=6768"}],"curies":[{"name":"wp","href":"https:\/\/api.w.org\/{rel}","templated":true}]}}