{"id":6804,"date":"2024-11-12T16:35:03","date_gmt":"2024-11-12T14:35:03","guid":{"rendered":"https:\/\/podkarpacka.iarp.pl\/?p=6804"},"modified":"2024-11-12T16:35:21","modified_gmt":"2024-11-12T14:35:21","slug":"pozegnanie-kolegi-arch-kazimierza-ferenca","status":"publish","type":"post","link":"https:\/\/podkarpacka.iarp.pl\/?p=6804","title":{"rendered":"Po\u017cegnanie kolegi arch. Kazimierza Ferenca"},"content":{"rendered":"<p>Z g\u0142\u0119bokim \u017calem i smutkiem przekazujemy informacj\u0119, \u017ce dnia 8 listopada 2024 roku, prze\u017cywszy lat 80, zmar\u0142 nasz serdeczny kol. arch. Kazimierz Ferenc &#8211; wielce zas\u0142u\u017cony dla \u015brodowiska nie tylko podkarpackich architekt\u00f3w, ale i ca\u0142ej Izby Architekt\u00f3w, jej za\u0142o\u017cyciel i pierwszy prezes Krajowej Rady Izby Architekt\u00f3w. Informacj\u0119 o uroczysto\u015bciach pogrzebowych podamy w p\u00f3\u017aniejszym terminie, gdy\u017c nie s\u0105 nam jeszcze znane. Najg\u0142\u0119bsze wyrazy wsp\u00f3\u0142czucia i kondolencje sk\u0142adamy \u017bonie, Rodzinie i Przyjacio\u0142om naszego Kazia.<\/p>\n","protected":false},"excerpt":{"rendered":"<p>Z g\u0142\u0119bokim \u017calem i smutkiem przekazujemy informacj\u0119, \u017ce dnia 8 listopada 2024 roku, prze\u017cywszy lat 80, zmar\u0142 nasz serdeczny kol. arch. Kazimierz Ferenc &#8211; wielce zas\u0142u\u017cony dla \u015brodowiska nie tylko podkarpackich architekt\u00f3w, ale i ca\u0142ej Izby Architekt\u00f3w, jej za\u0142o\u017cyciel i pierwszy prezes Krajowej Rady Izby Architekt\u00f3w. Informacj\u0119 o uroczysto\u015bciach pogrzebowych podamy w p\u00f3\u017aniejszym terminie, gdy\u017c [&hellip;]<\/p>\n","protected":false},"author":6,"featured_media":4554,"comment_status":"closed","ping_status":"open","sticky":false,"template":"","format":"standard","meta":{"footnotes":""},"categories":[56],"tags":[],"class_list":["post-6804","post","type-post","status-publish","format-standard","has-post-thumbnail","hentry","category-informacje-rady"],"publishpress_future_action":{"enabled":false,"date":"2026-05-08 02:02:41","action":"change-status","newStatus":"draft","terms":[],"taxonomy":"category","extraData":[]},"publishpress_future_workflow_manual_trigger":{"enabledWorkflows":[]},"_links":{"self":[{"href":"https:\/\/podkarpacka.iarp.pl\/index.php?rest_route=\/wp\/v2\/posts\/6804","targetHints":{"allow":["GET"]}}],"collection":[{"href":"https:\/\/podkarpacka.iarp.pl\/index.php?rest_route=\/wp\/v2\/posts"}],"about":[{"href":"https:\/\/podkarpacka.iarp.pl\/index.php?rest_route=\/wp\/v2\/types\/post"}],"author":[{"embeddable":true,"href":"https:\/\/podkarpacka.iarp.pl\/index.php?rest_route=\/wp\/v2\/users\/6"}],"replies":[{"embeddable":true,"href":"https:\/\/podkarpacka.iarp.pl\/index.php?rest_route=%2Fwp%2Fv2%2Fcomments&post=6804"}],"version-history":[{"count":1,"href":"https:\/\/podkarpacka.iarp.pl\/index.php?rest_route=\/wp\/v2\/posts\/6804\/revisions"}],"predecessor-version":[{"id":6805,"href":"https:\/\/podkarpacka.iarp.pl\/index.php?rest_route=\/wp\/v2\/posts\/6804\/revisions\/6805"}],"wp:featuredmedia":[{"embeddable":true,"href":"https:\/\/podkarpacka.iarp.pl\/index.php?rest_route=\/wp\/v2\/media\/4554"}],"wp:attachment":[{"href":"https:\/\/podkarpacka.iarp.pl\/index.php?rest_route=%2Fwp%2Fv2%2Fmedia&parent=6804"}],"wp:term":[{"taxonomy":"category","embeddable":true,"href":"https:\/\/podkarpacka.iarp.pl\/index.php?rest_route=%2Fwp%2Fv2%2Fcategories&post=6804"},{"taxonomy":"post_tag","embeddable":true,"href":"https:\/\/podkarpacka.iarp.pl\/index.php?rest_route=%2Fwp%2Fv2%2Ftags&post=6804"}],"curies":[{"name":"wp","href":"https:\/\/api.w.org\/{rel}","templated":true}]}}