{"id":6806,"date":"2024-11-12T16:36:44","date_gmt":"2024-11-12T14:36:44","guid":{"rendered":"https:\/\/podkarpacka.iarp.pl\/?p=6806"},"modified":"2024-11-12T16:36:44","modified_gmt":"2024-11-12T14:36:44","slug":"uroczystosci-pogrzebowe-kolegi-architekta-kazimierza-ferenca","status":"publish","type":"post","link":"https:\/\/podkarpacka.iarp.pl\/?p=6806","title":{"rendered":"Uroczysto\u015bci pogrzebowe kolegi architekta Kazimierza Ferenca"},"content":{"rendered":"<p>Uroczysto\u015bci pogrzebowe kolegi architekta Kazimierza Ferenca odb\u0119d\u0105 si\u0119 dnia 13.11.2024 roku, o godzinie 13.00, w Ko\u015bciele Parafialnym w Zalesiu, w Rzeszowie.<\/p>\n<p>&nbsp;<\/p>\n<p><a href=\"https:\/\/podkarpacka.iarp.pl\/wp-content\/uploads\/2024\/11\/Zdjecie-WhatsApp-2024-11-12-o-14.09.44_42f685d7.jpg\"><img loading=\"lazy\" decoding=\"async\" class=\"aligncenter size-full wp-image-6807\" src=\"https:\/\/podkarpacka.iarp.pl\/wp-content\/uploads\/2024\/11\/Zdjecie-WhatsApp-2024-11-12-o-14.09.44_42f685d7.jpg\" alt=\"\" width=\"835\" height=\"665\" srcset=\"https:\/\/podkarpacka.iarp.pl\/wp-content\/uploads\/2024\/11\/Zdjecie-WhatsApp-2024-11-12-o-14.09.44_42f685d7.jpg 835w, https:\/\/podkarpacka.iarp.pl\/wp-content\/uploads\/2024\/11\/Zdjecie-WhatsApp-2024-11-12-o-14.09.44_42f685d7-300x239.jpg 300w, https:\/\/podkarpacka.iarp.pl\/wp-content\/uploads\/2024\/11\/Zdjecie-WhatsApp-2024-11-12-o-14.09.44_42f685d7-768x612.jpg 768w, https:\/\/podkarpacka.iarp.pl\/wp-content\/uploads\/2024\/11\/Zdjecie-WhatsApp-2024-11-12-o-14.09.44_42f685d7-100x80.jpg 100w\" sizes=\"auto, (max-width: 835px) 100vw, 835px\" \/><\/a><\/p>\n","protected":false},"excerpt":{"rendered":"<p>Uroczysto\u015bci pogrzebowe kolegi architekta Kazimierza Ferenca odb\u0119d\u0105 si\u0119 dnia 13.11.2024 roku, o godzinie 13.00, w Ko\u015bciele Parafialnym w Zalesiu, w Rzeszowie. &nbsp;<\/p>\n","protected":false},"author":6,"featured_media":4554,"comment_status":"closed","ping_status":"open","sticky":false,"template":"","format":"standard","meta":{"footnotes":""},"categories":[56],"tags":[],"class_list":["post-6806","post","type-post","status-publish","format-standard","has-post-thumbnail","hentry","category-informacje-rady"],"publishpress_future_action":{"enabled":false,"date":"2026-05-08 02:01:36","action":"change-status","newStatus":"draft","terms":[],"taxonomy":"category","extraData":[]},"publishpress_future_workflow_manual_trigger":{"enabledWorkflows":[]},"_links":{"self":[{"href":"https:\/\/podkarpacka.iarp.pl\/index.php?rest_route=\/wp\/v2\/posts\/6806","targetHints":{"allow":["GET"]}}],"collection":[{"href":"https:\/\/podkarpacka.iarp.pl\/index.php?rest_route=\/wp\/v2\/posts"}],"about":[{"href":"https:\/\/podkarpacka.iarp.pl\/index.php?rest_route=\/wp\/v2\/types\/post"}],"author":[{"embeddable":true,"href":"https:\/\/podkarpacka.iarp.pl\/index.php?rest_route=\/wp\/v2\/users\/6"}],"replies":[{"embeddable":true,"href":"https:\/\/podkarpacka.iarp.pl\/index.php?rest_route=%2Fwp%2Fv2%2Fcomments&post=6806"}],"version-history":[{"count":1,"href":"https:\/\/podkarpacka.iarp.pl\/index.php?rest_route=\/wp\/v2\/posts\/6806\/revisions"}],"predecessor-version":[{"id":6808,"href":"https:\/\/podkarpacka.iarp.pl\/index.php?rest_route=\/wp\/v2\/posts\/6806\/revisions\/6808"}],"wp:featuredmedia":[{"embeddable":true,"href":"https:\/\/podkarpacka.iarp.pl\/index.php?rest_route=\/wp\/v2\/media\/4554"}],"wp:attachment":[{"href":"https:\/\/podkarpacka.iarp.pl\/index.php?rest_route=%2Fwp%2Fv2%2Fmedia&parent=6806"}],"wp:term":[{"taxonomy":"category","embeddable":true,"href":"https:\/\/podkarpacka.iarp.pl\/index.php?rest_route=%2Fwp%2Fv2%2Fcategories&post=6806"},{"taxonomy":"post_tag","embeddable":true,"href":"https:\/\/podkarpacka.iarp.pl\/index.php?rest_route=%2Fwp%2Fv2%2Ftags&post=6806"}],"curies":[{"name":"wp","href":"https:\/\/api.w.org\/{rel}","templated":true}]}}