{"id":6812,"date":"2024-12-03T20:13:44","date_gmt":"2024-12-03T18:13:44","guid":{"rendered":"https:\/\/podkarpacka.iarp.pl\/?p=6812"},"modified":"2024-12-03T20:14:21","modified_gmt":"2024-12-03T18:14:21","slug":"archibal-28-02-02-03-2025-informacja","status":"publish","type":"post","link":"https:\/\/podkarpacka.iarp.pl\/?p=6812","title":{"rendered":"Archibal 28.02 \u2013 02.03.2025 \u2013 Informacja"},"content":{"rendered":"<p>W imieniu koordynatora <strong>Archibalu 2025<\/strong> pani arch. Jolanty Fedaczy\u0144skiej i wsp\u00f3\u0142organizator\u00f3w Stowarzyszenia Architekt\u00f3w Polskich Oddzia\u0142 Rzesz\u00f3w oraz Podkarpackiej Okr\u0119gowej Izby architekt\u00f3w RP przesy\u0142amy Pa\u0144stwu komunikat.<br \/>\nW tym roku nie uda\u0142o si\u0119 pozyska\u0107 wielu sponsor\u00f3w, czasy si\u0119 zmieni\u0142y, ceny posz\u0142y w g\u00f3r\u0119, a sponsorzy nie \u015bpiesz\u0105 si\u0119 z wydawaniem \u015brodk\u00f3w na nasze imprezy, bo nie widz\u0105 w tym korzy\u015bci dla firm.<\/p>\n<p>W nowej sytuacji ekonomicznej zamierzamy zmieni\u0107 formu\u0142\u0119 naszych spotka\u0144 integracyjnych na tak\u0105, kt\u00f3ra nie wymaga\u0142aby tylu \u015brodk\u00f3w, a pozwoli\u0142aby nam jeszcze zarobi\u0107, np. imprezy sportowe jak tenis,itp.<\/p>\n<p><strong>Wybrali\u015bmy zamek krzy\u017cacki w Gniewie<\/strong> , kt\u00f3rego historia zwi\u0105zana jest nie tylko z zakonem krzy\u017cackim ale i z naszym kr\u00f3lem Janem III Sobieskim oraz jego \u017con\u0105 Mari\u0105 Kazimier\u0105 d Arquien, kt\u00f3rych \u0142\u0105czy\u0142 najwi\u0119kszy romans w polskiej monarchii. Poznali si\u0119 w roku 1655, gdy Sobieski by\u0142 dziewi\u0119tnastoletnim starost\u0105 jaworowskim, a Maria Kazimiera,<br \/>\nzwana ju\u017c wtedy Marysie\u0144k\u0105, by\u0142a czternastoletni\u0105 dziewczyn\u0105, przebywaj\u0105c\u0105 na dworze kr\u00f3lowej, \u017cony Jana Kazimierza, jako jej chrze\u015bnica. Niestety kr\u00f3lowa wyda\u0142a Marysie\u0144k\u0119 za Jana \u201eSobiepana\u201d Zamoyskiego.<\/p>\n<p>W roku 1665 zmar\u0142 m\u0105\u017c Marysie\u0144ki i w tym te\u017c roku wysz\u0142a za m\u0105\u017c za Jana Sobieskiego. Znane s\u0105 listy mi\u0142osne Marysie\u0144ki i Sobieskiego, kt\u00f3re \u015bwiadcz\u0105 o ich wielkiej nami\u0119tno\u015bci. Marysie\u0144ka pomog\u0142a Sobieskiemu, wspieraj\u0105c go finansowo przed inwazj\u0105 tureck\u0105 pod Chocimiem, kt\u00f3ra mia\u0142a miejsce 11 listopada1673 roku. W tym te\u017c czasie zmar\u0142 kr\u00f3l Micha\u0142 Korybut Wi\u015bniowiecki, a Jan Sobieski dosta\u0142 szans\u0119 na otrzymanie korony.<\/p>\n<p>Marysie\u0144ka pomog\u0142a m\u0119\u017cowi zdoby\u0107 koron\u0119, prowadz\u0105c oddoln\u0105 kampani\u0119 polityczn\u0105 w\u015br\u00f3d wysoko postawionych oficjeli. Jan Sobieski zosta\u0142 mianowany kr\u00f3lem Janem III Sobieskim w dniu 21 maja 1674 roku, a Marysie\u0144ka zosta\u0142a kr\u00f3low\u0105 Mari\u0105 Kazimier\u0105.<\/p>\n<p>Jan III Sobieski zmar\u0142 w roku 1696 a Marysie\u0144ka w roku 1716. Oboje spoczywaj\u0105 w katedrze na Wawelu.<\/p>\n<p>W drugiej po\u0142owie XVII w. Jan Sobieski z Marysie\u0144k\u0105 do\u015b\u0107 cz\u0119sto przebywali na zamku Gniew. Sobieski wybudowa\u0142 tam dla niej w 1692 r. drewniany dworek, kt\u00f3ry nie dotrwa\u0142 do dzisiejszych czas\u00f3w.<\/p>\n<p>Przyjmijmy dla naszego balu karnawa\u0142owego czas przebywania na zamku Gniew hetmana Jana Sobieskiego, kt\u00f3ry by\u0142 w tym czasie starost\u0105 gniewskim, a jego \u017con\u0105 by\u0142a Marysie\u0144ka.<\/p>\n<p>Przygotujmy stroje z tej epoki albo jaki\u015b charakterystyczny element stroju. Tradycyjnie odb\u0119dzie si\u0119 konkurs na najtrafniejsz\u0105 kreacj\u0119. Przebieranki nie s\u0105 konieczne ale mile widziane.<\/p>\n<p>Opracowa\u0142a: Jolanta Fedaczy\u0144ska \u2013 koordynator wydarzenia<\/p>\n<p>&nbsp;<\/p>\n<p style=\"text-align: center;\"><a href=\"https:\/\/rzeszow.sarp.org.pl\/index.php\/2024\/11\/29\/archibal-2025-informacje\/?fbclid=IwY2xjawG7l9pleHRuA2FlbQIxMQABHU5Qomql6QV6hVegEH5yOkIGJB6I6uXtWCyDHfTGE-l6ZjuZN9usyZtwkw_aem_VehQjJpuegpjYqmQ6d8d2g\" target=\"_blank\" rel=\"noopener\"><strong>Link do rejestracji<\/strong><\/a><\/p>\n","protected":false},"excerpt":{"rendered":"<p>W imieniu koordynatora Archibalu 2025 pani arch. Jolanty Fedaczy\u0144skiej i wsp\u00f3\u0142organizator\u00f3w Stowarzyszenia Architekt\u00f3w Polskich Oddzia\u0142 Rzesz\u00f3w oraz Podkarpackiej Okr\u0119gowej Izby architekt\u00f3w RP przesy\u0142amy Pa\u0144stwu komunikat. W tym roku nie uda\u0142o si\u0119 pozyska\u0107 wielu sponsor\u00f3w, czasy si\u0119 zmieni\u0142y, ceny posz\u0142y w g\u00f3r\u0119, a sponsorzy nie \u015bpiesz\u0105 si\u0119 z wydawaniem \u015brodk\u00f3w na nasze imprezy, bo nie widz\u0105 [&hellip;]<\/p>\n","protected":false},"author":6,"featured_media":6813,"comment_status":"closed","ping_status":"open","sticky":false,"template":"","format":"standard","meta":{"footnotes":""},"categories":[55],"tags":[],"class_list":["post-6812","post","type-post","status-publish","format-standard","has-post-thumbnail","hentry","category-wydarzenia"],"publishpress_future_action":{"enabled":false,"date":"2026-05-05 15:31:37","action":"change-status","newStatus":"draft","terms":[],"taxonomy":"category","extraData":[]},"publishpress_future_workflow_manual_trigger":{"enabledWorkflows":[]},"_links":{"self":[{"href":"https:\/\/podkarpacka.iarp.pl\/index.php?rest_route=\/wp\/v2\/posts\/6812","targetHints":{"allow":["GET"]}}],"collection":[{"href":"https:\/\/podkarpacka.iarp.pl\/index.php?rest_route=\/wp\/v2\/posts"}],"about":[{"href":"https:\/\/podkarpacka.iarp.pl\/index.php?rest_route=\/wp\/v2\/types\/post"}],"author":[{"embeddable":true,"href":"https:\/\/podkarpacka.iarp.pl\/index.php?rest_route=\/wp\/v2\/users\/6"}],"replies":[{"embeddable":true,"href":"https:\/\/podkarpacka.iarp.pl\/index.php?rest_route=%2Fwp%2Fv2%2Fcomments&post=6812"}],"version-history":[{"count":5,"href":"https:\/\/podkarpacka.iarp.pl\/index.php?rest_route=\/wp\/v2\/posts\/6812\/revisions"}],"predecessor-version":[{"id":6818,"href":"https:\/\/podkarpacka.iarp.pl\/index.php?rest_route=\/wp\/v2\/posts\/6812\/revisions\/6818"}],"wp:featuredmedia":[{"embeddable":true,"href":"https:\/\/podkarpacka.iarp.pl\/index.php?rest_route=\/wp\/v2\/media\/6813"}],"wp:attachment":[{"href":"https:\/\/podkarpacka.iarp.pl\/index.php?rest_route=%2Fwp%2Fv2%2Fmedia&parent=6812"}],"wp:term":[{"taxonomy":"category","embeddable":true,"href":"https:\/\/podkarpacka.iarp.pl\/index.php?rest_route=%2Fwp%2Fv2%2Fcategories&post=6812"},{"taxonomy":"post_tag","embeddable":true,"href":"https:\/\/podkarpacka.iarp.pl\/index.php?rest_route=%2Fwp%2Fv2%2Ftags&post=6812"}],"curies":[{"name":"wp","href":"https:\/\/api.w.org\/{rel}","templated":true}]}}