{"id":6819,"date":"2024-12-10T11:12:00","date_gmt":"2024-12-10T09:12:00","guid":{"rendered":"https:\/\/podkarpacka.iarp.pl\/?p=6819"},"modified":"2024-12-10T11:12:00","modified_gmt":"2024-12-10T09:12:00","slug":"spotkanie-oplatkowe-i-wreczenie-nagrod-w-konkursie-dzieciecy-archi-christmas","status":"publish","type":"post","link":"https:\/\/podkarpacka.iarp.pl\/?p=6819","title":{"rendered":"Spotkanie op\u0142atkowe i wr\u0119czenie nagr\u00f3d w konkursie \u201eDzieci\u0119cy Archi-Christmas\u201d"},"content":{"rendered":"<p><a href=\"https:\/\/podkarpacka.iarp.pl\/wp-content\/uploads\/2024\/12\/serdecznie-zapraszamy.jpg\"><img loading=\"lazy\" decoding=\"async\" class=\"aligncenter size-full wp-image-6820\" src=\"https:\/\/podkarpacka.iarp.pl\/wp-content\/uploads\/2024\/12\/serdecznie-zapraszamy.jpg\" alt=\"\" width=\"940\" height=\"788\" srcset=\"https:\/\/podkarpacka.iarp.pl\/wp-content\/uploads\/2024\/12\/serdecznie-zapraszamy.jpg 940w, https:\/\/podkarpacka.iarp.pl\/wp-content\/uploads\/2024\/12\/serdecznie-zapraszamy-300x251.jpg 300w, https:\/\/podkarpacka.iarp.pl\/wp-content\/uploads\/2024\/12\/serdecznie-zapraszamy-768x644.jpg 768w\" sizes=\"auto, (max-width: 940px) 100vw, 940px\" \/><\/a><\/p>\n","protected":false},"excerpt":{"rendered":"","protected":false},"author":6,"featured_media":6438,"comment_status":"closed","ping_status":"open","sticky":false,"template":"","format":"standard","meta":{"footnotes":""},"categories":[62],"tags":[],"class_list":["post-6819","post","type-post","status-publish","format-standard","has-post-thumbnail","hentry","category-konkursy"],"publishpress_future_action":{"enabled":false,"date":"2026-05-08 02:02:23","action":"change-status","newStatus":"draft","terms":[],"taxonomy":"category","extraData":[]},"publishpress_future_workflow_manual_trigger":{"enabledWorkflows":[]},"_links":{"self":[{"href":"https:\/\/podkarpacka.iarp.pl\/index.php?rest_route=\/wp\/v2\/posts\/6819","targetHints":{"allow":["GET"]}}],"collection":[{"href":"https:\/\/podkarpacka.iarp.pl\/index.php?rest_route=\/wp\/v2\/posts"}],"about":[{"href":"https:\/\/podkarpacka.iarp.pl\/index.php?rest_route=\/wp\/v2\/types\/post"}],"author":[{"embeddable":true,"href":"https:\/\/podkarpacka.iarp.pl\/index.php?rest_route=\/wp\/v2\/users\/6"}],"replies":[{"embeddable":true,"href":"https:\/\/podkarpacka.iarp.pl\/index.php?rest_route=%2Fwp%2Fv2%2Fcomments&post=6819"}],"version-history":[{"count":1,"href":"https:\/\/podkarpacka.iarp.pl\/index.php?rest_route=\/wp\/v2\/posts\/6819\/revisions"}],"predecessor-version":[{"id":6821,"href":"https:\/\/podkarpacka.iarp.pl\/index.php?rest_route=\/wp\/v2\/posts\/6819\/revisions\/6821"}],"wp:featuredmedia":[{"embeddable":true,"href":"https:\/\/podkarpacka.iarp.pl\/index.php?rest_route=\/wp\/v2\/media\/6438"}],"wp:attachment":[{"href":"https:\/\/podkarpacka.iarp.pl\/index.php?rest_route=%2Fwp%2Fv2%2Fmedia&parent=6819"}],"wp:term":[{"taxonomy":"category","embeddable":true,"href":"https:\/\/podkarpacka.iarp.pl\/index.php?rest_route=%2Fwp%2Fv2%2Fcategories&post=6819"},{"taxonomy":"post_tag","embeddable":true,"href":"https:\/\/podkarpacka.iarp.pl\/index.php?rest_route=%2Fwp%2Fv2%2Ftags&post=6819"}],"curies":[{"name":"wp","href":"https:\/\/api.w.org\/{rel}","templated":true}]}}