{"id":6849,"date":"2024-12-19T20:00:43","date_gmt":"2024-12-19T18:00:43","guid":{"rendered":"https:\/\/podkarpacka.iarp.pl\/?p=6849"},"modified":"2024-12-23T14:25:45","modified_gmt":"2024-12-23T12:25:45","slug":"wyniki-konkursu-dzieciecy-archi-christmas","status":"publish","type":"post","link":"https:\/\/podkarpacka.iarp.pl\/?p=6849","title":{"rendered":"Wyniki konkursu &#8220;Dzieci\u0119cy Archi-Christmas&#8221;"},"content":{"rendered":"<p>Przedstawiamy tegorocznych zwyci\u0119zc\u00f3w konkursu dzieci\u0119ce ARCHI-Christmas:<\/p>\n<p>Nagrody przyznane przez PKOIA RP:<br \/>\n1 miejsce: Ola Podolec, 11 lat<br \/>\n2 miejsce: Weronika Wilk, 3 lata<br \/>\n3 miejsce: Klaudia Bielecka, 11 lat<br \/>\nWyr\u00f3\u017cnienie: Julia Bester, 12 lat<\/p>\n<p>Nagrody przyznane przez Sarp Rzesz\u00f3w:<br \/>\n1 miejsce: Miko\u0142aj Mat\u0142ok, 8 lat<br \/>\n2 miejsce: Ruben Ruszel, 6 lat<br \/>\n3 miejsce: Filip S\u0142api\u0144ski, 8 lat<br \/>\nWyr\u00f3\u017cnienie: Weronika Ruszel,17 lat<\/p>\n<p>Serdecznie gratulujemy! Osoby, kt\u00f3re nie odebra\u0142y nagr\u00f3d po odbi\u00f3r zapraszamy do siedziby Izby\/Sarp \u2013 Rynek 8.<\/p>\n<p>Dzi\u0119kujemy i zach\u0119camy do wzi\u0119cia udzia\u0142u w konkursie w przysz\u0142ym roku!<\/p>\n<div>\n<div class=\"gmail_signature\" dir=\"ltr\" data-smartmail=\"gmail_signature\">\n<div dir=\"ltr\">\n<div>\n<div dir=\"ltr\">\n<div>\n<div dir=\"ltr\">\n<div>\n<div dir=\"ltr\">\n\n\t\t<style type=\"text\/css\">\n\t\t\t#gallery-1 {\n\t\t\t\tmargin: auto;\n\t\t\t}\n\t\t\t#gallery-1 .gallery-item {\n\t\t\t\tfloat: left;\n\t\t\t\tmargin-top: 10px;\n\t\t\t\ttext-align: center;\n\t\t\t\twidth: 33%;\n\t\t\t}\n\t\t\t#gallery-1 img {\n\t\t\t\tborder: 2px solid #cfcfcf;\n\t\t\t}\n\t\t\t#gallery-1 .gallery-caption {\n\t\t\t\tmargin-left: 0;\n\t\t\t}\n\t\t\t\/* see gallery_shortcode() in wp-includes\/media.php *\/\n\t\t<\/style>\n\t\t<div id='gallery-1' class='gallery galleryid-6849 gallery-columns-3 gallery-size-thumbnail'><dl class='gallery-item'>\n\t\t\t<dt class='gallery-icon portrait'>\n\t\t\t\t<a href='https:\/\/podkarpacka.iarp.pl\/?attachment_id=6856'><img loading=\"lazy\" decoding=\"async\" width=\"150\" height=\"150\" src=\"https:\/\/podkarpacka.iarp.pl\/wp-content\/uploads\/2024\/12\/I-miejsce-Izba-Ola-Podolec-11-lat-150x150.jpg\" class=\"attachment-thumbnail size-thumbnail\" alt=\"\" \/><\/a>\n\t\t\t<\/dt><\/dl><dl class='gallery-item'>\n\t\t\t<dt class='gallery-icon portrait'>\n\t\t\t\t<a href='https:\/\/podkarpacka.iarp.pl\/?attachment_id=6864'><img loading=\"lazy\" decoding=\"async\" width=\"150\" height=\"150\" src=\"https:\/\/podkarpacka.iarp.pl\/wp-content\/uploads\/2024\/12\/I-miejsce-Sarp-Mikolaj-Matlok-8-lat-1-150x150.jpg\" class=\"attachment-thumbnail size-thumbnail\" alt=\"\" \/><\/a>\n\t\t\t<\/dt><\/dl><dl class='gallery-item'>\n\t\t\t<dt class='gallery-icon portrait'>\n\t\t\t\t<a href='https:\/\/podkarpacka.iarp.pl\/?attachment_id=6858'><img loading=\"lazy\" decoding=\"async\" width=\"150\" height=\"150\" src=\"https:\/\/podkarpacka.iarp.pl\/wp-content\/uploads\/2024\/12\/II-miejsce-Izba-Weronika-Wilk-3-l-150x150.jpg\" class=\"attachment-thumbnail size-thumbnail\" alt=\"\" \/><\/a>\n\t\t\t<\/dt><\/dl><br style=\"clear: both\" \/><dl class='gallery-item'>\n\t\t\t<dt class='gallery-icon portrait'>\n\t\t\t\t<a href='https:\/\/podkarpacka.iarp.pl\/?attachment_id=6859'><img loading=\"lazy\" decoding=\"async\" width=\"150\" height=\"150\" src=\"https:\/\/podkarpacka.iarp.pl\/wp-content\/uploads\/2024\/12\/II-miejsce-Sarp-Ruben-Ruszel-6-l-150x150.jpg\" class=\"attachment-thumbnail size-thumbnail\" alt=\"\" \/><\/a>\n\t\t\t<\/dt><\/dl><dl class='gallery-item'>\n\t\t\t<dt class='gallery-icon portrait'>\n\t\t\t\t<a href='https:\/\/podkarpacka.iarp.pl\/?attachment_id=6860'><img loading=\"lazy\" decoding=\"async\" width=\"150\" height=\"150\" src=\"https:\/\/podkarpacka.iarp.pl\/wp-content\/uploads\/2024\/12\/III-miejsce-Izba-Klaudia-Bielecka-11-lat-150x150.jpg\" class=\"attachment-thumbnail size-thumbnail\" alt=\"\" \/><\/a>\n\t\t\t<\/dt><\/dl><dl class='gallery-item'>\n\t\t\t<dt class='gallery-icon portrait'>\n\t\t\t\t<a href='https:\/\/podkarpacka.iarp.pl\/?attachment_id=6850'><img loading=\"lazy\" decoding=\"async\" width=\"150\" height=\"150\" src=\"https:\/\/podkarpacka.iarp.pl\/wp-content\/uploads\/2024\/12\/III-miejsce-Sarp-Filip-Slapinski-8-lat-150x150.jpg\" class=\"attachment-thumbnail size-thumbnail\" alt=\"\" \/><\/a>\n\t\t\t<\/dt><\/dl><br style=\"clear: both\" \/><dl class='gallery-item'>\n\t\t\t<dt class='gallery-icon portrait'>\n\t\t\t\t<a href='https:\/\/podkarpacka.iarp.pl\/?attachment_id=6851'><img loading=\"lazy\" decoding=\"async\" width=\"150\" height=\"150\" src=\"https:\/\/podkarpacka.iarp.pl\/wp-content\/uploads\/2024\/12\/wyroznienie-Izba-Julia-Bester-12-lat-150x150.jpg\" class=\"attachment-thumbnail size-thumbnail\" alt=\"\" \/><\/a>\n\t\t\t<\/dt><\/dl><dl class='gallery-item'>\n\t\t\t<dt class='gallery-icon portrait'>\n\t\t\t\t<a href='https:\/\/podkarpacka.iarp.pl\/?attachment_id=6852'><img loading=\"lazy\" decoding=\"async\" width=\"150\" height=\"150\" src=\"https:\/\/podkarpacka.iarp.pl\/wp-content\/uploads\/2024\/12\/wyroznienie-Sarp-Weronika-Ruszel-17-lat-150x150.jpg\" class=\"attachment-thumbnail size-thumbnail\" alt=\"\" \/><\/a>\n\t\t\t<\/dt><\/dl><dl class='gallery-item'>\n\t\t\t<dt class='gallery-icon portrait'>\n\t\t\t\t<a href='https:\/\/podkarpacka.iarp.pl\/?attachment_id=6853'><img loading=\"lazy\" decoding=\"async\" width=\"150\" height=\"150\" src=\"https:\/\/podkarpacka.iarp.pl\/wp-content\/uploads\/2024\/12\/Zdjecie-WhatsApp-2024-12-19-o-09.05.36_20f8109d-150x150.jpg\" class=\"attachment-thumbnail size-thumbnail\" alt=\"\" srcset=\"https:\/\/podkarpacka.iarp.pl\/wp-content\/uploads\/2024\/12\/Zdjecie-WhatsApp-2024-12-19-o-09.05.36_20f8109d-150x150.jpg 150w, https:\/\/podkarpacka.iarp.pl\/wp-content\/uploads\/2024\/12\/Zdjecie-WhatsApp-2024-12-19-o-09.05.36_20f8109d-266x266.jpg 266w\" sizes=\"auto, (max-width: 150px) 100vw, 150px\" \/><\/a>\n\t\t\t<\/dt><\/dl><br style=\"clear: both\" \/><dl class='gallery-item'>\n\t\t\t<dt class='gallery-icon portrait'>\n\t\t\t\t<a href='https:\/\/podkarpacka.iarp.pl\/?attachment_id=6854'><img loading=\"lazy\" decoding=\"async\" width=\"150\" height=\"150\" src=\"https:\/\/podkarpacka.iarp.pl\/wp-content\/uploads\/2024\/12\/Zdjecie-WhatsApp-2024-12-19-o-09.05.44_bf6a0e89-150x150.jpg\" class=\"attachment-thumbnail size-thumbnail\" alt=\"\" \/><\/a>\n\t\t\t<\/dt><\/dl><dl class='gallery-item'>\n\t\t\t<dt class='gallery-icon portrait'>\n\t\t\t\t<a href='https:\/\/podkarpacka.iarp.pl\/?attachment_id=6855'><img loading=\"lazy\" decoding=\"async\" width=\"150\" height=\"150\" src=\"https:\/\/podkarpacka.iarp.pl\/wp-content\/uploads\/2024\/12\/Zdjecie-WhatsApp-2024-12-19-o-09.05.45_b97ed5a9-150x150.jpg\" class=\"attachment-thumbnail size-thumbnail\" alt=\"\" \/><\/a>\n\t\t\t<\/dt><\/dl>\n\t\t\t<br style='clear: both' \/>\n\t\t<\/div>\n\n<\/div>\n<\/div>\n<\/div>\n<\/div>\n<\/div>\n<\/div>\n<\/div>\n<\/div>\n<\/div>\n","protected":false},"excerpt":{"rendered":"<p>Przedstawiamy tegorocznych zwyci\u0119zc\u00f3w konkursu dzieci\u0119ce ARCHI-Christmas: Nagrody przyznane przez PKOIA RP: 1 miejsce: Ola Podolec, 11 lat 2 miejsce: Weronika Wilk, 3 lata 3 miejsce: Klaudia Bielecka, 11 lat Wyr\u00f3\u017cnienie: Julia Bester, 12 lat Nagrody przyznane przez Sarp Rzesz\u00f3w: 1 miejsce: Miko\u0142aj Mat\u0142ok, 8 lat 2 miejsce: Ruben Ruszel, 6 lat 3 miejsce: Filip S\u0142api\u0144ski, [&hellip;]<\/p>\n","protected":false},"author":6,"featured_media":6853,"comment_status":"closed","ping_status":"open","sticky":false,"template":"","format":"standard","meta":{"footnotes":""},"categories":[62],"tags":[],"class_list":["post-6849","post","type-post","status-publish","format-standard","has-post-thumbnail","hentry","category-konkursy"],"publishpress_future_action":{"enabled":false,"date":"2026-05-05 01:46:10","action":"change-status","newStatus":"draft","terms":[],"taxonomy":"category","extraData":[]},"publishpress_future_workflow_manual_trigger":{"enabledWorkflows":[]},"_links":{"self":[{"href":"https:\/\/podkarpacka.iarp.pl\/index.php?rest_route=\/wp\/v2\/posts\/6849","targetHints":{"allow":["GET"]}}],"collection":[{"href":"https:\/\/podkarpacka.iarp.pl\/index.php?rest_route=\/wp\/v2\/posts"}],"about":[{"href":"https:\/\/podkarpacka.iarp.pl\/index.php?rest_route=\/wp\/v2\/types\/post"}],"author":[{"embeddable":true,"href":"https:\/\/podkarpacka.iarp.pl\/index.php?rest_route=\/wp\/v2\/users\/6"}],"replies":[{"embeddable":true,"href":"https:\/\/podkarpacka.iarp.pl\/index.php?rest_route=%2Fwp%2Fv2%2Fcomments&post=6849"}],"version-history":[{"count":3,"href":"https:\/\/podkarpacka.iarp.pl\/index.php?rest_route=\/wp\/v2\/posts\/6849\/revisions"}],"predecessor-version":[{"id":6866,"href":"https:\/\/podkarpacka.iarp.pl\/index.php?rest_route=\/wp\/v2\/posts\/6849\/revisions\/6866"}],"wp:featuredmedia":[{"embeddable":true,"href":"https:\/\/podkarpacka.iarp.pl\/index.php?rest_route=\/wp\/v2\/media\/6853"}],"wp:attachment":[{"href":"https:\/\/podkarpacka.iarp.pl\/index.php?rest_route=%2Fwp%2Fv2%2Fmedia&parent=6849"}],"wp:term":[{"taxonomy":"category","embeddable":true,"href":"https:\/\/podkarpacka.iarp.pl\/index.php?rest_route=%2Fwp%2Fv2%2Fcategories&post=6849"},{"taxonomy":"post_tag","embeddable":true,"href":"https:\/\/podkarpacka.iarp.pl\/index.php?rest_route=%2Fwp%2Fv2%2Ftags&post=6849"}],"curies":[{"name":"wp","href":"https:\/\/api.w.org\/{rel}","templated":true}]}}