{"id":6869,"date":"2025-01-05T12:39:07","date_gmt":"2025-01-05T10:39:07","guid":{"rendered":"https:\/\/podkarpacka.iarp.pl\/?p=6869"},"modified":"2025-01-05T12:39:07","modified_gmt":"2025-01-05T10:39:07","slug":"rozstrzygniecie-konkursu-dom-moich-marzen-oraz-uroczyste-wreczenie-nagrod","status":"publish","type":"post","link":"https:\/\/podkarpacka.iarp.pl\/?p=6869","title":{"rendered":"Rozstrzygni\u0119cie konkursu &#8220;Dom Moich Marze\u0144&#8221; oraz uroczyste wr\u0119czenie nagr\u00f3d"},"content":{"rendered":"<p>Z rado\u015bci\u0105 informujemy, \u017ce rozstrzygni\u0119cie konkursu &#8220;Dom Moich Marze\u0144&#8221; oraz uroczyste wr\u0119czenie nagr\u00f3d odb\u0119dzie si\u0119 10 stycznia o 12:00 w siedzibie Izby.<\/p>\n<p>Serdecznie zapraszamy wszystkich uczestnik\u00f3w :)!<\/p>\n","protected":false},"excerpt":{"rendered":"<p>Z rado\u015bci\u0105 informujemy, \u017ce rozstrzygni\u0119cie konkursu &#8220;Dom Moich Marze\u0144&#8221; oraz uroczyste wr\u0119czenie nagr\u00f3d odb\u0119dzie si\u0119 10 stycznia o 12:00 w siedzibie Izby. Serdecznie zapraszamy wszystkich uczestnik\u00f3w :)!<\/p>\n","protected":false},"author":6,"featured_media":6501,"comment_status":"closed","ping_status":"open","sticky":false,"template":"","format":"standard","meta":{"footnotes":""},"categories":[62],"tags":[],"class_list":["post-6869","post","type-post","status-publish","format-standard","has-post-thumbnail","hentry","category-konkursy"],"publishpress_future_action":{"enabled":false,"date":"2026-05-05 01:38:14","action":"change-status","newStatus":"draft","terms":[],"taxonomy":"category","extraData":[]},"publishpress_future_workflow_manual_trigger":{"enabledWorkflows":[]},"_links":{"self":[{"href":"https:\/\/podkarpacka.iarp.pl\/index.php?rest_route=\/wp\/v2\/posts\/6869","targetHints":{"allow":["GET"]}}],"collection":[{"href":"https:\/\/podkarpacka.iarp.pl\/index.php?rest_route=\/wp\/v2\/posts"}],"about":[{"href":"https:\/\/podkarpacka.iarp.pl\/index.php?rest_route=\/wp\/v2\/types\/post"}],"author":[{"embeddable":true,"href":"https:\/\/podkarpacka.iarp.pl\/index.php?rest_route=\/wp\/v2\/users\/6"}],"replies":[{"embeddable":true,"href":"https:\/\/podkarpacka.iarp.pl\/index.php?rest_route=%2Fwp%2Fv2%2Fcomments&post=6869"}],"version-history":[{"count":1,"href":"https:\/\/podkarpacka.iarp.pl\/index.php?rest_route=\/wp\/v2\/posts\/6869\/revisions"}],"predecessor-version":[{"id":6870,"href":"https:\/\/podkarpacka.iarp.pl\/index.php?rest_route=\/wp\/v2\/posts\/6869\/revisions\/6870"}],"wp:featuredmedia":[{"embeddable":true,"href":"https:\/\/podkarpacka.iarp.pl\/index.php?rest_route=\/wp\/v2\/media\/6501"}],"wp:attachment":[{"href":"https:\/\/podkarpacka.iarp.pl\/index.php?rest_route=%2Fwp%2Fv2%2Fmedia&parent=6869"}],"wp:term":[{"taxonomy":"category","embeddable":true,"href":"https:\/\/podkarpacka.iarp.pl\/index.php?rest_route=%2Fwp%2Fv2%2Fcategories&post=6869"},{"taxonomy":"post_tag","embeddable":true,"href":"https:\/\/podkarpacka.iarp.pl\/index.php?rest_route=%2Fwp%2Fv2%2Ftags&post=6869"}],"curies":[{"name":"wp","href":"https:\/\/api.w.org\/{rel}","templated":true}]}}