{"id":6872,"date":"2025-01-11T17:43:02","date_gmt":"2025-01-11T15:43:02","guid":{"rendered":"https:\/\/podkarpacka.iarp.pl\/?p=6872"},"modified":"2025-01-11T17:43:02","modified_gmt":"2025-01-11T15:43:02","slug":"pozegnanie-kolezanki-barbary-janas-grzesiek","status":"publish","type":"post","link":"https:\/\/podkarpacka.iarp.pl\/?p=6872","title":{"rendered":"Po\u017cegnanie kole\u017canki Barbary Jana\u015b-Grzesiek"},"content":{"rendered":"<p>Z wielkim \u017calem i smutkiem zawiadamiamy, \u017ce w dniu 5 stycznia 2025 roku zmar\u0142 d\u0142ugoletni cz\u0142onek\u00a0<b>Podkarpackiej Okr\u0119gowej Izby Architekt\u00f3w RP, Pani architekt Barbara Jana\u015b-Grzesiek.<\/b><\/p>\n","protected":false},"excerpt":{"rendered":"<p>Z wielkim \u017calem i smutkiem zawiadamiamy, \u017ce w dniu 5 stycznia 2025 roku zmar\u0142 d\u0142ugoletni cz\u0142onek\u00a0Podkarpackiej Okr\u0119gowej Izby Architekt\u00f3w RP, Pani architekt Barbara Jana\u015b-Grzesiek.<\/p>\n","protected":false},"author":6,"featured_media":4554,"comment_status":"closed","ping_status":"open","sticky":false,"template":"","format":"standard","meta":{"footnotes":""},"categories":[56],"tags":[],"class_list":["post-6872","post","type-post","status-publish","format-standard","has-post-thumbnail","hentry","category-informacje-rady"],"publishpress_future_action":{"enabled":false,"date":"2026-05-08 02:02:22","action":"change-status","newStatus":"draft","terms":[],"taxonomy":"category","extraData":[]},"publishpress_future_workflow_manual_trigger":{"enabledWorkflows":[]},"_links":{"self":[{"href":"https:\/\/podkarpacka.iarp.pl\/index.php?rest_route=\/wp\/v2\/posts\/6872","targetHints":{"allow":["GET"]}}],"collection":[{"href":"https:\/\/podkarpacka.iarp.pl\/index.php?rest_route=\/wp\/v2\/posts"}],"about":[{"href":"https:\/\/podkarpacka.iarp.pl\/index.php?rest_route=\/wp\/v2\/types\/post"}],"author":[{"embeddable":true,"href":"https:\/\/podkarpacka.iarp.pl\/index.php?rest_route=\/wp\/v2\/users\/6"}],"replies":[{"embeddable":true,"href":"https:\/\/podkarpacka.iarp.pl\/index.php?rest_route=%2Fwp%2Fv2%2Fcomments&post=6872"}],"version-history":[{"count":1,"href":"https:\/\/podkarpacka.iarp.pl\/index.php?rest_route=\/wp\/v2\/posts\/6872\/revisions"}],"predecessor-version":[{"id":6873,"href":"https:\/\/podkarpacka.iarp.pl\/index.php?rest_route=\/wp\/v2\/posts\/6872\/revisions\/6873"}],"wp:featuredmedia":[{"embeddable":true,"href":"https:\/\/podkarpacka.iarp.pl\/index.php?rest_route=\/wp\/v2\/media\/4554"}],"wp:attachment":[{"href":"https:\/\/podkarpacka.iarp.pl\/index.php?rest_route=%2Fwp%2Fv2%2Fmedia&parent=6872"}],"wp:term":[{"taxonomy":"category","embeddable":true,"href":"https:\/\/podkarpacka.iarp.pl\/index.php?rest_route=%2Fwp%2Fv2%2Fcategories&post=6872"},{"taxonomy":"post_tag","embeddable":true,"href":"https:\/\/podkarpacka.iarp.pl\/index.php?rest_route=%2Fwp%2Fv2%2Ftags&post=6872"}],"curies":[{"name":"wp","href":"https:\/\/api.w.org\/{rel}","templated":true}]}}